{"id":18993,"date":"2025-11-07T00:16:46","date_gmt":"2025-11-06T23:16:46","guid":{"rendered":"https:\/\/monde25.info\/index.php\/2025\/11\/07\/fonds-marins-le-plancton-mortellement-menace-par-lexploitation-miniere\/"},"modified":"2025-11-07T00:16:46","modified_gmt":"2025-11-06T23:16:46","slug":"fonds-marins-le-plancton-mortellement-menace-par-lexploitation-miniere","status":"publish","type":"post","link":"https:\/\/monde25.info\/index.php\/2025\/11\/07\/fonds-marins-le-plancton-mortellement-menace-par-lexploitation-miniere\/","title":{"rendered":"Fonds marins\u00a0: le plancton mortellement menac\u00e9 par l&#039;exploitation mini\u00e8re"},"content":{"rendered":"<p> <br \/>\n<br \/><img loading=\"lazy\" decoding=\"async\" src=\"https:\/\/reporterre.net\/local\/cache-vignettes\/L700xH467\/57088-1418a.jpg?1762440267\" class=\"spip_logo\" width=\"700\" height=\"467\" alt=\"\" \/><\/p>\n<p>Matrice de la vie en mer, le plancton est mortellement menac\u00e9 par l&rsquo;exploitation mini\u00e8re des fonds marins. C&rsquo;est ce que r\u00e9v\u00e8le une \u00e9tude publi\u00e9e le 6\u00a0novembre dans la revue scientifique Nature Communications. <br class=\"autobr\" \/><br \/>\nEn extrayant des nodules polym\u00e9talliques des abysses, les machines excavatrices soul\u00e8vent des s\u00e9diments marins. Ces particules forment des panaches qui obstruent la mer. \u00ab<small class=\"fine d-inline\">\u00a0<\/small>L&rsquo;eau devient aussi trouble que celle charg\u00e9e de boue du fleuve Mississipi<small class=\"fine d-inline\">\u00a0<\/small>\u00bb, explique dans un communiqu\u00e9\u00a0(\u2026)<\/p>\n<p>                    <a target=\"_blank\" href=\"https:\/\/reporterre.net\/Fonds-marins-le-plancton-mortellement-menace-par-l-exploitation-miniere?utm_source=RSS&amp;utm_medium=RSS\">Lire la suite<\/a><\/p>\n<p>                    &#8211;<br \/>\n                        <a target=\"_blank\" href=\"https:\/\/reporterre.net\/Breves-20\" rel=\"directory\">En bref<\/a><\/p>\n<p>                    \/<br \/>\n                        <a target=\"_blank\" href=\"https:\/\/reporterre.net\/Mers-et-oceans\" rel=\"tag\">Oc\u00e9ans<\/a><br \/>\n<br \/><br \/>\n<br \/><a href=\"https:\/\/reporterre.net\/Fonds-marins-le-plancton-mortellement-menace-par-l-exploitation-miniere\" target=\"_blank\"\">Source link <\/a><\/p>\n","protected":false},"excerpt":{"rendered":"<p>Matrice de la vie en mer, le plancton est mortellement menac\u00e9 par l&rsquo;exploitation mini\u00e8re des fonds marins. C&rsquo;est ce que r\u00e9v\u00e8le une \u00e9tude publi\u00e9e le 6\u00a0novembre dans la revue scientifique&hellip; <\/p>\n","protected":false},"author":1,"featured_media":0,"comment_status":"open","ping_status":"open","sticky":false,"template":"","format":"standard","meta":{"footnotes":""},"categories":[1],"tags":[],"class_list":["post-18993","post","type-post","status-publish","format-standard","hentry","category-non-classe"],"_links":{"self":[{"href":"https:\/\/monde25.info\/index.php\/wp-json\/wp\/v2\/posts\/18993","targetHints":{"allow":["GET"]}}],"collection":[{"href":"https:\/\/monde25.info\/index.php\/wp-json\/wp\/v2\/posts"}],"about":[{"href":"https:\/\/monde25.info\/index.php\/wp-json\/wp\/v2\/types\/post"}],"author":[{"embeddable":true,"href":"https:\/\/monde25.info\/index.php\/wp-json\/wp\/v2\/users\/1"}],"replies":[{"embeddable":true,"href":"https:\/\/monde25.info\/index.php\/wp-json\/wp\/v2\/comments?post=18993"}],"version-history":[{"count":0,"href":"https:\/\/monde25.info\/index.php\/wp-json\/wp\/v2\/posts\/18993\/revisions"}],"wp:attachment":[{"href":"https:\/\/monde25.info\/index.php\/wp-json\/wp\/v2\/media?parent=18993"}],"wp:term":[{"taxonomy":"category","embeddable":true,"href":"https:\/\/monde25.info\/index.php\/wp-json\/wp\/v2\/categories?post=18993"},{"taxonomy":"post_tag","embeddable":true,"href":"https:\/\/monde25.info\/index.php\/wp-json\/wp\/v2\/tags?post=18993"}],"curies":[{"name":"wp","href":"https:\/\/api.w.org\/{rel}","templated":true}]}}