{"id":19002,"date":"2025-11-07T03:01:47","date_gmt":"2025-11-07T02:01:47","guid":{"rendered":"https:\/\/monde25.info\/index.php\/2025\/11\/07\/solidarite-avec-omar-alsoumi-porte-parole-durgence-palestine-et-militant-palestinien-place-en-garde-a-vue-et-perquisitionne-sur-des-accusations-dapologie-du-terrorisme\/"},"modified":"2025-11-07T03:01:47","modified_gmt":"2025-11-07T02:01:47","slug":"solidarite-avec-omar-alsoumi-porte-parole-durgence-palestine-et-militant-palestinien-place-en-garde-a-vue-et-perquisitionne-sur-des-accusations-dapologie-du-terrorisme","status":"publish","type":"post","link":"https:\/\/monde25.info\/index.php\/2025\/11\/07\/solidarite-avec-omar-alsoumi-porte-parole-durgence-palestine-et-militant-palestinien-place-en-garde-a-vue-et-perquisitionne-sur-des-accusations-dapologie-du-terrorisme\/","title":{"rendered":"Solidarit\u00e9 avec Omar Alsoumi, porte parole d&rsquo;Urgence Palestine et militant palestinien plac\u00e9 en garde a vue et perquisitionn\u00e9 sur des accusations d&rsquo;apologie du terrorisme !"},"content":{"rendered":"<p> <br \/>\n<\/p>\n<div id=\"\">\n<p>Ce matin \u00e0 6h, la police nationale a perquisitionn\u00e9 le domicile familial d\u2019Omar Alsoumi, l\u2019un des portes paroles d\u2019urgence Palestine et militant de la diaspora palestinienne. Cette perquisition violente et son arrestation qui a eu lieu au petit matin devant sa femme et ses enfants s\u2019inscrit dans une politique r\u00e9pressive plus globale du mouvement de solidarit\u00e9 avec le peuple palestinien et sa r\u00e9sistance, et d\u2019attaque des voix des r\u00e9fugi\u00e9\u2022es et palestinien\u2022nes en exil par le gouvernement fran\u00e7ais et ses alli\u00e9s imp\u00e9rialistes en Europe, en Am\u00e9rique du Nord, et les \u00e9tats r\u00e9actionnaires et normalisateurs arabes.<\/p>\n<p>Depuis plus de six mois, les avoirs d\u2019Omar Alsoumi sont gel\u00e9s par l\u2019\u00c9tat fran\u00e7ais, en r\u00e9pression \u00e0 sa lutte et celle port\u00e9e par l\u2019ensemble de ses camarades d\u2019Urgence Palestine, contre le g\u00e9nocide, le colonialisme et le nettoyage ethnique en Palestine. Cet acharnement honteux est une preuve suppl\u00e9mentaire de la participation directe de l\u2019\u00c9tat Fran\u00e7ais dans le g\u00e9nocide en cours \u00e0 Gaza et dans le projet colonial sioniste en Palestine.<\/p>\n<p>Apr\u00e8s les tentatives de dissolution d\u2019Urgence Palestine, la dissolution du Collectif Palestine Vaincra, la r\u00e9pression du mouvement \u00e9tudiant pour la Palestine, les interdictions de manifestations, rassemblement et \u00e9v\u00e9nements contre le g\u00e9nocide en cours \u00e0 Gaza, les perquisitions, mises en garde a vue et proc\u00e8s de militant\u2022es pour des accusations d\u2019apologie du terrorisme, c\u2019est aujourd\u2019hui l\u2019un des porte parole d\u2019une des plus importantes organisation de soutien \u00e0 la Palestine en France qui est aujourd\u2019hui vis\u00e9.<\/p>\n<p>Cette r\u00e9pression s\u2019ajoute \u00e0 celle en cours dans d\u2019autres pays Europ\u00e9ens dont la Belgique, o\u00f9 au moins 4 r\u00e9fugi\u00e9s palestiniens originaires de Gaza, sont actuellement d\u00e9tenus en centre ferm\u00e9 pour leur r\u00f4le dans les mobilisations contre le g\u00e9nocide et en soutien \u00e0 la r\u00e9sistance de leur peuple. Anas Siam, un autre r\u00e9fugi\u00e9 palestinien incarc\u00e9r\u00e9 avec eux a \u00e9t\u00e9 expuls\u00e9 de Belgique vers la Gr\u00e8ce le 10 octobre dernier. Le 7 octobre 2025, Mahmoud Farajallah, r\u00e9fugi\u00e9 palestinien de Gaza s\u2019est donn\u00e9 la mort dans le centre ferm\u00e9 127bis o\u00f9 il \u00e9tait d\u00e9tenu depuis 3 mois, peu de temps apr\u00e8s le martyr de sa m\u00e8re \u00e0 Gaza, qu\u2019il a appris alors qu\u2019il \u00e9tait incarc\u00e9r\u00e9. Mohammed Khatib, coordinateur europ\u00e9en de Samidoun, r\u00e9fugi\u00e9 palestinien du Liban, est lui vis\u00e9 par une proc\u00e9dure de retrait de son titre de r\u00e9fugi\u00e9 men\u00e9e par le gouvernement Belge en repr\u00e9sailles \u00e0 son activisme de longue date en soutien aux prisonnier\u2022es et \u00e0 la r\u00e9sistance palestinienne.<\/p>\n<p>En Italie, Anan Yaeesh r\u00e9fugi\u00e9 palestinien originaire de Tulkarem est incarc\u00e9r\u00e9 depuis janvier 2024, sur des accusations sionistes, et deux autres r\u00e9fugi\u00e9s palestiniens, Ali et Mansour, sont \u00e9galement poursuivis dans la m\u00eame affaire sous l\u2019article 270bis du code penal, utilis\u00e9 pour criminaliser toute forme d\u2019engagement collectif.<\/p>\n<p>Aux USA les deux militants associatifs de la Holy Land Fondation, Ghassan Elashi et Shukri Abu Baker sont incarc\u00e9r\u00e9s depuis 2008 et condamn\u00e9s \u00e0 60 ans de prison. Tarek Bazrouk, \u00e9tudiant Palestinien \u00e2g\u00e9 de 20 ans, est emprisonn\u00e9 depuis le 7 mai 2025, pour son engagement contre le g\u00e9nocide en cours \u00e0 Gaza et notamment sa participation \u00e0 des manifestations \u00e0 New-York.<\/p>\n<p>Au Royaume Uni, 24 personnes sont incarc\u00e9r\u00e9\u2022es pour des accusations en lien avec une action de sabotage men\u00e9e par Palestine Action dans une usine du fabricant d\u2019armes sioniste Elbit Systems, o\u00f9 des millions de livres sterling de d\u00e9g\u00e2ts ont \u00e9t\u00e9 caus\u00e9s sur le mat\u00e9riel pr\u00e9sent sur place. Au moins trois d\u2019entre eux\u2022elles sont actuellement en gr\u00e8ve de la faim pour protester contre plusieurs mesures r\u00e9pressives visant les prisonnier\u2022es et la d\u00e9signation de Palestine Action comme organisation terroriste par le gouvernement britannique.<\/p>\n<p>En France, Ali, un r\u00e9fugi\u00e9 palestinien originaire du camp de Balata, \u00e0 Naplouse, est incarc\u00e9r\u00e9 sur accusations sionistes depuis mai 2024. Comme pour Omar Alsoumi, la police fran\u00e7aise a pr\u00e9f\u00e9r\u00e9 mener une perquisition violente, au domicile familial d\u2019Ali, traumatisant ses enfants en bas \u00e2ge et leur maman, alors qu\u2019une simple convocation au commissariat aurait suffit.<\/p>\n<p>Nous pourrions continuer \u00e0 d\u00e9velopper la liste et ajouter les noms des nombreux r\u00e9fugi\u00e9\u2022es et palestinien\u2022nes en exil, et militant\u2022es internationalistes, qui ont \u00e9t\u00e9 vis\u00e9\u2022es par cette r\u00e9pression, en Allemagne, en France, en Belgique, aux USA, en Italie, au Royaume Uni, en Espagne, en Gr\u00e8ce, aux Pays Bas, etc.<\/p>\n<p>Devant cette r\u00e9pression brutale du mouvement de solidarit\u00e9 avec le peuple palestinien et sa r\u00e9sistance, contre le g\u00e9nocide en cours et la colonisation de toute la Palestine de la Mer au Jourdain\u00a0: solidarit\u00e9 avec Omar Alsoumi et tous\u2022tes les r\u00e9prim\u00e9\u2022es\u00a0! Soutenir la Palestine n\u2019est pas un crime\u00a0! Non \u00e0 la criminalisation des palestinien\u2022nes en exil\u00a0!<\/p>\n<\/div>\n<p><br \/>\n<br \/><a href=\"https:\/\/www.legrandsoir.info\/solidarite-avec-omar-alsoumi-porte-parole-d-urgence-palestine-et-militant-palestinien-place-en-garde-a-vue-et-perquisitionne.html\" target=\"_blank\"\">Source link <\/a><\/p>\n","protected":false},"excerpt":{"rendered":"<p>Ce matin \u00e0 6h, la police nationale a perquisitionn\u00e9 le domicile familial d\u2019Omar Alsoumi, l\u2019un des portes paroles d\u2019urgence Palestine et militant de la diaspora palestinienne. Cette perquisition violente et&hellip; <\/p>\n","protected":false},"author":1,"featured_media":19003,"comment_status":"open","ping_status":"open","sticky":false,"template":"","format":"standard","meta":{"footnotes":""},"categories":[1],"tags":[],"class_list":["post-19002","post","type-post","status-publish","format-standard","has-post-thumbnail","hentry","category-non-classe"],"_links":{"self":[{"href":"https:\/\/monde25.info\/index.php\/wp-json\/wp\/v2\/posts\/19002","targetHints":{"allow":["GET"]}}],"collection":[{"href":"https:\/\/monde25.info\/index.php\/wp-json\/wp\/v2\/posts"}],"about":[{"href":"https:\/\/monde25.info\/index.php\/wp-json\/wp\/v2\/types\/post"}],"author":[{"embeddable":true,"href":"https:\/\/monde25.info\/index.php\/wp-json\/wp\/v2\/users\/1"}],"replies":[{"embeddable":true,"href":"https:\/\/monde25.info\/index.php\/wp-json\/wp\/v2\/comments?post=19002"}],"version-history":[{"count":0,"href":"https:\/\/monde25.info\/index.php\/wp-json\/wp\/v2\/posts\/19002\/revisions"}],"wp:featuredmedia":[{"embeddable":true,"href":"https:\/\/monde25.info\/index.php\/wp-json\/wp\/v2\/media\/19003"}],"wp:attachment":[{"href":"https:\/\/monde25.info\/index.php\/wp-json\/wp\/v2\/media?parent=19002"}],"wp:term":[{"taxonomy":"category","embeddable":true,"href":"https:\/\/monde25.info\/index.php\/wp-json\/wp\/v2\/categories?post=19002"},{"taxonomy":"post_tag","embeddable":true,"href":"https:\/\/monde25.info\/index.php\/wp-json\/wp\/v2\/tags?post=19002"}],"curies":[{"name":"wp","href":"https:\/\/api.w.org\/{rel}","templated":true}]}}