{"id":19004,"date":"2025-11-07T04:07:50","date_gmt":"2025-11-07T03:07:50","guid":{"rendered":"https:\/\/monde25.info\/index.php\/2025\/11\/07\/10-ans-apres-laccord-de-paris-le-monde-est-en-surchauffe\/"},"modified":"2025-11-07T04:07:50","modified_gmt":"2025-11-07T03:07:50","slug":"10-ans-apres-laccord-de-paris-le-monde-est-en-surchauffe","status":"publish","type":"post","link":"https:\/\/monde25.info\/index.php\/2025\/11\/07\/10-ans-apres-laccord-de-paris-le-monde-est-en-surchauffe\/","title":{"rendered":"10 ans apr\u00e8s l&#039;Accord de Paris, le monde est en surchauffe"},"content":{"rendered":"<p> <br \/>\n<br \/><img loading=\"lazy\" decoding=\"async\" src=\"https:\/\/reporterre.net\/local\/cache-vignettes\/L700xH467\/afp__20251030__82jx9a4__v2__highres__topshothaitiweatherclimatehurricanemelissa-e62de.jpg?1762437687\" class=\"spip_logo\" width=\"700\" height=\"467\" alt=\"\" \/><\/p>\n<p>Les \u00e9missions de <span class=\"caps\">CO<\/span><sub>2<\/sub> s&#8217;emballent et les records de chaleur se multiplient, liste un rapport sur l&rsquo;\u00e9tat du climat plan\u00e9taire publi\u00e9 par l&rsquo;Organisation m\u00e9t\u00e9orologique mondiale, \u00e0 quelques jours de la <span class=\"caps\">COP30<\/span>. <br class=\"autobr\" \/> On pouvait difficilement imaginer bilan plus calamiteux pour c\u00e9l\u00e9brer les dix\u00a0ans de l&rsquo;Accord de Paris sur le climat. De 2015 \u00e0 2025, les onze ann\u00e9es \u00e9coul\u00e9es ont \u00e9t\u00e9 les onze plus chaudes \u00e0 l&rsquo;\u00e9chelle plan\u00e9taire depuis le d\u00e9but des mesures m\u00e9t\u00e9rologiques. Quant \u00e0 2025, de janvier \u00e0 ao\u00fbt,\u00a0(\u2026)<\/p>\n<p>                    <a target=\"_blank\" href=\"https:\/\/reporterre.net\/10-ans-apres-l-Accord-de-Paris-le-monde-est-en-surchauffe?utm_source=RSS&amp;utm_medium=RSS\">Lire la suite<\/a><\/p>\n<p>                    &#8211;<br \/>\n                        <a target=\"_blank\" href=\"https:\/\/reporterre.net\/Autres-infos\" rel=\"directory\">Info<\/a><\/p>\n<p>                    \/<br \/>\n                        <a target=\"_blank\" href=\"https:\/\/reporterre.net\/Climat-18\" rel=\"tag\">Climat <\/a><br \/>\n<br \/><br \/>\n<br \/><a href=\"https:\/\/reporterre.net\/10-ans-apres-l-Accord-de-Paris-le-monde-est-en-surchauffe\" target=\"_blank\"\">Source link <\/a><\/p>\n","protected":false},"excerpt":{"rendered":"<p>Les \u00e9missions de CO2 s&#8217;emballent et les records de chaleur se multiplient, liste un rapport sur l&rsquo;\u00e9tat du climat plan\u00e9taire publi\u00e9 par l&rsquo;Organisation m\u00e9t\u00e9orologique mondiale, \u00e0 quelques jours de la&hellip; <\/p>\n","protected":false},"author":1,"featured_media":0,"comment_status":"open","ping_status":"open","sticky":false,"template":"","format":"standard","meta":{"footnotes":""},"categories":[1],"tags":[],"class_list":["post-19004","post","type-post","status-publish","format-standard","hentry","category-non-classe"],"_links":{"self":[{"href":"https:\/\/monde25.info\/index.php\/wp-json\/wp\/v2\/posts\/19004","targetHints":{"allow":["GET"]}}],"collection":[{"href":"https:\/\/monde25.info\/index.php\/wp-json\/wp\/v2\/posts"}],"about":[{"href":"https:\/\/monde25.info\/index.php\/wp-json\/wp\/v2\/types\/post"}],"author":[{"embeddable":true,"href":"https:\/\/monde25.info\/index.php\/wp-json\/wp\/v2\/users\/1"}],"replies":[{"embeddable":true,"href":"https:\/\/monde25.info\/index.php\/wp-json\/wp\/v2\/comments?post=19004"}],"version-history":[{"count":0,"href":"https:\/\/monde25.info\/index.php\/wp-json\/wp\/v2\/posts\/19004\/revisions"}],"wp:attachment":[{"href":"https:\/\/monde25.info\/index.php\/wp-json\/wp\/v2\/media?parent=19004"}],"wp:term":[{"taxonomy":"category","embeddable":true,"href":"https:\/\/monde25.info\/index.php\/wp-json\/wp\/v2\/categories?post=19004"},{"taxonomy":"post_tag","embeddable":true,"href":"https:\/\/monde25.info\/index.php\/wp-json\/wp\/v2\/tags?post=19004"}],"curies":[{"name":"wp","href":"https:\/\/api.w.org\/{rel}","templated":true}]}}