{"id":1901,"date":"2024-12-10T14:17:44","date_gmt":"2024-12-10T13:17:44","guid":{"rendered":"https:\/\/monde25.info\/index.php\/2024\/12\/10\/comment-des-dictatures-ont-manque-detre-installees-dans-lextreme-orient-pro-us-par-thierry-meyssan\/"},"modified":"2024-12-10T14:17:44","modified_gmt":"2024-12-10T13:17:44","slug":"comment-des-dictatures-ont-manque-detre-installees-dans-lextreme-orient-pro-us-par-thierry-meyssan","status":"publish","type":"post","link":"https:\/\/monde25.info\/index.php\/2024\/12\/10\/comment-des-dictatures-ont-manque-detre-installees-dans-lextreme-orient-pro-us-par-thierry-meyssan\/","title":{"rendered":"Comment des dictatures ont manqu\u00e9 d&rsquo;\u00eatre install\u00e9es dans l&rsquo;Extr\u00eame-Orient pro-US , par Thierry Meyssan"},"content":{"rendered":"<p> <br \/>\n<\/p>\n<div>\n<p>\u00ab\u00a0<\/p>\n<div class=\"spip_document_247472 spip_document spip_documents spip_document_image spip_documents_center spip_document_center spip_document_avec_legende\" data-legende-len=\"115\" data-legende-lenx=\"xx\">\n<figure class=\"spip_doc_inner\">\n<img loading=\"lazy\" decoding=\"async\" src=\"https:\/\/www.voltairenet.org\/local\/cache-vignettes\/L629xH472\/300_-_1_3_-7f870.jpg?1733593229\" width=\"629\" height=\"472\" alt=\"\"\/><figcaption class=\"spip_doc_legende\">\n<p><strong>Les forces sp\u00e9ciales emp\u00eachent l\u2019acc\u00e8s au parlement sud-cor\u00e9en, y compris aux parlementaires, le 3 d\u00e9cembre 2024.<br \/>\n<\/strong><\/p>\n<\/figcaption><\/figure>\n<\/div>\n<p>\u00a0\u00bb<\/p>\n<div class=\"spip_document_247469 spip_document spip_documents spip_document_video spip_documents_right spip_document_right spip_document_avec_legende\" data-legende-len=\"112\" data-legende-lenx=\"xx\">\n<figure class=\"spip_doc_inner\">\n<div class=\"video-intrinsic-wrapper\" style=\"height:0;width:1080px;max-width:100%;padding-bottom:177.78%;position:relative;\">\n<div class=\"video-wrapper\" style=\"position: absolute;top:0;left:0;width:100%;height:100%;\">\n<video class=\"mejs mejs-247469\" data-id=\"91f5fe931a618c16421a2709900e4643\" data-mejsoptions=\"{\" iconsprite=\"\" true=\"\" width=\"100%\" height=\"100%\" controls=\"controls\" preload=\"none\"><source type=\"video\/mp4\" src=\"https:\/\/www.voltairenet.org\/IMG\/mp4\/_2_.mp4\"\/><img loading=\"lazy\" decoding=\"async\" src=\"https:\/\/www.voltairenet.org\/local\/cache-vignettes\/L64xH64\/mp4-d7cc4-f1e42.svg?1730782951\" width=\"64\" height=\"64\" alt=\"Impossible de lire la video\"\/><\/video>\n<\/div>\n<\/div><figcaption class=\"spip_doc_legende\">\n<p><strong>Plus de trois mois \u00e0 l\u2019avance, Kim Min-seok, r\u00e9v\u00e8le que le pr\u00e9sident de la R\u00e9publique pr\u00e9pare la loi martiale.<br \/>\n<\/strong><\/p>\n<\/figcaption><\/figure>\n<\/div>\n<p>Le 21 ao\u00fbt 2024, un parlementaire sud-cor\u00e9en, Kim Min-seok, pr\u00e9sident du Parti d\u00e9mocratique (centre gauche) annon\u00e7ait que des membres du gouvernement pr\u00e9paraient l\u2019instauration de la loi martiale. Vu que cet homme avait un parcours politique sinueux et avait \u00e9t\u00e9 condamn\u00e9 pour corruption, le public a interpr\u00e9t\u00e9 ses pr\u00e9tendues r\u00e9v\u00e9lations comme un moyen de faire le buzz. Il a donc \u00e9t\u00e9 qualifi\u00e9 de \u00ab\u00a0complotiste\u00a0\u00bb tandis que ses amis ont d\u00e9plor\u00e9 qu\u2019il soit tomb\u00e9 si bas.<\/p>\n<p>L\u2019accusation \u00e9tait en effet un peu grosse. La d\u00e9mocratie n\u2019est apparue en Cor\u00e9e du Sud qu\u2019en 1980, apr\u00e8s le massacre de Gwangju, au cours duquel des milliers de personnes furent assassin\u00e9es par la dictature durant neuf jours. Aussi \u00e9voquer une \u00ab\u00a0loi martiale\u00a0\u00bb r\u00e9veillait de terribles souvenirs.<\/p>\n<div class=\"spip_document_247468 spip_document spip_documents spip_document_video spip_documents_center spip_document_center spip_document_avec_legende\" data-legende-len=\"53\" data-legende-lenx=\"x\">\n<figure class=\"spip_doc_inner\">\n<div class=\"video-intrinsic-wrapper\" style=\"height:0;width:1920px;max-width:100%;padding-bottom:56.25%;position:relative;\">\n<div class=\"video-wrapper\" style=\"position: absolute;top:0;left:0;width:100%;height:100%;\">\n<video class=\"mejs mejs-247468\" data-id=\"fc8ba93fa6b99594ae61d3ecd05caea9\" data-mejsoptions=\"{\" iconsprite=\"\" true=\"\" width=\"100%\" height=\"100%\" controls=\"controls\" preload=\"none\"><source type=\"video\/mp4\" src=\"https:\/\/www.voltairenet.org\/IMG\/mp4\/_sbs.mp4\"\/><img loading=\"lazy\" decoding=\"async\" src=\"https:\/\/www.voltairenet.org\/local\/cache-vignettes\/L64xH64\/mp4-d7cc4-f1e42.svg?1730782951\" width=\"64\" height=\"64\" alt=\"Impossible de lire la video\"\/><\/video>\n<\/div>\n<\/div><figcaption class=\"spip_doc_legende\">\n<p><strong>Le pr\u00e9sident Yoon Suk Yeol annonce la loi martiale.<br \/>\n<\/strong><\/p>\n<\/figcaption><\/figure>\n<\/div>\n<p>Pourtant, le 3 d\u00e9cembre, vers 22 heures, tous les m\u00e9dias audio-visuels \u00e9taient pr\u00e9venus que le pr\u00e9sident de la R\u00e9publique, Yoon Suk Yeol, allait s\u2019adresser exceptionnellement \u00e0 la nation. \u00c0 22h25 toutes les cha\u00eenes de radio et de t\u00e9l\u00e9vision retransmettaient en direct son allocution. Il assurait que l\u2019opposition travaillait avec les communistes nord-cor\u00e9ens. \u00c0 la quatri\u00e8me minute, il d\u00e9clarait\u00a0: \u00ab\u00a0Chers citoyens, je proclame la loi martiale pour prot\u00e9ger la R\u00e9publique de Cor\u00e9e des menaces communistes de la Cor\u00e9e du Nord et des factions anti-\u00c9tats pro-nord sapant notre libert\u00e9 et notre ordre constitutionnel.\u00a0\u00bb<\/p>\n<p>Selon Kim Min-seok, le complot \u00e9tait ourdi par quatre militaires, anciens \u00e9l\u00e8ves de l\u2019\u00e9cole des hautes \u00e9tudes de Chungam\u00a0: le pr\u00e9sident de la R\u00e9publique, Yoon Suk Yeol\u00a0; le chef de sa garde personnelle promut en ao\u00fbt ministre de la D\u00e9fense, le g\u00e9n\u00e9ral Kim Yong-hyun\u00a0; Lee Sang-min, ministre de l\u2019Int\u00e9rieur\u00a0; et Yeo-hyung, directeur du contre-espionnage. Enfin des \u00e9l\u00e8ves de la 11e classe de l\u2019Acad\u00e9mie militaire cor\u00e9enne auraient form\u00e9 un second cercle du complot.<\/p>\n<p>La loi martiale a \u00e9t\u00e9 mise en \u0153uvre par le g\u00e9n\u00e9ral Kim Yong-hyun (ministre de la D\u00e9fense) commandant de la 38\u00b0 arm\u00e9e\u00a0; le g\u00e9n\u00e9ral Park Ann-soo (chef d\u2019\u00e9tat-major des arm\u00e9es) commandant de la 46\u00b0 arm\u00e9e\u00a0; le g\u00e9n\u00e9ral Kwak Jong-geun (responsable des Forces sp\u00e9ciales) commandant de la 47\u00b0 arm\u00e9e\u00a0; et enfin le g\u00e9n\u00e9ral Lee Jin-woo (gouverneur militaire de la capitale) commandant la 48\u00b0 arm\u00e9e. Les \u00e9l\u00e9ments des forces martiales mobilis\u00e9es ont \u00e9t\u00e9 la 707e brigade des forces sp\u00e9ciales, la 1re brigade des forces sp\u00e9ciales a\u00e9roport\u00e9es et la police militaire sous la direction des forces sp\u00e9ciales.<\/p>\n<p>Les Sud-cor\u00e9ens ont imm\u00e9diatement compris que c\u2019\u00e9tait le retour de la dictature. Ils ont pris d\u2019assaut les commerces ouverts la nuit et les boutiques en ligne pour accumuler des provisions alimentaires.<\/p>\n<p>\u00c0 23 heures, le pr\u00e9sident de l\u2019Assembl\u00e9e nationale, Woo Won-shik, convoqua les parlementaires sans attendre, d\u00e9clarant sur les r\u00e9seaux sociaux\u00a0: \u00ab\u00a0Tous les membres de l\u2019Assembl\u00e9e nationale doivent se r\u00e9unir imm\u00e9diatement dans la salle pl\u00e9ni\u00e8re.\u00a0\u00bb La constitution donne en effet \u00e0 l\u2019Assembl\u00e9e le pouvoir d\u2019abroger la loi martiale. Mais d\u00e9j\u00e0 les Forces sp\u00e9ciales avaient envahi le b\u00e2timent et ferm\u00e9 ses portes, tandis qu\u2019une interdiction g\u00e9n\u00e9rale des activit\u00e9s politiques, y compris des manifestations et des activit\u00e9s des partis politiques avait \u00e9t\u00e9 prononc\u00e9e. Simultan\u00e9ment une autre unit\u00e9 des Forces sp\u00e9ciales avait envahi les bureaux de la Commission \u00e9lectorale, saisi les t\u00e9l\u00e9phones portables du personnel et ferm\u00e9 les issues.<\/p>\n<div class=\"spip_document_247470 spip_document spip_documents spip_document_video spip_documents_right spip_document_right spip_document_avec_legende\" data-legende-len=\"371\" data-legende-lenx=\"xxxx\">\n<figure class=\"spip_doc_inner\">\n<div class=\"video-intrinsic-wrapper\" style=\"height:0;width:720px;max-width:100%;padding-bottom:177.78%;position:relative;\">\n<div class=\"video-wrapper\" style=\"position: absolute;top:0;left:0;width:100%;height:100%;\">\n<video class=\"mejs mejs-247470\" data-id=\"558e74775e024549b99df7d5aee2d1f2\" data-mejsoptions=\"{\" iconsprite=\"\" true=\"\" width=\"100%\" height=\"100%\" controls=\"controls\" preload=\"none\"><source type=\"video\/mp4\" src=\"https:\/\/www.voltairenet.org\/IMG\/mp4\/_-3.mp4\"\/><img loading=\"lazy\" decoding=\"async\" src=\"https:\/\/www.voltairenet.org\/local\/cache-vignettes\/L64xH64\/mp4-d7cc4-f1e42.svg?1730782951\" width=\"64\" height=\"64\" alt=\"Impossible de lire la video\"\/><\/video>\n<\/div>\n<\/div><figcaption class=\"spip_doc_legende\">\n<p><strong>Ma\u00eetre Lee Jae-myung, pr\u00e9sident du Parti d\u00e9mocratique et principale figure de l\u2019opposition, escalade le mur d\u2019enceinte du Parlement. Cet avocat avait \u00e9t\u00e9 victime d\u2019une grave tentative d\u2019assassinat, le 2 janvier. La vid\u00e9o de ce vieil homme malade, bravant les Forces sp\u00e9ciales pour voter l\u2019abrogation de la loi martiale, a \u00e9t\u00e9 vue 2,38 millions de fois durant la soir\u00e9e.<br \/>\n<\/strong><\/p>\n<\/figcaption><\/figure>\n<\/div>\n<p>Alors qu\u2019une foule s\u2019amassait devant le Parlement, des d\u00e9put\u00e9s escaladaient les grilles pour abroger la loi martiale. Vers 1 heure du matin, 190 d\u00e9put\u00e9s sur 300 votaient \u00e0 l\u2019unanimit\u00e9 l\u2019abrogation de la loi martiale. Les Forces sp\u00e9ciales quittaient le b\u00e2timent. Il a fallu attendre cependant 4h20 pour que le gouvernement se r\u00e9unisse nuitamment et l\u00e8ve la loi. La dictature n\u2019avait v\u00e9cu que six heures.<\/p>\n<p>Pour comprendre ce qui s\u2019est pass\u00e9 \u00e0 S\u00e9oul, il faut se souvenir que le pr\u00e9sident de la R\u00e9publique, Yoon Suk Yeol, n\u2019est pas seulement un ancien procureur qui a lutt\u00e9 contre la corruption, mais aussi un nostalgique du militarisme imp\u00e9rial nippon. Fin novembre, il n\u2019a pas soutenu son ambassadeur \u00e0 Tokyo lorsque celui-ci a c\u00e9l\u00e9br\u00e9, seul, la m\u00e9moire des esclaves cor\u00e9ens exploit\u00e9s durant la Seconde Guerre mondiale par Mitsubishi dans les mines d\u2019or et d\u2019argent de l\u2019\u00eele de Sado<span class=\"spip_note_ref\">\u00a0[<a target=\"_blank\" href=\"#nb1\" class=\"spip_note\" rel=\"appendix\" title=\"\u00ab 2522 Le gouvernement militariste nippon d\u2019Ishiba relance la pol\u00e9mique avec\u00a0(\u2026)\" id=\"nh1\">1<\/a>]<\/span>.<\/p>\n<p>Il faut alors faire le parall\u00e8le avec les \u00e9v\u00e8nements survenus en mai dernier \u00e0 Ta\u00efwan. Lors de l\u2019intronisation du nouveau pr\u00e9sident de la R\u00e9publique, Lai Ching-te, le Yuan l\u00e9gislatif (Parlement) a tent\u00e9 de modifier la Constitution afin de pr\u00e9venir chez eux ce qui vient d\u2019advenir en Cor\u00e9e du Sud. Mais les huit d\u00e9put\u00e9s du parti pr\u00e9sidentiel y ont fait obstacle en agressant physiquement leurs coll\u00e8gues, en blessant cinq.<\/p>\n<p>C\u2019est que Lai Ching-te n\u2019a pas \u00e9t\u00e9 \u00e9lu pour ses engagements en mati\u00e8re de politique \u00e9trang\u00e8re, mais pour ses conceptions \u00e9conomiques<span class=\"spip_note_ref\">\u00a0[<a target=\"_blank\" href=\"#nb2\" class=\"spip_note\" rel=\"appendix\" title=\"\u00ab 1308 Investiture du pr\u00e9sident s\u00e9paratiste Lai Ching-te \u00bb, Voltaire,\u00a0(\u2026)\" id=\"nh2\">2<\/a>]<\/span>. Lui aussi est un nostalgique de la Seconde Guerre mondiale\u00a0: alors que le Kuomintang, le parti de Tchang Ka\u00ef-chek, fait officiellement campagne pour la r\u00e9unification de la Chine, il souhaite au contraire reprendre la guerre civile. Il repr\u00e9sente l\u2019infime fraction des Ta\u00efwanais qui refusent toujours la victoire de Mao Zedong (1893-1976). Lors de son intronisation, il a d\u00e9clar\u00e9\u00a0: \u00ab\u00a0J\u2019esp\u00e8re que la Chine fera face \u00e0 la r\u00e9alit\u00e9 de l\u2019existence [de Ta\u00efwan] [et] respectera les choix du peuple de Ta\u00efwan. Face aux nombreuses menaces et tentatives d\u2019infiltration en provenance de Chine, nous devons d\u00e9montrer notre d\u00e9termination \u00e0<br class=\"autobr\"\/><br \/>\nd\u00e9fendre notre nation\u00a0\u00bb\u00a0; une position qui viole l\u2019accord sur l\u2019unit\u00e9 de la Chine<\/p>\n<p>Les services secrets ta\u00efwanais abritent toujours la tr\u00e8s secr\u00e8te \u00ab\u00a0Ligue anticommuniste mondiale\u00a0\u00bb<span class=\"spip_note_ref\">\u00a0[<a target=\"_blank\" href=\"#nb3\" class=\"spip_note\" rel=\"appendix\" title=\"\u00ab La Ligue anti-communiste mondiale, une internationale du crime \u00bb, par\u00a0(\u2026)\" id=\"nh3\">3<\/a>]<\/span>, renomm\u00e9e en 1990 \u00ab\u00a0Ligue mondiale pour la libert\u00e9 et la d\u00e9mocratie\u00a0\u00bb, cr\u00e9\u00e9e durant la Guerre froide par le g\u00e9n\u00e9ralissime Tchang Ka\u00ef-chek et le chef des nationalistes int\u00e9graux ukrainiens Iaroslav Stetsko (ancien Premier ministre nazi). Elle est aujourd\u2019hui pr\u00e9sid\u00e9e par un ancien secr\u00e9taire g\u00e9n\u00e9ral du Kuomintang, Tseng Yung-chuan, et toujours financ\u00e9e par le bureau de la S\u00e9curit\u00e9 nationale. La ligue asiatique est pr\u00e9sid\u00e9e par le diplomate Zeng Yongquan, ancien secr\u00e9taire g\u00e9n\u00e9ral du gouvernement de Ta\u00efwan.<\/p>\n<p>Nul ne sait comment ce syst\u00e8me fonctionne aujourd\u2019hui. Cependant un coin du voile a \u00e9t\u00e9 lev\u00e9 lors de l\u2019assassinat du Premier ministre japonais, Shinzo Abe, en juillet 2022. Malgr\u00e9 la tentative d\u2019\u00e9touffer le scandale, la presse japonaise laissait fuiter qu\u2019il avait \u00e9t\u00e9 tu\u00e9 par un homme ruin\u00e9 lui reprochant d\u2019avoir encaiss\u00e9 des sommes astronomiques de l\u2019\u00c9glise de l\u2019unification (dite \u00ab\u00a0secte Moon\u00a0\u00bb). Six mois plus tard, il apparaissait qu\u2019un groupe de parlementaires du Parti lib\u00e9ral d\u00e9mocrate avait encaiss\u00e9 plus d\u2019un demi-milliard de dollars de pots-de-vin<span class=\"spip_note_ref\">\u00a0[<a target=\"_blank\" href=\"#nb4\" class=\"spip_note\" rel=\"appendix\" title=\"\u00ab Gigantesque scandale de corruption syst\u00e9mique du Parti lib\u00e9ral-d\u00e9mocrate\u00a0(\u2026)\" id=\"nh4\">4<\/a>]<\/span>.<\/p>\n<p>La majorit\u00e9 des parlementaires lib\u00e9raux-d\u00e9mocrates sont issus de dynasties h\u00e9r\u00e9ditaires. Ils sont organis\u00e9s en faction et non pas autour de programmes. Ce parti avait \u00e9t\u00e9 cr\u00e9\u00e9 par les \u00c9tats-Unis au lendemain de la Seconde Guerre mondiale afin de recycler des criminels de guerre qui n\u2019avaient pas \u00e9t\u00e9 jug\u00e9s par le Tribunal de Tokyo. Il a toujours gouvern\u00e9 le Japon depuis 67 ans (\u00e0 l\u2019exception de deux courtes p\u00e9riodes n\u2019exc\u00e9dant pas au total 4 ans).<\/p>\n<p>Depuis le 1\u00b0 octobre, Shigeru Ishiba est devenu Premier ministre japonais. C\u2019est un militariste fanatique<span class=\"spip_note_ref\">\u00a0[<a target=\"_blank\" href=\"#nb5\" class=\"spip_note\" rel=\"appendix\" title=\"\u00ab 2057 Le militariste et r\u00e9visionniste Shigeru Ishiba d\u00e9sign\u00e9 Premier\u00a0(\u2026)\" id=\"nh5\">5<\/a>]<\/span>. Il a r\u00e9vis\u00e9 des ouvrages historiques traitant du sanctuaire Yasukuni o\u00f9 reposent les principaux criminels de guerre japonais. Il a concili\u00e9 l\u2019honneur de ces militaristes avec l\u2019histoire de la Chine et de la Cor\u00e9e. Il semble ne s\u2019\u00eatre jamais rendu dans ce sanctuaire controvers\u00e9. C\u2019est un <i>gunji otaku<\/i>, c\u2019est-\u00e0-dire un collectionneur de souvenirs militaires et lui-m\u00eame militariste, quoique veillant \u00e0 ne pas insulter ses interlocuteurs \u00e9trangers. Selon lui, la derni\u00e8re guerre a \u00e9t\u00e9 men\u00e9e pour la \u00ab\u00a0juste cause\u00a0\u00bb de lib\u00e9rer l\u2019Asie de la domination blanche, et la plupart des crimes de guerre signal\u00e9s en Chine, en Cor\u00e9e du Sud et en Asie du Sud-Est sont des \u00ab\u00a0complots visant \u00e0 d\u00e9nigrer le Japon\u00a0\u00bb. En outre, il a d\u00e9clar\u00e9 que le gouvernement et l\u2019arm\u00e9e de l\u2019\u00e9poque devraient \u00eatre tenus pour strictement responsables du d\u00e9clenchement d\u2019une guerre impossible \u00e0 gagner.<\/p>\n<p>Nous sommes donc face \u00e0 un retour de la faction extr\u00eame-orientale de l\u2019Axe Rome-Berlin-Tokyo.<\/p>\n<div class=\"spip_document_247473 spip_document spip_documents spip_document_image spip_documents_center spip_document_center\">\n<figure class=\"spip_doc_inner\">\n<a target=\"_blank\" href=\"https:\/\/www.voltairenet.org\/IMG\/jpg\/pourquoi-japon-allie-allemagne-nazie-1024x576.jpg\" class=\"spip_doc_lien mediabox\" type=\"image\/jpeg\"><br \/>\n<img loading=\"lazy\" decoding=\"async\" src=\"https:\/\/www.voltairenet.org\/local\/cache-vignettes\/L800xH450\/pourquoi-japon-allie-allemagne-nazie-1024x576-9389f.jpg?1733637814\" width=\"800\" height=\"450\" alt=\"\"\/><\/a><br \/>\n<\/figure>\n<\/div>\n<p>Nous n\u2019avons rien fait lorsque les nationalistes int\u00e9graux sont revenus au pouvoir en Ukraine. Nous avons aujourd\u2019hui une guerre chez eux. <br class=\"autobr\"\/><br \/>\nNous n\u2019avons rien fait lorsque les sionistes r\u00e9visionnistes sont revenus au pouvoir en Isra\u00ebl. Nous avons aujourd\u2019hui une guerre \u00e0 Gaza, en Cisjordanie, au Liban, en Syrie, en Iraq et au Y\u00e9men.<br class=\"autobr\"\/><br \/>\nR\u00e9agirons-nous au retour des militaristes japonais au pouvoir \u00e0 Ta\u00efwan, en Cor\u00e9e du Sud et au Japon\u00a0?<\/p>\n<\/div>\n<p><br \/>\n<br \/><a href=\"https:\/\/www.voltairenet.org\/article221586.html\" target=\"_blank\"\">Source link <\/a><\/p>\n","protected":false},"excerpt":{"rendered":"<p>\u00ab\u00a0 Les forces sp\u00e9ciales emp\u00eachent l\u2019acc\u00e8s au parlement sud-cor\u00e9en, y compris aux parlementaires, le 3 d\u00e9cembre 2024. \u00a0\u00bb Plus de trois mois \u00e0 l\u2019avance, Kim Min-seok, r\u00e9v\u00e8le que le pr\u00e9sident&hellip; <\/p>\n","protected":false},"author":1,"featured_media":1902,"comment_status":"open","ping_status":"open","sticky":false,"template":"","format":"standard","meta":{"footnotes":""},"categories":[1],"tags":[],"class_list":["post-1901","post","type-post","status-publish","format-standard","has-post-thumbnail","hentry","category-non-classe"],"_links":{"self":[{"href":"https:\/\/monde25.info\/index.php\/wp-json\/wp\/v2\/posts\/1901","targetHints":{"allow":["GET"]}}],"collection":[{"href":"https:\/\/monde25.info\/index.php\/wp-json\/wp\/v2\/posts"}],"about":[{"href":"https:\/\/monde25.info\/index.php\/wp-json\/wp\/v2\/types\/post"}],"author":[{"embeddable":true,"href":"https:\/\/monde25.info\/index.php\/wp-json\/wp\/v2\/users\/1"}],"replies":[{"embeddable":true,"href":"https:\/\/monde25.info\/index.php\/wp-json\/wp\/v2\/comments?post=1901"}],"version-history":[{"count":0,"href":"https:\/\/monde25.info\/index.php\/wp-json\/wp\/v2\/posts\/1901\/revisions"}],"wp:featuredmedia":[{"embeddable":true,"href":"https:\/\/monde25.info\/index.php\/wp-json\/wp\/v2\/media\/1902"}],"wp:attachment":[{"href":"https:\/\/monde25.info\/index.php\/wp-json\/wp\/v2\/media?parent=1901"}],"wp:term":[{"taxonomy":"category","embeddable":true,"href":"https:\/\/monde25.info\/index.php\/wp-json\/wp\/v2\/categories?post=1901"},{"taxonomy":"post_tag","embeddable":true,"href":"https:\/\/monde25.info\/index.php\/wp-json\/wp\/v2\/tags?post=1901"}],"curies":[{"name":"wp","href":"https:\/\/api.w.org\/{rel}","templated":true}]}}