{"id":19015,"date":"2025-11-07T09:39:01","date_gmt":"2025-11-07T08:39:01","guid":{"rendered":"https:\/\/monde25.info\/index.php\/2025\/11\/07\/le-feminisme-emancipe-le-masculinisme-tue\/"},"modified":"2025-11-07T09:39:01","modified_gmt":"2025-11-07T08:39:01","slug":"le-feminisme-emancipe-le-masculinisme-tue","status":"publish","type":"post","link":"https:\/\/monde25.info\/index.php\/2025\/11\/07\/le-feminisme-emancipe-le-masculinisme-tue\/","title":{"rendered":"Le f\u00e9minisme \u00e9mancipe, le masculinisme tue"},"content":{"rendered":"<p> <br \/>\n<\/p>\n<div>\n<h4><b>Beaucoup pensent que le masculinisme serait le \u00ab pendant \u00bb du f\u00e9minisme : si l\u2019un d\u00e9fend les femmes, l\u2019autre d\u00e9fendrait les hommes. Cette id\u00e9e s\u00e9duit par sa simplicit\u00e9, mais elle repose sur une erreur fondamentale. Le f\u00e9minisme est un mouvement d\u2019\u00e9mancipation n\u00e9 de l\u2019oppression des femmes, tandis que le masculinisme s\u2019inscrit dans une r\u00e9action d\u00e9fensive cherchant \u00e0 pr\u00e9server une domination. Derri\u00e8re l\u2019illusion d\u2019\u00e9quivalence se cache une profonde asym\u00e9trie de pouvoir, de l\u00e9gitimit\u00e9 et d\u2019objectifs.<\/b><\/h4>\n<p>Loin d\u2019\u00eatre son oppos\u00e9, le f\u00e9minisme est un mouvement qui b\u00e9n\u00e9ficie \u00e0 toute la soci\u00e9t\u00e9, y compris aux hommes. <strong>Il s\u2019appuie sur des faits, des donn\u00e9es et une analyse rigoureuse des rapports sociaux. Le masculinisme, lui, se nourrit de ressentiments, d\u2019inversions victimaires et d\u2019exp\u00e9riences individuelles mises en avant comme des g\u00e9n\u00e9ralit\u00e9s,<\/strong> sans jamais reconna\u00eetre les privil\u00e8ges masculins ni les in\u00e9galit\u00e9s persistantes \u00e0 l\u2019\u00e9chelle globale. Il est plus que temps de <strong>d\u00e9construire l\u2019id\u00e9e d\u2019une \u00e9quivalence<\/strong> entre ces deux mouvements qui n\u2019ont <b>ni les m\u00eames origines, ni les m\u00eames fondements, ni les m\u00eames <\/b><b>objectifs.<\/b><\/p>\n<h2 class=\"western\"><strong>Origines et finalit\u00e9s oppos\u00e9es<\/strong><\/h2>\n<p><strong>Le f\u00e9minisme est n\u00e9 pour corriger des injustices syst\u00e9miques ; le masculinisme, pour d\u00e9fendre des privil\u00e8ges.<\/strong> Ils ne peuvent donc en aucun cas \u00eatre consid\u00e9r\u00e9s comme \u00ab sym\u00e9triques \u00bb.<\/p>\n<p>Le f\u00e9minisme est un mouvement historique, n\u00e9 de l\u2019oppression des femmes dans une soci\u00e9t\u00e9 patriarcale. Il s\u2019attaque \u00e0 <b>des in\u00e9galit\u00e9s structurelles r\u00e9elles et document\u00e9es : discriminations socio-\u00e9conomiques, violences sexistes, exclusions juridiques<\/b>. Il n\u2019est ni le fruit d\u2019un effet de mode, ni une id\u00e9ologie abstraite, mais l\u2019h\u00e9ritier d\u2019une longue histoire de luttes men\u00e9es par les femmes contre des injustices tangibles.<\/p>\n<p>D\u00e8s le XIX\u1d49 si\u00e8cle, en Europe en Am\u00e9rique du Nord, les premi\u00e8res f\u00e9ministes revendiquaient des droits fondamentaux (disposer de leur corps, voter, acc\u00e9der \u00e0 l\u2019\u00e9ducation, disposer de ses biens sans l\u2019autorisation de son mari\u2026). Rappelons qu\u2019<b>il y a encore quelques d\u00e9cennies, les femmes avaient un statut juridique proche de celui d\u2019un enfant<\/b> : d\u00e9pendantes de leur p\u00e8re puis de leur mari, sans v\u00e9ritable \u00e9chappatoire en cas de violences domestiques.<\/p>\n<p>Au fil du temps, les combats f\u00e9ministes se sont \u00e9largis : <b>lutte contre les violences sexistes et sexuelles, conjugales, in\u00e9galit\u00e9s socio-\u00e9conomiques, sous-repr\u00e9sentation politique, acc\u00e8s aux soins<\/b>, etc. Bref, <a target=\"_blank\" href=\"https:\/\/www.oxfamfrance.org\/inegalites-et-justice-fiscale\/comprendre-et-combattre-inegalites-femmes-hommes\/\"><b>le f\u00e9minisme r\u00e9pond \u00e0 une oppression structurelle mesurable par des statistiques et des faits sociaux.<\/b><\/a><\/p>\n<p><iframe loading=\"lazy\" title=\"Tuerie de Polytechnique Montr\u00e9al : 35 ans apr\u00e8s, la haine des femmes toujours d&#039;actualit\u00e9 - En toute\" width=\"1110\" height=\"624\" src=\"https:\/\/www.youtube.com\/embed\/z3ALCj-UzTI?feature=oembed\" frameborder=\"0\" allow=\"accelerometer; autoplay; clipboard-write; encrypted-media; gyroscope; picture-in-picture; web-share\" referrerpolicy=\"strict-origin-when-cross-origin\" allowfullscreen><\/iframe><\/p>\n<p><b>Le masculinisme, lui, n\u2019a pas cette base historique, il ne repose sur aucune oppression syst\u00e9mique des hommes par les femmes<\/b>. Il appara\u00eet au XX\u1d49 si\u00e8cle, dans le sillage du <b><em>backlash<\/em>, ce retour de b\u00e2ton qui survient apr\u00e8s chaque avanc\u00e9e des droits des femmes et des minorit\u00e9s<\/b>. Il s\u2019alimente non pas d\u2019une domination subie, mais d\u2019un sentiment subjectif de perte : perte d\u2019autorit\u00e9 dans la famille, perte d\u2019exclusivit\u00e9 dans l\u2019espace public, perte d\u2019avantages symboliques. C\u2019est une<b> id\u00e9ologie d\u00e9fensive, r\u00e9actionnaire, qui cherche \u00e0 freiner ou inverser le progr\u00e8s de l\u2019\u00e9galit\u00e9<\/b>.<\/p>\n<p>Alors que <strong>le f\u00e9minisme est un projet d\u2019\u00e9mancipation et de nivellement par le haut, le masculinisme lui, n\u2019est qu\u2019une tentative de pr\u00e9server la domination.<\/strong><\/p>\n<h2 class=\"western\"><strong>Un syst\u00e8me construit par les hommes, pour les hommes<\/strong><\/h2>\n<p>Un autre point central : la question du pouvoir. Les rapports entre les sexes ne sont pas neutres ; ils s\u2019inscrivent dans <b>des structures sociales qui continuent de favoriser massivement les hommes<\/b>. Aujourd\u2019hui encore, les hommes dominent les sph\u00e8res politique et \u00e9conomique : <a target=\"_blank\" href=\"https:\/\/www.oxfamfrance.org\/rapports\/le-pouvoir-nom-masculin-lindex-de-feminisation-du-pouvoir\/\">ils repr\u00e9sentent la majorit\u00e9 des chefs d\u2019\u00c9tat, des \u00e9lus<\/a>, des PDG et des d\u00e9tenteurs de grandes fortunes. Les m\u00e9dias, la culture et m\u00eame la recherche scientifique sont encore largement fa\u00e7onn\u00e9s par<strong> un regard masculin.<\/strong><\/p>\n<div class=\"td-a-rec td-a-rec-id-content_inline  tdi_1 td_block_template_1\">\n<span class=\"td-adspot-title\">&#8211; Pour une information libre ! &#8211;<\/span><a target=\"_blank\" href=\"https:\/\/fr.tipeee.com\/mr-mondialisation\" class=\"tipeee-project-small\">Soutenir Mr Japanization sur Tipeee<\/a>\n<\/div>\n<p>Un exemple concret : <b>dans la recherche en sant\u00e9 mentale, les \u00e9tudes ont longtemps \u00e9t\u00e9 men\u00e9es par des hommes et centr\u00e9es sur des <\/b><b>sujets masculins<\/b>. R\u00e9sultat : l\u2019expression de nombreux troubles chez les femmes reste m\u00e9connue. On commence \u00e0 peine \u00e0 mieux identifier, par exemple, les sp\u00e9cificit\u00e9s de l\u2019autisme f\u00e9minin, alors que les manifestations chez les hommes sont document\u00e9es depuis longtemps. Ce biais a conduit \u00e0 <a target=\"_blank\" href=\"https:\/\/larevuedupraticien-dpc.fr\/autisme-femme\/\"><b>un sous-diagnostic massif des femmes et \u00e0 une invisibilisation de leurs exp\u00e9riences. <\/b><\/a><\/p>\n<p>Aussi, les femmes restent confront\u00e9es \u00e0 <b>une s\u00e9rie d\u2019in\u00e9galit\u00e9s persistantes<\/b> : salaires inf\u00e9rieurs, moindre acc\u00e8s aux postes \u00e0 responsabilit\u00e9, violences sexistes et sexuelles massives, surcharge de travail domestique et parental, discriminations multiples d\u00e8s l\u2019\u00e9cole ou le monde professionnel. <strong>Ces r\u00e9alit\u00e9s montrent que l\u2019\u00e9galit\u00e9 est encore loin d\u2019\u00eatre atteinte.<\/strong><\/p>\n<p>Dans ce contexte, il est absurde de parler de sym\u00e9trie. <strong>On ne peut pas mettre sur le m\u00eame plan un groupe historiquement dominant, qui continue de b\u00e9n\u00e9ficier d\u2019avantages syst\u00e9miques, et un groupe historiquement domin\u00e9, qui se bat pour obtenir les m\u00eames droits et la m\u00eame dignit\u00e9.<\/strong> Par d\u00e9finition, celui qui d\u00e9tient le pouvoir ne peut pas se pr\u00e9senter comme \u00ab opprim\u00e9 \u00bb par celui ou celle qui r\u00e9clame simplement l\u2019\u00e9galit\u00e9.<\/p>\n<p>En d\u2019autres termes, <b>tant qu\u2019il existe une relation de domination, il n\u2019y a pas deux camps \u00e9quivalents : il y a un dominant et un domin\u00e9<\/b>. Et cela suffit d\u00e9j\u00e0 en soi \u00e0 montrer que le f\u00e9minisme et le masculinisme ne sont pas comparables.<\/p>\n<p><iframe loading=\"lazy\" title=\"MASCUS : Infiltration chez les hommes qui d\u00e9testent les femmes - Documentaire complet\" width=\"1110\" height=\"624\" src=\"https:\/\/www.youtube.com\/embed\/M-9AImj1ZPc?feature=oembed\" frameborder=\"0\" allow=\"accelerometer; autoplay; clipboard-write; encrypted-media; gyroscope; picture-in-picture; web-share\" referrerpolicy=\"strict-origin-when-cross-origin\" allowfullscreen><\/iframe><\/p>\n<p>\u00a0<\/p>\n<h2 class=\"western\"><strong>Le f\u00e9minisme profite aussi aux hommes, le masculinisme non<\/strong><\/h2>\n<p>Un argument encore m\u00e9connu et peu diffus\u00e9 est que <b>le f\u00e9minisme ne se limite pas \u00e0 la d\u00e9fense des droits des femmes : il lib\u00e8re aussi les hommes des carcans impos\u00e9s par la virilit\u00e9 traditionnelle<\/b> [\u00c0 ce sujet, vous pouvez (re)lire notre article \u00ab <a target=\"_blank\" href=\"https:\/\/mrmondialisation.org\/ce-que-le-feminisme-change-aussi-pour-les-hommes\/\">Ce que le f\u00e9minisme change aussi pour les hommes<\/a>\u00a0\u00bb]. En d\u00e9non\u00e7ant les st\u00e9r\u00e9otypes de genre, le f\u00e9minisme ouvre la possibilit\u00e9 pour chacun\u00b7e de vivre autrement.<\/p>\n<p>Les hommes peuvent ainsi se d\u00e9gager de l\u2019injonction \u00e0 \u00eatre toujours forts, comp\u00e9titifs, sto\u00efques, pourvoyeurs de revenus. Ils peuvent aussi s\u2019impliquer davantage dans la parentalit\u00e9 ou exprimer leurs \u00e9motions sans \u00eatre jug\u00e9s comme \u00ab faibles \u00bb. En \u00e9largissant les libert\u00e9s, <b>le f\u00e9minisme ouvre un espace o\u00f9 hommes et femmes peuvent s\u2019\u00e9manciper.<\/b><\/p>\n<p><b>Le masculinisme, \u00e0 l\u2019inverse, d\u00e9fend une vision rigide et r\u00e9trograde des r\u00f4les de genre.<\/b> Il enferme les hommes dans la virilit\u00e9 traditionnelle et rejette les transformations qui pourraient les lib\u00e9rer. Il exalte l\u2019autorit\u00e9 masculine, le r\u00f4le de \u00ab chef de famille \u00bb, la domination sociale des hommes et la d\u00e9pendance des femmes.<\/p>\n<p>En maintenant ces normes, il contribue \u00e0 enfermer les hommes dans une identit\u00e9 virile \u00e9troite qui <b>les emp\u00eache d\u2019explorer d\u2019autres formes de masculinit\u00e9, plus libres, plus \u00e9panouissantes <\/b><b>et <\/b><i><b>in fine<\/b><\/i><b>, bien plus s\u00e9duisantes que des vieux st\u00e9r\u00e9otypes compl\u00e8tement d\u00e9pass\u00e9s<\/b>. Donc en r\u00e9alit\u00e9, le f\u00e9minisme \u00e9largit le champ des possibles pour tout le monde, tandis que le masculinisme cherche \u00e0 les restreindre.<\/p>\n<h2 class=\"western\"><strong>Le f\u00e9minisme s\u2019appuie sur des faits, le masculinisme sur des ressentis biais\u00e9s et individuels<\/strong><\/h2>\n<p>Une autre diff\u00e9rence cruciale tient aux fondements m\u00eames des deux mouvements. <b>Le f\u00e9minisme s\u2019appuie sur une base empirique solide<\/b> : statistiques, recherches sociologiques, t\u00e9moignages de masse, enqu\u00eates judiciaires et m\u00e9dicales. L\u2019\u00e9cart salarial entre hommes et femmes est mesurable ; les violences sexistes et sexuelles font l\u2019objet de chiffres accablants ; la sous-repr\u00e9sentation des femmes dans les lieux de pouvoir est visible. Autrement dit, le f\u00e9minisme se fonde sur <b>des r\u00e9alit\u00e9s sociales document\u00e9es et reconnues.<\/b><\/p>\n<p><b>Le masculinisme, lui, se construit principalement sur des ressentis, des anecdotes ou des g\u00e9n\u00e9ralisations abusives.<\/b> Les discours masculinistes invoquent par exemple la pr\u00e9tendue \u00ab toute-puissance \u00bb des m\u00e8res dans les affaires de garde d\u2019enfants, alors que <a target=\"_blank\" href=\"https:\/\/www.ouest-france.fr\/societe\/famille\/divorce\/video-divorce-pourquoi-les-meres-obtiennent-elles-si-souvent-la-garde-des-enfants-2b7acc4a-5e4c-11ec-b2cb-afc8b04d8652\">les chiffres montrent surtout que les hommes demandent moins souvent la garde exclusive<\/a>.<\/p>\n<p>Par ailleurs, <b>lorsqu\u2019ils demandent une garde altern\u00e9e, ils l\u2019obtiennent dans l\u2019immense majorit\u00e9 des cas<\/b>. Pourtant, <a target=\"_blank\" href=\"https:\/\/www.ouest-france.fr\/societe\/famille\/divorce\/divorce-faut-il-changer-la-loi-pour-favoriser-la-garde-alternee-1a83cd8c-8eca-11ee-8501-b685221e4696\"><b>la r\u00e9sidence altern\u00e9e ne concerne que 11,5\u00a0% des enfants dont les parents sont s\u00e9par\u00e9s<\/b><\/a>. Les masculinistes pr\u00e9tendent que les femmes b\u00e9n\u00e9ficient de privil\u00e8ges, mais peinent \u00e0 d\u00e9montrer l\u2019existence d\u2019un syst\u00e8me global d\u2019oppression dirig\u00e9 contre les hommes.<\/p>\n<p><iframe loading=\"lazy\" title=\"P\u00c8RES DE FAMILLE : L&#039;ARNAQUE DERRI\u00c8RE LES BEAUX DISCOURS\" width=\"1110\" height=\"624\" src=\"https:\/\/www.youtube.com\/embed\/hBrUXidPVng?feature=oembed\" frameborder=\"0\" allow=\"accelerometer; autoplay; clipboard-write; encrypted-media; gyroscope; picture-in-picture; web-share\" referrerpolicy=\"strict-origin-when-cross-origin\" allowfullscreen><\/iframe><\/p>\n<p>Ces arguments rel\u00e8vent donc davantage de la perception, de <b>cas particuliers \u00e9rig\u00e9s en g\u00e9n\u00e9ralit\u00e9, que de l\u2019analyse objective et syst\u00e9mique<\/b>. L\u00e0 encore, l\u2019opposition est claire : le f\u00e9minisme repose sur des faits, le masculinisme sur une inversion victimaire. <b>L\u2019un est fond\u00e9 sur une r\u00e9alit\u00e9 sociale mesurable, l\u2019autre sur des mythes.<\/b><\/p>\n<h2 class=\"western\"><strong>Le masculinisme tue, le f\u00e9minisme non<\/strong><\/h2>\n<p>L\u2019une des diff\u00e9rences les plus effrayantes entre f\u00e9minisme et masculinisme r\u00e9side dans leurs cons\u00e9quences concr\u00e8tes. <strong>Le f\u00e9minisme n\u2019a jamais engendr\u00e9 de massacres, d\u2019attentats ou de mouvements de haine visant \u00e0 d\u00e9truire une cat\u00e9gorie de population.<\/strong> Ses combats sont politiques, sociaux, culturels\u00a0: ils visent \u00e0 \u00e9largir les droits, non \u00e0 punir ou \u00e9liminer qui que ce soit. Le masculinisme, lui, porte en lui une violence latente qui s\u2019est traduite, \u00e0 de multiples reprises, par <b>des passages \u00e0 l\u2019acte meurtriers, mais aussi des appels au harc\u00e8lement, aux violences physiques et sexuelles.<\/b><\/p>\n<p>Depuis une dizaine d\u2019ann\u00e9es, on a vu \u00e9merger une galaxie de groupes et de forums en ligne li\u00e9s au mouvement <em><strong>incel<\/strong><\/em> (<em>involuntary celibate<\/em>, \u00ab c\u00e9libataire involontaire \u00bb), o\u00f9 <b>des hommes persuad\u00e9s que les femmes leur \u00ab\u00a0doivent\u00a0\u00bb l\u2019amour et le sexe nourrissent une haine virulente \u00e0 leur \u00e9gard, plut\u00f4t que de remettre en question leurs propres comportements<\/b>. Ce terreau id\u00e9ologique a donn\u00e9 naissance <b>des attentats terroriste<\/b><strong>s.<\/strong><\/p>\n<p><iframe loading=\"lazy\" title=\"24H avec un coach en s\u00e9duction ft. Benjamin Trani\u00e9 - Broute 24 - CANAL+\" width=\"1110\" height=\"624\" src=\"https:\/\/www.youtube.com\/embed\/fPcaQoHXQqU?feature=oembed\" frameborder=\"0\" allow=\"accelerometer; autoplay; clipboard-write; encrypted-media; gyroscope; picture-in-picture; web-share\" referrerpolicy=\"strict-origin-when-cross-origin\" allowfullscreen><\/iframe><\/p>\n<p>Par exemple, <strong>en 2014, une tuerie de masse a eu lieu \u00e0 Isla Vista, en Californie. Motiv\u00e9 par sa haine des femmes, <a target=\"_blank\" href=\"https:\/\/www.leparisien.fr\/faits-divers\/qui-est-elliot-rodger-ce-tueur-du-mouvement-incel-dont-se-revendique-lhomme-qui-projetait-une-attaque-a-bordeaux-23-05-2024-GQU5XX4DZRHN3HKAIEQ5F6XDUA.php\">Elliot Rodger a tu\u00e9 six personnes et bless\u00e9 14 autres, avant de se suicider<\/a>,<\/strong> laissant derri\u00e8re lui un manifeste haineux contre les femmes qu\u2019il jugeait responsables de ses frustrations. <strong>En 2018, \u00e0 Toronto, <\/strong><a target=\"_blank\" href=\"https:\/\/www.lapresse.ca\/actualites\/justice-et-faits-divers\/2019-09-27\/attaque-a-toronto-alek-minassian-dit-avoir-accompli-sa-mission\"><strong>Alex Minassian a tu\u00e9 dix personnes et bless\u00e9 16 autres<\/strong> dans l\u2019attaque au camion-b\u00e9lier, se revendiquant lui-m\u00eame de la mouvance incel<\/a>. <strong>En 2021, \u00e0 Plymouth (Royaume-Uni), <\/strong><a target=\"_blank\" href=\"https:\/\/www.liberation.fr\/international\/europe\/royaume-uni-cinq-morts-dans-une-fusillade-a-plymouth-20210813_DU4TXQDINNACBAR6VGVU4LW4O4\/\"><strong>Jake Davison a assassin\u00e9 cinq personnes, dont sa m\u00e8re,<\/strong> se d\u00e9crivant lui aussi comme un incel<\/a>.<\/p>\n<p>Et ce ne sont que des exemples parmi d\u2019autres. En France, plusieurs affaires r\u00e9centes t\u00e9moignent aussi de cette impr\u00e9gnation id\u00e9ologique : menaces d\u2019attentats \u00ab\u00a0anti-f\u00e9ministes\u00a0\u00bb sur les r\u00e9seaux, appels \u00e0 \u00ab\u00a0punir les f\u00e9ministes\u00a0\u00bb, multiplication des discours haineux dans certains espaces masculinis\u00e9s. <b><a target=\"_blank\" href=\"https:\/\/www.mediapart.fr\/journal\/france\/130725\/les-attentats-masculinistes-une-menace-grandissante-en-france\">Trois attaques incel ont \u00e9t\u00e9 d\u00e9jou\u00e9es rien que cette ann\u00e9e sur le territoire fran\u00e7ais<\/a>. <\/b><\/p>\n<p>Ce ne sont pas des cas isol\u00e9s : il existe aujourd\u2019hui <b>une <\/b><strong><b>radicalisation masculiniste<\/b><\/strong><b> comparable, dans sa structure, \u00e0 d\u2019autres formes d\u2019extr\u00e9misme id\u00e9ologique<\/b>. La logique est la m\u00eame : d\u00e9signer un ennemi (ici, les femmes et les f\u00e9ministes),<b> construire un r\u00e9cit victimaire, puis justifier la violence au nom d\u2019une \u00ab\u00a0reconqu\u00eate\u00a0\u00bb de la virilit\u00e9 perdue<\/b>.<\/p>\n<p>Certains invoquent parfois <strong>Valerie Solanas<\/strong> comme contre-exemple, pour tenter de prouver que le f\u00e9minisme \u00ab peut \u00eatre violent lui aussi \u00bb. Pourtant, l\u2019acte de <strong>Solanas, autrice du <em>SCUM Manifesto<\/em> et connue pour avoir tir\u00e9 sur Andy Warhol en 1968, est le produit de multiples violences patriarcales qu\u2019elle a subi. <\/strong>Son\u00a0acte n\u2019a donn\u00e9 naissance \u00e0 <strong>aucun courant violent<\/strong>, \u00e0 <strong>aucun attentat<\/strong>, ni \u00e0 <strong>aucune doctrine meurtri\u00e8re<\/strong>. <b>Le masculinisme, lui, g\u00e9n\u00e8re des communaut\u00e9s enti\u00e8res d\u00e9di\u00e9es \u00e0 la haine, qui produisent des passages \u00e0 l\u2019acte meurtriers en s\u00e9rie<\/b>.<\/p>\n<p><iframe loading=\"lazy\" title=\"Valerie Solanas, figure f\u00e9ministe radicale oubli\u00e9e - #CulturePrime\" width=\"1110\" height=\"833\" src=\"https:\/\/www.youtube.com\/embed\/0P0ZBCxq8xQ?feature=oembed\" frameborder=\"0\" allow=\"accelerometer; autoplay; clipboard-write; encrypted-media; gyroscope; picture-in-picture; web-share\" referrerpolicy=\"strict-origin-when-cross-origin\" allowfullscreen><\/iframe><\/p>\n<p>Comparer cette situation isol\u00e9e \u00e0 une mouvance internationale de radicalisation misogyne rel\u00e8ve d\u2019un <strong>argument fallacieux<\/strong> :<b> le f\u00e9minisme, en tant que pens\u00e9e politique, n\u2019a jamais promu la violence, l\u00e0 o\u00f9 le masculinisme s\u2019en nourrit.<\/b><\/p>\n<p>Ainsi, affirmer que \u00ab\u00a0le masculinisme tue\u00a0\u00bb n\u2019est pas une figure de style. C\u2019est une r\u00e9alit\u00e9 mesurable, document\u00e9e, tragiquement concr\u00e8te. <b>Le f\u00e9minisme, lui, ne tue personne : il cherche au contraire \u00e0 ce que plus personne ne meure de domination, de haine ou de frustration masculine.<\/b><\/p>\n<h2 class=\"western\"><strong>L\u2019\u00e9tiquette trompeuse<\/strong><\/h2>\n<p>Il faut aussi insister sur un pi\u00e8ge rh\u00e9torique. Le mot \u00ab masculinisme \u00bb donne l\u2019illusion d\u2019une sym\u00e9trie linguistique avec \u00ab f\u00e9minisme \u00bb, comme si les deux \u00e9taient les deux faces d\u2019une m\u00eame m\u00e9daille. Mais cette impression est fallacieuse.<b> Le f\u00e9minisme est un mouvement d\u2019\u00e9mancipation ; le masculinisme est avant tout une id\u00e9ologie antif\u00e9ministe, qui cherche \u00e0 d\u00e9l\u00e9gitimer ou \u00e0 contrecarrer les avanc\u00e9es pour l\u2019\u00e9galit\u00e9.<\/b><\/p>\n<p>D\u2019ailleurs, lorsque l\u2019on examine les th\u00e9matiques r\u00e9ellement d\u00e9fendues par les groupes masculinistes, elles tournent presque <b>toujours autour de la critique du f\u00e9minisme et rarement autour de propositions constructives pour am\u00e9liorer la vie des hommes<\/b>. Les rares enjeux r\u00e9els qui concernent les hommes \u2013 comme les taux \u00e9lev\u00e9s de suicide, la stigmatisation des victimes masculines de violences, la sant\u00e9 mentale ou l\u2019ali\u00e9nation par la virilit\u00e9 traditionnelle \u2013 sont d\u00e9j\u00e0 <b>pris en charge par la pens\u00e9e f\u00e9ministe, qui analyse justement ces souffrances comme des effets pervers du patriarcat.<\/b><\/p>\n<p><iframe loading=\"lazy\" title=\"C&#039;est quoi la misogynie  et la misandrie ?\" width=\"1110\" height=\"624\" src=\"https:\/\/www.youtube.com\/embed\/DMrKhTZm4uw?feature=oembed\" frameborder=\"0\" allow=\"accelerometer; autoplay; clipboard-write; encrypted-media; gyroscope; picture-in-picture; web-share\" referrerpolicy=\"strict-origin-when-cross-origin\" allowfullscreen><\/iframe><\/p>\n<p><strong>Il ne s\u2019agit en aucun cas de nier souffrance masculine,<\/strong> bien r\u00e9elle pour beaucoup d\u2019hommes confront\u00e9s \u00e0 des injonctions de virilit\u00e9, \u00e0 la solitude affective (d\u2019o\u00f9 le mouvement incel notamment) ou \u00e0 des difficult\u00e9s familiales. Mais ces souffrances, au lieu d\u2019\u00eatre analys\u00e9es comme les effets d\u2019un syst\u00e8me patriarcal qui p\u00e8se aussi sur eux, sont <b>trop souvent instrumentalis\u00e9es par des mouvements masculinistes qui en font un <\/b><strong><b>fond de commerce id\u00e9ologique<\/b><\/strong><b>, d\u00e9tournant une d\u00e9tresse l\u00e9gitime vers la haine du f\u00e9minisme.<\/b><\/p>\n<p>Autrement dit, revendiquer le terme de \u00ab masculinisme \u00bb n\u2019ajoute rien de neuf au combat pour l\u2019\u00e9galit\u00e9 : <b>cela ne sert qu\u2019\u00e0 affaiblir le f\u00e9minisme et \u00e0 maintenir des rapports de domination<\/b>. Il n\u2019y a pas de sym\u00e9trie possible car <b>il n\u2019existe pas de syst\u00e8me oppressif global dirig\u00e9 contre les hommes, <\/b><b>par les femmes<\/b>. Et s\u2019il existe bel et bien des femmes violentes, ces violences demeurent tr\u00e8s marginales en comparaison des violences masculines, et n\u2019ont pas de valeur syst\u00e9mique.<a target=\"_blank\" href=\"https:\/\/mrmondialisation.org\/misandrie-misogynie\/\"> Ce que l\u2019on qualifie de \u00ab\u00a0misandrie\u00a0\u00bb aujourd\u2019hui, par opposition \u00e0 la misogynie<\/a>, ne se r\u00e9f\u00e8re tr\u00e8s souvent qu\u2019\u00e0 des femmes qui \u00e9vitent les hommes pour se prot\u00e9ger, apr\u00e8s avoir subi des violences par le pass\u00e9.<\/p>\n<p><strong>Et quand certains pr\u00e9tendent que \u00ab\u00a0les deux extr\u00eames se valent\u00a0\u00bb, il suffit de regarder les corps tomb\u00e9s : les attentats incels, les f\u00e9minicides, les violences conjugales ou les viols massifs ne sont pas le fruit d\u2019un \u00ab\u00a0exc\u00e8s de f\u00e9minisme\u00a0\u00bb, mais bien d\u2019un syst\u00e8me patriarcal o\u00f9 le masculinisme prosp\u00e8re.<\/strong> Une minorit\u00e9 d\u2019homicides conjugaux sont commis par des femmes mais <a target=\"_blank\" href=\"https:\/\/www.lemonde.fr\/societe\/article\/2020\/06\/02\/pour-les-femmes-qui-tuent-leur-conjoint-la-delicate-question-de-la-legitime-defense-differee_6041535_3224.html\">la moiti\u00e9 de ceux-ci ont lieu dans contexte d\u2019ann\u00e9es de violences subies au pr\u00e9alable, inflig\u00e9es par leur conjoint<\/a>. Il s\u2019agit donc souvent de cas l\u00e9gitime d\u00e9fense. Pour les f\u00e9minicides en revanche, <a target=\"_blank\" href=\"https:\/\/www.nouvelobs.com\/rue89\/nos-vies-intimes\/20180117.OBS0808\/elle-le-quitte-il-la-tue-voici-le-scenario-typique-du-feminicide.html\">l\u2019un des sch\u00e9mas typiques et celui de la domination et de la possession\u00a0: l\u2019homme qui ne supporte pas que sa femme le quitte, au point de la tuer<\/a>.<\/p>\n<p><iframe loading=\"lazy\" title=\"Laetitia Schmitt, de l&#039;emprise au meurtre - F\u00e9minicides, un documentaire \u00e0 voir sur france.tv\" width=\"1110\" height=\"624\" src=\"https:\/\/www.youtube.com\/embed\/0Hk_XwdhGUM?feature=oembed\" frameborder=\"0\" allow=\"accelerometer; autoplay; clipboard-write; encrypted-media; gyroscope; picture-in-picture; web-share\" referrerpolicy=\"strict-origin-when-cross-origin\" allowfullscreen><\/iframe><\/p>\n<h2 class=\"western\"><strong>F\u00e9minisme et lutte des classes : un combat commun contre la domination<\/strong><\/h2>\n<p>Il est toutefois primordial de rappeler que les rapports de domination ne s\u2019arr\u00eatent pas \u00e0 la question du genre. <b>La bourgeoisie et son capitalisme pr\u00e9dateur exercent<\/b><b> une oppression syst\u00e9mique qui touche l\u2019ensemble de la soci\u00e9t\u00e9<\/b>, hommes comme femmes, en exploitant le travail, en pr\u00e9carisant les vies et en transformant chaque relation humaine en rapport marchand. Les hommes issus des classes populaires en font eux aussi les frais : ch\u00f4mage, salaires bas, conditions de travail p\u00e9nibles, instabilit\u00e9 sociale.<\/p>\n<p>Mais <strong>attention toutefois au pi\u00e8ge de l\u2019appropriation par les masculinistes de la souffrance des hommes des classes populaires. Oui, ces hommes subissent des conditions de vie difficiles mais ces r\u00e9alit\u00e9s sont le produit d\u2019un syst\u00e8me capitaliste et in\u00e9galitaire (en lien \u00e9troit avec le patriarcat, car les deux se nourrissent entre eux), non d\u2019une pr\u00e9tendue domination des femmes.<\/strong> Le masculinisme d\u00e9tourne ces souffrances r\u00e9elles pour les utiliser comme arme antif\u00e9ministe, en cherchant \u00e0 faire croire que les hommes seraient \u00ab les nouvelles victimes \u00bb d\u2019une soci\u00e9t\u00e9 devenue \u00ab trop f\u00e9minis\u00e9e \u00bb.<\/p>\n<p>Mais cette r\u00e9alit\u00e9 n\u2019a rien \u00e0 voir avec le masculinisme, car <b>ces difficult\u00e9s ne d\u00e9coulent pas d\u2019une oppression des femmes envers les hommes, mais bien d\u2019un syst\u00e8me \u00e9conomique in\u00e9galitaire<\/b>. Et au sein de la bourgeoisie m\u00eame, l\u2019immense majorit\u00e9 des richesses est d\u00e9tenue par des hommes.<\/p>\n<p><b>Les femmes, quant \u00e0 elles, subissent une double peine<\/b> : celles qui sont membres des classes populaires partagent ces m\u00eames difficult\u00e9s, et, en tant que femmes, elles endurent en plus les violences sexistes, les discriminations, la surcharge domestique et l\u2019invisibilisation de leur travail.<strong> Autrement dit, l\u2019oppression de classe et l\u2019oppression de genre s\u2019entrecroisent et se renforcent mutuellement.<\/strong><\/p>\n<p>C\u2019est pourquoi <b>f\u00e9minisme et lutte des classes ne s\u2019opposent pas mais se compl\u00e8tent pour lutter contre l\u2019oppression<\/b>. Pour aller plus loin, vous pouvez (re)lire notre article \u00ab\u00a0<a target=\"_blank\" href=\"https:\/\/mrmondialisation.org\/feminisme-lutte-classes\/\">Le f\u00e9minisme est indissociable de la lutte des classes\u00a0<\/a>\u00bb. Pens\u00e9es ensemble, ces deux luttes permettent de comprendre que l\u2019\u00e9mancipation des femmes est ins\u00e9parable d\u2019une \u00e9mancipation collective de tous et toutes face aux logiques de profit et de domination.<\/p>\n<p><b>L\u00e0 o\u00f9 le masculinisme enferme les hommes dans une posture victimaire st\u00e9rile et agressive, le f\u00e9minisme offre une lecture structurelle<\/b> : ce n\u2019est pas l\u2019\u00e9galit\u00e9 qui opprime, mais la combinaison du patriarcat et du capitalisme. C\u2019est pourquoi seule une pens\u00e9e \u00e9mancipatrice, inclusive et solidaire peut r\u00e9ellement r\u00e9pondre aux injustices v\u00e9cues par toutes et tous.<\/p>\n<p>Le f\u00e9minisme n\u2019est en aucun cas l\u2019envers du masculinisme. Il est une lutte d\u2019\u00e9mancipation universelle, l\u00e0 o\u00f9 le masculinisme n\u2019est qu\u2019une r\u00e9action d\u00e9fensive. L\u2019un ouvre des horizons, l\u2019autre les referme.<\/p>\n<p align=\"right\">\u2013 <i><b>Elena Meilune<\/b><\/i><\/p>\n<hr\/>\n<p style=\"text-align: left;\" align=\"right\">Photo de couverture : Elliot Rodger. <span class=\"html-span xdj266r x14z9mp xat24cr x1lziwak xexx8yu xyri2b x18d9i69 x1c1uobl x1hl2dhg x16tdsg8 x1vvkbs x4k7w5x x1h91t0o x1h9r5lt x1jfb8zj xv2umb2 x1beo9mf xaigb6o x12ejxvf x3igimt xarpa2k xedcshv x1lytzrv x1t2pt76 x7ja8zs x1qrby5j\"><span class=\"x193iq5w xeuugli x13faqbe x1vvkbs xlh3980 xvmahel x1n0sxbx x1lliihq x1s928wv xhkezso x1gmr53x x1cpjm7i x1fgarty x1943h6x xudqn12 x3x7a5m x6prxxf xvq8zen xo1l8bm x14ctfv\" dir=\"auto\">En 2014, une tuerie de masse a eu lieu \u00e0 Isla Vista, en Californie. Motiv\u00e9 par sa haine des femmes, Elliot Rodger a tu\u00e9 six personnes et bless\u00e9 14 autres, avant de se suicider.<\/span><\/span>\u00a0<a target=\"_blank\" href=\"https:\/\/www.flickr.com\/photos\/140881057@N07\/32007891938\/in\/photolist-QLqP8Q-2q9GJNu-53mFFh-5s34DL-53mSEw-53mKfC-2oq4WpU-53hofT-2oBfRfz-2r4Bkn4-2r8iGTm-2qNR3KX-2raxt3K-fftZB8-2rafUyk-25wyifW-2qYLGRv-2rzEXGL-2pnKjx6-29HYnXX-2qTGUeQ-2qVZ3Xa-2qQEjK7-2qSZhyS-2oztkHq-2qTeduK-28HTNUq-2qWVPaB-2qXFWGk-ctcgSY-2r4adkZ-2m8ZnwB-2qY7d31-2mZ7zZp-yD5g6k-2qNmRz6-6Vhr4m-2o5gndf-2qUEvQD-2qSYk8W-2qUTE5h-2qSZhy6-2naE2sA-21uLVg3-2qSZhyG-2phykHc-JyZeZB-2nKVgU6-2nDne3k-2nNPgNd\">Flickr<\/a><\/p>\n<div class=\"td-a-rec td-a-rec-id-content_bottom  tdi_2 td_block_template_1\">\n<span class=\"td-adspot-title\">&#8211; Cet article gratuit et ind\u00e9pendant existe gr\u00e2ce \u00e0 vous &#8211;<\/span><\/p>\n<div class=\"td-all-devices\">\n    <a target=\"_blank\" href=\"https:\/\/mrmondialisation.org\/donation\/\" title=\"Faire_un_don\"><img decoding=\"async\" class=\"donationArticle\" src=\"https:\/\/mrmondialisation.org\/wp-content\/uploads\/2022\/12\/220405-flikalicious-final.jpg\" alt=\"Donation\"\/><\/a>\n<\/div>\n<\/div><\/div>\n<p><br \/>\n<br \/><a href=\"https:\/\/mrmondialisation.org\/feminisme-emancipe-masculinisme-tue\/\" target=\"_blank\"\">Source link <\/a><\/p>\n","protected":false},"excerpt":{"rendered":"<p>Beaucoup pensent que le masculinisme serait le \u00ab pendant \u00bb du f\u00e9minisme : si l\u2019un d\u00e9fend les femmes, l\u2019autre d\u00e9fendrait les hommes. Cette id\u00e9e s\u00e9duit par sa simplicit\u00e9, mais elle&hellip; <\/p>\n","protected":false},"author":1,"featured_media":19016,"comment_status":"open","ping_status":"open","sticky":false,"template":"","format":"standard","meta":{"footnotes":""},"categories":[1],"tags":[],"class_list":["post-19015","post","type-post","status-publish","format-standard","has-post-thumbnail","hentry","category-non-classe"],"_links":{"self":[{"href":"https:\/\/monde25.info\/index.php\/wp-json\/wp\/v2\/posts\/19015","targetHints":{"allow":["GET"]}}],"collection":[{"href":"https:\/\/monde25.info\/index.php\/wp-json\/wp\/v2\/posts"}],"about":[{"href":"https:\/\/monde25.info\/index.php\/wp-json\/wp\/v2\/types\/post"}],"author":[{"embeddable":true,"href":"https:\/\/monde25.info\/index.php\/wp-json\/wp\/v2\/users\/1"}],"replies":[{"embeddable":true,"href":"https:\/\/monde25.info\/index.php\/wp-json\/wp\/v2\/comments?post=19015"}],"version-history":[{"count":0,"href":"https:\/\/monde25.info\/index.php\/wp-json\/wp\/v2\/posts\/19015\/revisions"}],"wp:featuredmedia":[{"embeddable":true,"href":"https:\/\/monde25.info\/index.php\/wp-json\/wp\/v2\/media\/19016"}],"wp:attachment":[{"href":"https:\/\/monde25.info\/index.php\/wp-json\/wp\/v2\/media?parent=19015"}],"wp:term":[{"taxonomy":"category","embeddable":true,"href":"https:\/\/monde25.info\/index.php\/wp-json\/wp\/v2\/categories?post=19015"},{"taxonomy":"post_tag","embeddable":true,"href":"https:\/\/monde25.info\/index.php\/wp-json\/wp\/v2\/tags?post=19015"}],"curies":[{"name":"wp","href":"https:\/\/api.w.org\/{rel}","templated":true}]}}