{"id":19036,"date":"2025-11-07T18:26:38","date_gmt":"2025-11-07T17:26:38","guid":{"rendered":"https:\/\/monde25.info\/index.php\/2025\/11\/07\/en-israel-dindefectibles-loyautes-identitaires-par-nitzan-perelman-becker-le-monde-diplomatique-novembre-2025\/"},"modified":"2025-11-07T18:26:38","modified_gmt":"2025-11-07T17:26:38","slug":"en-israel-dindefectibles-loyautes-identitaires-par-nitzan-perelman-becker-le-monde-diplomatique-novembre-2025","status":"publish","type":"post","link":"https:\/\/monde25.info\/index.php\/2025\/11\/07\/en-israel-dindefectibles-loyautes-identitaires-par-nitzan-perelman-becker-le-monde-diplomatique-novembre-2025\/","title":{"rendered":"En Isra\u00ebl, d\u2019ind\u00e9fectibles loyaut\u00e9s identitaires, par Nitzan Perelman Becker (Le Monde diplomatique, novembre 2025)"},"content":{"rendered":"<p> <br \/>\n<\/p>\n<div>\n<p class=\"crayon article-surtitre-68920 surtitre\">Ce qui cimente un pays fragment\u00e9<\/p>\n<div class=\"crayon article-chapo-68920 chapo\">\n<p>La fracture qui divise la soci\u00e9t\u00e9 juive isra\u00e9lienne ne s\u00e9pare pas les partisans de la d\u00e9mocratie de ses ennemis. Elle oppose deux conceptions de la loyaut\u00e9, l\u2019une tourn\u00e9e vers l\u2019\u00c9tat et l\u2019autre vers l\u2019identit\u00e9 juive. Mais ces camps adverses partagent des pr\u00e9suppos\u00e9s et des aveuglements communs\u00a0: une foi in\u00e9branlable dans le caract\u00e8re \u00ab<small class=\"fine\">\u00a0<\/small>d\u00e9mocratique<small class=\"fine\">\u00a0<\/small>\u00bb du r\u00e9gime, et le refus de reconna\u00eetre sa dimension coloniale.<\/p>\n<\/div><\/div>\n<div couleurfade=\"feeae6\" couleurclaire=\"f5e7d5\" couleurpale=\"f3d0a4\" couleurmi=\"be2e0d\" couleurfoncee=\"8f2209\" couleursombre=\"2f0b03\" couleurfond=\"7c554c\" couleurtexte=\"ffffff\">\n<div class=\"enapercu\">\n<p><span class=\"mot-lettrine\"><span class=\"lettrine\">C<\/span>haque<\/span> fois que les tensions s\u2019aggravent au sein de la soci\u00e9t\u00e9 juive isra\u00e9lienne et que des citoyens manifestent contre un gouvernement de droite, voire d\u2019extr\u00eame droite, ou contre le premier ministre Benyamin Netanyahou \u2014 au pouvoir presque sans interruption depuis 2009\u00a0\u2014, nombre de commentaires, en France et ailleurs, reviennent \u00e0 l\u2019opposition entre progressistes et conservateurs, entre un centre gauche \u00e9clair\u00e9 et une droite r\u00e9actionnaire, obscurantiste, religieuse, fanatique. Analyses pr\u00e9visibles, mais largement trompeuses.<\/p>\n<p>Comment expliquer la large mobilisation du centre gauche en 2023 au nom de la d\u00e9mocratie contre une r\u00e9forme limitant les pouvoirs de la Cour supr\u00eame, alors qu\u2019en 2018 l\u2019adoption d\u2019une loi d\u00e9finissant Isra\u00ebl comme \u00ab<small class=\"fine\">\u00a0<\/small>\u00c9tat-nation du peuple juif<small class=\"fine\">\u00a0<\/small>\u00bb, inscrivant dans le droit la supr\u00e9matie ethnique et invalidant toute pr\u00e9tention d\u00e9mocratique n\u2019a vu l\u2019\u00e9mergence d\u2019aucun mouvement juif isra\u00e9lien puissant aux c\u00f4t\u00e9s des mobilisations de Palestiniens citoyens d\u2019Isra\u00ebl ou de Druzes<small class=\"fine\">\u00a0<\/small>?<\/p>\n<p>Comment encore expliquer le silence des \u00ab<small class=\"fine\">\u00a0<\/small>progressistes<small class=\"fine\">\u00a0<\/small>\u00bb face \u00e0 l\u2019interdiction quasi syst\u00e9matique faite aux citoyens palestiniens d\u2019Isra\u00ebl de manifester depuis le 7\u00a0octobre\u00a02023 \u2014 en violation manifeste du principe d\u2019\u00e9galit\u00e9\u00a0\u2014, alors que les m\u00eames r\u00e9clament avec insistance, au nom de ce m\u00eame principe, la conscription des ultra-orthodoxes, exempt\u00e9s depuis la naissance d\u2019Isra\u00ebl<small class=\"fine\">\u00a0<\/small>? Et comment ce camp peut-il s\u2019insurger \u00e0 chaque d\u00e9cision controvers\u00e9e de M.\u00a0Netanyahou en mati\u00e8re de politique int\u00e9rieure, alors qu\u2019il garde le silence face aux crimes de masse et au g\u00e9nocide commis \u00e0 Gaza<small class=\"fine\">\u00a0<\/small>? La r\u00e9ponse habituelle \u00e0 ces questions ne tient pas\u00a0: le clivage n\u2019oppose pas uniquement \u2014 ni m\u00eame essentiellement \u2014 d\u00e9mocrates, d\u00e9fenseurs de valeurs lib\u00e9rales universelles d\u2019une part, et nationalistes autoritaires et extr\u00e9mistes d\u2019autre part.<\/p>\n<p>Pour comprendre la v\u00e9ritable fracture qui traverse la soci\u00e9t\u00e9 juive isra\u00e9lienne, il faut revenir aux premi\u00e8res ann\u00e9es de l\u2019\u00c9tat, sous la direction\u00a0(\u2026)<\/p>\n<\/p><\/div>\n<p>Taille de l\u2019article complet\u00a0:\u00a0<span>1\u00a0912<\/span>\u00a0mots.<\/p>\n<div class=\"promo_dispo_article\">\n<h2 class=\"avantbloc\">\n\tCet article est r\u00e9serv\u00e9 aux\u00a0abonn\u00e9s<\/p>\n<\/h2>\n<div class=\"abo_inst\">\n\t<strong>Lyc\u00e9es, biblioth\u00e8ques, administrations, entreprises,<\/strong><br \/>\n\tacc\u00e9dez \u00e0 la base de donn\u00e9es en ligne de tous les articles du <i>Monde diplomatique<\/i> de 1954 \u00e0 nos\u00a0jours.<br \/>\n\t<a target=\"_blank\" id=\"pw-institutions\" class=\"suivi\" href=\"https:\/\/www.monde-diplomatique.fr\/archives\/institutions\">Retrouvez cette\u00a0offre sp\u00e9cifique<\/a>.\n<\/div>\n<\/div><\/div>\n<div>\n<p class=\"nom\">Nitzan Perelman Becker<\/p>\n<p>\n\t\t\t\t\tDocteure en sociologie politique, ing\u00e9nieure de recherche au Centre national de la recherche scientifique (CNRS), cofondatrice du collectif de recherche Yaani et auteure d\u2019<i>Anatomie de la droite isra\u00e9lienne,<\/i> \u00e0 para\u00eetre en avril\u00a02026 chez Agone.<\/p>\n<\/p><\/div>\n<p><br \/>\n<br \/><a href=\"https:\/\/www.monde-diplomatique.fr\/2025\/11\/BECKER\/68920\" target=\"_blank\"\">Source link <\/a><\/p>\n","protected":false},"excerpt":{"rendered":"<p>Ce qui cimente un pays fragment\u00e9 La fracture qui divise la soci\u00e9t\u00e9 juive isra\u00e9lienne ne s\u00e9pare pas les partisans de la d\u00e9mocratie de ses ennemis. Elle oppose deux conceptions de&hellip; <\/p>\n","protected":false},"author":1,"featured_media":19037,"comment_status":"open","ping_status":"open","sticky":false,"template":"","format":"standard","meta":{"footnotes":""},"categories":[1],"tags":[],"class_list":["post-19036","post","type-post","status-publish","format-standard","has-post-thumbnail","hentry","category-non-classe"],"_links":{"self":[{"href":"https:\/\/monde25.info\/index.php\/wp-json\/wp\/v2\/posts\/19036","targetHints":{"allow":["GET"]}}],"collection":[{"href":"https:\/\/monde25.info\/index.php\/wp-json\/wp\/v2\/posts"}],"about":[{"href":"https:\/\/monde25.info\/index.php\/wp-json\/wp\/v2\/types\/post"}],"author":[{"embeddable":true,"href":"https:\/\/monde25.info\/index.php\/wp-json\/wp\/v2\/users\/1"}],"replies":[{"embeddable":true,"href":"https:\/\/monde25.info\/index.php\/wp-json\/wp\/v2\/comments?post=19036"}],"version-history":[{"count":0,"href":"https:\/\/monde25.info\/index.php\/wp-json\/wp\/v2\/posts\/19036\/revisions"}],"wp:featuredmedia":[{"embeddable":true,"href":"https:\/\/monde25.info\/index.php\/wp-json\/wp\/v2\/media\/19037"}],"wp:attachment":[{"href":"https:\/\/monde25.info\/index.php\/wp-json\/wp\/v2\/media?parent=19036"}],"wp:term":[{"taxonomy":"category","embeddable":true,"href":"https:\/\/monde25.info\/index.php\/wp-json\/wp\/v2\/categories?post=19036"},{"taxonomy":"post_tag","embeddable":true,"href":"https:\/\/monde25.info\/index.php\/wp-json\/wp\/v2\/tags?post=19036"}],"curies":[{"name":"wp","href":"https:\/\/api.w.org\/{rel}","templated":true}]}}