{"id":19038,"date":"2025-11-07T18:59:44","date_gmt":"2025-11-07T17:59:44","guid":{"rendered":"https:\/\/monde25.info\/index.php\/2025\/11\/07\/paris-a-reduit-ses-emissions-de-co2-de-25-en-10-ans\/"},"modified":"2025-11-07T18:59:44","modified_gmt":"2025-11-07T17:59:44","slug":"paris-a-reduit-ses-emissions-de-co2-de-25-en-10-ans","status":"publish","type":"post","link":"https:\/\/monde25.info\/index.php\/2025\/11\/07\/paris-a-reduit-ses-emissions-de-co2-de-25-en-10-ans\/","title":{"rendered":"Paris a r\u00e9duit ses \u00e9missions de CO2 de 25\u00a0% en 10 ans"},"content":{"rendered":"<p> <br \/>\n<br \/><img loading=\"lazy\" decoding=\"async\" src=\"https:\/\/reporterre.net\/local\/cache-vignettes\/L700xH467\/pexels-huy-phan-316220-1397515_1_-28cd5.jpg?1762532001\" class=\"spip_logo\" width=\"700\" height=\"467\" alt=\"\" \/><\/p>\n<p>En dix ans, Paris a r\u00e9duit de 25<small class=\"fine d-inline\">\u00a0<\/small>% ses \u00e9missions de gaz \u00e0 effet de serre, soit plus de 1\u00a0m\u00e9gatonne de <span class=\"caps\">CO<\/span><sub>2<\/sub>. C&rsquo;est le r\u00e9sultat d&rsquo;une enqu\u00eate europ\u00e9enne men\u00e9e avec Airparif, l&rsquo;observatoire charg\u00e9 de la qualit\u00e9 de l&rsquo;air en \u00cele-de-France, publi\u00e9e le 6\u00a0novembre, en amont de la <span class=\"caps\">COP30<\/span> \u00e0 Bel\u00e9m (Br\u00e9sil). <br class=\"autobr\" \/><br \/>\nConcr\u00e8tement, \u00ab<small class=\"fine d-inline\">\u00a0<\/small>c&rsquo;est comme si on avait enlev\u00e9 l&rsquo;\u00e9quivalent de 200\u00a0000\u00a0habitants de la carte<small class=\"fine d-inline\">\u00a0<\/small>\u00bb, a expliqu\u00e9 \u00e0 l&rsquo;<span class=\"caps\">AFP<\/span> le P<sup class=\"typo_exposants\">r<\/sup> Thomas Lauvaux, du Laboratoire des sciences du climat et de l&rsquo;environnement\u00a0(\u2026)<\/p>\n<p>                    <a target=\"_blank\" href=\"https:\/\/reporterre.net\/Paris-a-reduit-ses-emissions-de-CO2-de-25-en-10-ans?utm_source=RSS&amp;utm_medium=RSS\">Lire la suite<\/a><\/p>\n<p>                    &#8211;<br \/>\n                        <a target=\"_blank\" href=\"https:\/\/reporterre.net\/Breves-20\" rel=\"directory\">En bref<\/a><\/p>\n<p>                    \/<br \/>\n                        <a target=\"_blank\" href=\"https:\/\/reporterre.net\/Pollutions\" rel=\"tag\">Pollutions<\/a><br \/>\n<br \/><br \/>\n<br \/><a href=\"https:\/\/reporterre.net\/Paris-a-reduit-ses-emissions-de-CO2-de-25-en-10-ans\" target=\"_blank\"\">Source link <\/a><\/p>\n","protected":false},"excerpt":{"rendered":"<p>En dix ans, Paris a r\u00e9duit de 25\u00a0% ses \u00e9missions de gaz \u00e0 effet de serre, soit plus de 1\u00a0m\u00e9gatonne de CO2. C&rsquo;est le r\u00e9sultat d&rsquo;une enqu\u00eate europ\u00e9enne men\u00e9e avec&hellip; <\/p>\n","protected":false},"author":1,"featured_media":0,"comment_status":"open","ping_status":"open","sticky":false,"template":"","format":"standard","meta":{"footnotes":""},"categories":[1],"tags":[],"class_list":["post-19038","post","type-post","status-publish","format-standard","hentry","category-non-classe"],"_links":{"self":[{"href":"https:\/\/monde25.info\/index.php\/wp-json\/wp\/v2\/posts\/19038","targetHints":{"allow":["GET"]}}],"collection":[{"href":"https:\/\/monde25.info\/index.php\/wp-json\/wp\/v2\/posts"}],"about":[{"href":"https:\/\/monde25.info\/index.php\/wp-json\/wp\/v2\/types\/post"}],"author":[{"embeddable":true,"href":"https:\/\/monde25.info\/index.php\/wp-json\/wp\/v2\/users\/1"}],"replies":[{"embeddable":true,"href":"https:\/\/monde25.info\/index.php\/wp-json\/wp\/v2\/comments?post=19038"}],"version-history":[{"count":0,"href":"https:\/\/monde25.info\/index.php\/wp-json\/wp\/v2\/posts\/19038\/revisions"}],"wp:attachment":[{"href":"https:\/\/monde25.info\/index.php\/wp-json\/wp\/v2\/media?parent=19038"}],"wp:term":[{"taxonomy":"category","embeddable":true,"href":"https:\/\/monde25.info\/index.php\/wp-json\/wp\/v2\/categories?post=19038"},{"taxonomy":"post_tag","embeddable":true,"href":"https:\/\/monde25.info\/index.php\/wp-json\/wp\/v2\/tags?post=19038"}],"curies":[{"name":"wp","href":"https:\/\/api.w.org\/{rel}","templated":true}]}}