{"id":19043,"date":"2025-11-07T20:38:43","date_gmt":"2025-11-07T19:38:43","guid":{"rendered":"https:\/\/monde25.info\/index.php\/2025\/11\/07\/macron-en-visite-au-mexique-pour-renforcer-le-partenariat-economique-face-aux-tarifs-douaniers-americains-rt-en-francais\/"},"modified":"2025-11-07T20:38:43","modified_gmt":"2025-11-07T19:38:43","slug":"macron-en-visite-au-mexique-pour-renforcer-le-partenariat-economique-face-aux-tarifs-douaniers-americains-rt-en-francais","status":"publish","type":"post","link":"https:\/\/monde25.info\/index.php\/2025\/11\/07\/macron-en-visite-au-mexique-pour-renforcer-le-partenariat-economique-face-aux-tarifs-douaniers-americains-rt-en-francais\/","title":{"rendered":"Macron en visite au Mexique pour renforcer le partenariat \u00e9conomique face aux tarifs douaniers am\u00e9ricains \u2014 RT en fran\u00e7ais"},"content":{"rendered":"<p> <br \/>\n<br \/><img decoding=\"async\" src=\"https:\/\/mf.b37mrtl.ru\/french\/images\/2025.11\/thumbnail\/690e224f6f7ccc0467466d17.jpg\" \/><\/p>\n<div>\n<p class=\"text__summary\">\n                                        Le pr\u00e9sident fran\u00e7ais a rencontr\u00e9 \u00e0 Mexico la pr\u00e9sidente Claudia Sheinbaum. Objectif\u202f: renforcer les liens \u00e9conomiques franco-mexicains face au protectionnisme de Donald Trump. La France cherche \u00e0 s\u2019implanter au Mexique pour \u00e9chapper aux taxes douani\u00e8res am\u00e9ricaines et s\u00e9curiser ses exportations vers les \u00c9tats-Unis.\n                                    <\/p>\n<p>La visite officielle d\u2019Emmanuel Macron \u00e0 Mexico ce 7 novembre s\u2019inscrit dans une strat\u00e9gie claire\u202f: s\u00e9curiser l\u2019acc\u00e8s au march\u00e9 am\u00e9ricain en contournant les nouvelles barri\u00e8res tarifaires impos\u00e9es par les \u00c9tats-Unis. Re\u00e7u par la pr\u00e9sidente Claudia Sheinbaum au Palais national, le chef de l\u2019\u00c9tat fran\u00e7ais a entam\u00e9 une s\u00e9rie d\u2019\u00e9changes politiques et \u00e9conomiques visant \u00e0 rapprocher Paris et Mexico, dans un contexte international de plus en plus tendu.<\/p>\n<p>Le pr\u00e9sident fran\u00e7ais est accompagn\u00e9 d\u2019une d\u00e9l\u00e9gation de dirigeants du CAC 40. Leur mission est de renforcer la pr\u00e9sence industrielle fran\u00e7aise sur le sol mexicain, un levier permettant d\u2019exporter plus facilement vers les \u00c9tats-Unis tout en \u00e9chappant aux taxes douani\u00e8res renforc\u00e9es par Donald Trump depuis janvier 2025. Le Mexique, qui a accept\u00e9 de renforcer sa politique migratoire et d\u2019intensifier la lutte contre les cartels \u00e0 la demande de Washington, est parvenu \u00e0 \u00e9viter la mise en place d\u2019importants tarifs douaniers.<\/p>\n<h2><strong>Le Mexique, relais industriel des int\u00e9r\u00eats fran\u00e7ais<\/strong><\/h2>\n<p>Dans ce contexte, la France voit dans le Mexique une porte d\u2019entr\u00e9e alternative vers le march\u00e9 nord-am\u00e9ricain. Les exportations de biens manufactur\u00e9s depuis le territoire mexicain vers les \u00c9tats-Unis b\u00e9n\u00e9ficient d\u00e9sormais d\u2019un net avantage concurrentiel.<\/p>\n<p>D\u00e9j\u00e0 implant\u00e9es dans le pays, les entreprises fran\u00e7aises \u2013 notamment dans les secteurs automobile, a\u00e9ronautique, \u00e9nerg\u00e9tique et pharmaceutique \u2013 entendent profiter de cette situation pour renforcer leur ancrage. Cette implantation permettrait non seulement d\u2019all\u00e9ger les co\u00fbts d\u2019exportation, mais aussi de b\u00e9n\u00e9ficier d\u2019une main-d\u2019\u0153uvre \u00e0 bas co\u00fbt, le salaire minimum frontalier ne d\u00e9passant pas 600 euros.<\/p>\n<p>L\u2019\u00c9lys\u00e9e esp\u00e8re \u00e9galement que cette visite acc\u00e9l\u00e9rera la modernisation de l\u2019accord commercial UE-Mexique. Ce texte, en cours de finalisation, pr\u00e9voit la suppression totale des droits de douane sur de nombreux produits europ\u00e9ens, notamment agroalimentaires. Une opportunit\u00e9 pour Bruxelles, mais surtout une man\u0153uvre pour certaines puissances europ\u00e9ennes cherchant \u00e0 r\u00e9\u00e9quilibrer leurs flux commerciaux face \u00e0 l\u2019instabilit\u00e9 am\u00e9ricaine.<\/p>\n<h2><strong>Une alliance pragmatique malgr\u00e9 des priorit\u00e9s divergentes<\/strong><\/h2>\n<p>Au-del\u00e0 des enjeux \u00e9conomiques, Claudia Sheinbaum a rappel\u00e9 que son principal objectif du moment reste la restitution d\u2019\u0153uvres m\u00e9soam\u00e9ricaines conserv\u00e9es en France, dont le \u00ab\u202fCodex Borbonicus\u202f\u00bb. Un groupe de travail bilat\u00e9ral a \u00e9t\u00e9 mis en place pour avancer sur ce dossier culturel, consid\u00e9r\u00e9 comme hautement symbolique au Mexique.<\/p>\n<p>La pr\u00e9sidente mexicaine, qualifi\u00e9e par Donald Trump de \u00ab\u202ffemme extraordinaire\u202f\u00bb, reste contrainte de m\u00e9nager Washington, tout en diversifiant ses partenariats. Le gouvernement mexicain cherche \u00e0 \u00e9viter un isolement strat\u00e9gique en multipliant les alliances ext\u00e9rieures.<\/p>\n<p>Si la relance du trait\u00e9 nord-am\u00e9ricain est une priorit\u00e9 pour Mexico, la France, elle, cherche \u00e0 transformer cette d\u00e9pendance structurelle de Mexico en opportunit\u00e9 industrielle. Les deux pays y trouvent leur compte\u202f: le Mexique y gagne des investissements, la France un acc\u00e8s indirect au march\u00e9 am\u00e9ricain.<\/p>\n<p>Dans une r\u00e9gion soumise \u00e0 l\u2019instabilit\u00e9 am\u00e9ricaine sous l\u2019administration Trump, ce type de coop\u00e9ration opportuniste refl\u00e8te une \u00e9volution des \u00e9quilibres, o\u00f9 chacun tente de pr\u00e9server ses int\u00e9r\u00eats.<\/p>\n<\/div>\n<p><br \/>\n<br \/><a href=\"https:\/\/francais.rt.com\/international\/127192-macron-visite-mexique-pour-renforcer-partenariat-economique-face-tarifs-douaniers-americains\" target=\"_blank\"\">Source link <\/a><\/p>\n","protected":false},"excerpt":{"rendered":"<p>Le pr\u00e9sident fran\u00e7ais a rencontr\u00e9 \u00e0 Mexico la pr\u00e9sidente Claudia Sheinbaum. Objectif\u202f: renforcer les liens \u00e9conomiques franco-mexicains face au protectionnisme de Donald Trump. La France cherche \u00e0 s\u2019implanter au Mexique&hellip; <\/p>\n","protected":false},"author":1,"featured_media":19044,"comment_status":"open","ping_status":"open","sticky":false,"template":"","format":"standard","meta":{"footnotes":""},"categories":[1],"tags":[],"class_list":["post-19043","post","type-post","status-publish","format-standard","has-post-thumbnail","hentry","category-non-classe"],"_links":{"self":[{"href":"https:\/\/monde25.info\/index.php\/wp-json\/wp\/v2\/posts\/19043","targetHints":{"allow":["GET"]}}],"collection":[{"href":"https:\/\/monde25.info\/index.php\/wp-json\/wp\/v2\/posts"}],"about":[{"href":"https:\/\/monde25.info\/index.php\/wp-json\/wp\/v2\/types\/post"}],"author":[{"embeddable":true,"href":"https:\/\/monde25.info\/index.php\/wp-json\/wp\/v2\/users\/1"}],"replies":[{"embeddable":true,"href":"https:\/\/monde25.info\/index.php\/wp-json\/wp\/v2\/comments?post=19043"}],"version-history":[{"count":0,"href":"https:\/\/monde25.info\/index.php\/wp-json\/wp\/v2\/posts\/19043\/revisions"}],"wp:featuredmedia":[{"embeddable":true,"href":"https:\/\/monde25.info\/index.php\/wp-json\/wp\/v2\/media\/19044"}],"wp:attachment":[{"href":"https:\/\/monde25.info\/index.php\/wp-json\/wp\/v2\/media?parent=19043"}],"wp:term":[{"taxonomy":"category","embeddable":true,"href":"https:\/\/monde25.info\/index.php\/wp-json\/wp\/v2\/categories?post=19043"},{"taxonomy":"post_tag","embeddable":true,"href":"https:\/\/monde25.info\/index.php\/wp-json\/wp\/v2\/tags?post=19043"}],"curies":[{"name":"wp","href":"https:\/\/api.w.org\/{rel}","templated":true}]}}