{"id":19047,"date":"2025-11-07T23:56:35","date_gmt":"2025-11-07T22:56:35","guid":{"rendered":"https:\/\/monde25.info\/index.php\/2025\/11\/07\/quest-ce-quune-bonne-paix-par-jean-arnault-derens-le-monde-diplomatique-novembre-2025\/"},"modified":"2025-11-07T23:56:35","modified_gmt":"2025-11-07T22:56:35","slug":"quest-ce-quune-bonne-paix-par-jean-arnault-derens-le-monde-diplomatique-novembre-2025","status":"publish","type":"post","link":"https:\/\/monde25.info\/index.php\/2025\/11\/07\/quest-ce-quune-bonne-paix-par-jean-arnault-derens-le-monde-diplomatique-novembre-2025\/","title":{"rendered":"Qu\u2019est-ce qu\u2019une bonne paix ?, par Jean-Arnault D\u00e9rens (Le Monde diplomatique, novembre 2025)"},"content":{"rendered":"<p> <br \/>\n<\/p>\n<div>\n<p class=\"crayon article-surtitre-68919 surtitre\">Les le\u00e7ons de l\u2019ex-Yougoslavie<\/p>\n<div class=\"crayon article-chapo-68919 chapo\">\n<p>Dans un monde qui sortait de la guerre froide, la lente et sanglante d\u00e9sagr\u00e9gation de l\u2019ex-Yougoslavie inspira de nombreuses solutions diplomatiques. Souvent b\u00e2ties sur des n\u00e9gociations secr\u00e8tes, et guid\u00e9es par la volont\u00e9 obsessionnelle de tracer des fronti\u00e8res \u00ab<small class=\"fine\">\u00a0<\/small>ethniques<small class=\"fine\">\u00a0<\/small>\u00bb. Pourtant, d\u2019autres mani\u00e8res de faire la paix existent, et fonctionnent. Rien n\u2019interdit de s\u2019en inspirer.<\/p>\n<\/div><\/div>\n<div couleurfade=\"fffae6\" couleurclaire=\"fef4cc\" couleurpale=\"f3e3a4\" couleurmi=\"cca300\" couleurfoncee=\"997a00\" couleursombre=\"322800\" couleurfond=\"7f754c\" couleurtexte=\"000000\">\n<div class=\"enapercu\">\n<p><span class=\"mot-lettrine\"><span class=\"lettrine\">N<\/span>\u00e9gociations<\/span> et tractations ont toujours particip\u00e9 de l\u2019art de la guerre, mais tous les conflits ne s\u2019ach\u00e8vent pas par des trait\u00e9s de paix. C\u2019est un \u00ab<small class=\"fine\">\u00a0<\/small>accord technique de cessez-le-feu<small class=\"fine\">\u00a0<\/small>\u00bb, n\u00e9goci\u00e9 et sign\u00e9 dans une caserne de Kumanovo, en Mac\u00e9doine, au nom de l\u2019Organisation du trait\u00e9 de l\u2019Atlantique nord (OTAN) par le g\u00e9n\u00e9ral britannique Michael Jackson, et au nom de la R\u00e9publique f\u00e9d\u00e9rale de Yougoslavie (RFY) par les g\u00e9n\u00e9raux Svetozar Marjanovi\u0107 et Obrad Stevanovi\u0107, qui mit fin le 9\u00a0juin\u00a01999 \u00e0 la guerre du Kosovo et aux bombardements a\u00e9riens de l\u2019Alliance.<\/p>\n<p>L\u2019accord stipulait l\u2019arr\u00eat des hostilit\u00e9s, le d\u00e9ploiement par l\u2019OTAN de la Force de maintien de la paix pour le Kosovo (KFOR), le retrait des forces yougoslaves, la d\u00e9finition d\u2019une zone de s\u00e9curit\u00e9 de cinq kilom\u00e8tres autour des fronti\u00e8res terrestres de la province et d\u2019une zone de s\u00e9curit\u00e9 a\u00e9rienne, ainsi que le d\u00e9ploiement de forces civiles et de s\u00e9curit\u00e9 de l\u2019Organisation des Nations unies (ONU), mais ne disait rien du statut du territoire. La r\u00e9solution 1244 du Conseil de s\u00e9curit\u00e9 de l\u2019ONU, adopt\u00e9e le lendemain, ent\u00e9rina ce cessez-le-feu, r\u00e9affirmant le principe de l\u2019int\u00e9grit\u00e9 et de la souverainet\u00e9 territoriales de la RFY, tout en pr\u00e9voyant le d\u00e9ploiement d\u2019une Mission d\u2019administration int\u00e9rimaire des Nations unies au Kosovo (Minuk).<\/p>\n<p>Le cessez-le-feu de Kumanovo \u00e9tait un compromis\u00a0: il soustrayait le Kosovo \u00e0 l\u2019administration de la Yougoslavie, tout en garantissant la souverainet\u00e9 de cette derni\u00e8re sur le territoire. Cette contradiction continue de plomber l\u2019avenir du petit pays, qui a proclam\u00e9 en 2008 une ind\u00e9pendance que Belgrade refuse de reconna\u00eetre en se r\u00e9f\u00e9rant \u00e0 la r\u00e9solution 1244, en vigueur tant qu\u2019elle n\u2019est pas abolie par une autre r\u00e9solution du Conseil de s\u00e9curit\u00e9. L\u2019arrangement n\u2019\u00e9tait pas d\u00e9nu\u00e9 d\u2019avantages pour Belgrade. L\u2019OTAN s\u2019y \u00e9tait r\u00e9solu au terme de soixante-dix-huit jours de bombardements qui n\u2019avaient pas notablement affect\u00e9 les capacit\u00e9s de d\u00e9fense yougoslaves. L\u2019Alliance\u00a0(\u2026)<\/p>\n<\/p><\/div>\n<p>Taille de l\u2019article complet\u00a0:\u00a0<span>2\u00a0435<\/span>\u00a0mots.<\/p>\n<div class=\"promo_dispo_article\">\n<h2 class=\"avantbloc\">\n\tCet article est r\u00e9serv\u00e9 aux\u00a0abonn\u00e9s<\/p>\n<\/h2>\n<div class=\"abo_inst\">\n\t<strong>Lyc\u00e9es, biblioth\u00e8ques, administrations, entreprises,<\/strong><br \/>\n\tacc\u00e9dez \u00e0 la base de donn\u00e9es en ligne de tous les articles du <i>Monde diplomatique<\/i> de 1954 \u00e0 nos\u00a0jours.<br \/>\n\t<a target=\"_blank\" id=\"pw-institutions\" class=\"suivi\" href=\"https:\/\/www.monde-diplomatique.fr\/archives\/institutions\">Retrouvez cette\u00a0offre sp\u00e9cifique<\/a>.\n<\/div>\n<\/div><\/div>\n<div>\n<p class=\"nom\">Jean-Arnault D\u00e9rens<\/p>\n<p>\n\t\t\t\t\tJournaliste. Vient de publier <i>G\u00e9opolitique de l\u2019orthodoxie. De Byzance \u00e0 la guerre en Ukraine,<\/i> Tallandier, Paris, 2025.<\/p>\n<\/p><\/div>\n<p><br \/>\n<br \/><a href=\"https:\/\/www.monde-diplomatique.fr\/2025\/11\/DERENS\/68919\" target=\"_blank\"\">Source link <\/a><\/p>\n","protected":false},"excerpt":{"rendered":"<p>Les le\u00e7ons de l\u2019ex-Yougoslavie Dans un monde qui sortait de la guerre froide, la lente et sanglante d\u00e9sagr\u00e9gation de l\u2019ex-Yougoslavie inspira de nombreuses solutions diplomatiques. Souvent b\u00e2ties sur des n\u00e9gociations&hellip; <\/p>\n","protected":false},"author":1,"featured_media":19048,"comment_status":"open","ping_status":"open","sticky":false,"template":"","format":"standard","meta":{"footnotes":""},"categories":[1],"tags":[],"class_list":["post-19047","post","type-post","status-publish","format-standard","has-post-thumbnail","hentry","category-non-classe"],"_links":{"self":[{"href":"https:\/\/monde25.info\/index.php\/wp-json\/wp\/v2\/posts\/19047","targetHints":{"allow":["GET"]}}],"collection":[{"href":"https:\/\/monde25.info\/index.php\/wp-json\/wp\/v2\/posts"}],"about":[{"href":"https:\/\/monde25.info\/index.php\/wp-json\/wp\/v2\/types\/post"}],"author":[{"embeddable":true,"href":"https:\/\/monde25.info\/index.php\/wp-json\/wp\/v2\/users\/1"}],"replies":[{"embeddable":true,"href":"https:\/\/monde25.info\/index.php\/wp-json\/wp\/v2\/comments?post=19047"}],"version-history":[{"count":0,"href":"https:\/\/monde25.info\/index.php\/wp-json\/wp\/v2\/posts\/19047\/revisions"}],"wp:featuredmedia":[{"embeddable":true,"href":"https:\/\/monde25.info\/index.php\/wp-json\/wp\/v2\/media\/19048"}],"wp:attachment":[{"href":"https:\/\/monde25.info\/index.php\/wp-json\/wp\/v2\/media?parent=19047"}],"wp:term":[{"taxonomy":"category","embeddable":true,"href":"https:\/\/monde25.info\/index.php\/wp-json\/wp\/v2\/categories?post=19047"},{"taxonomy":"post_tag","embeddable":true,"href":"https:\/\/monde25.info\/index.php\/wp-json\/wp\/v2\/tags?post=19047"}],"curies":[{"name":"wp","href":"https:\/\/api.w.org\/{rel}","templated":true}]}}