{"id":19049,"date":"2025-11-08T00:30:26","date_gmt":"2025-11-07T23:30:26","guid":{"rendered":"https:\/\/monde25.info\/index.php\/2025\/11\/08\/la-cop-de-la-verite-au-bresil-lula-lance-les-negociations-climat\/"},"modified":"2025-11-08T00:30:26","modified_gmt":"2025-11-07T23:30:26","slug":"la-cop-de-la-verite-au-bresil-lula-lance-les-negociations-climat","status":"publish","type":"post","link":"https:\/\/monde25.info\/index.php\/2025\/11\/08\/la-cop-de-la-verite-au-bresil-lula-lance-les-negociations-climat\/","title":{"rendered":"\u00ab\u00a0La COP de la v\u00e9rit\u00e9\u00a0\u00bb\u00a0: au Br\u00e9sil, Lula lance les n\u00e9gociations climat"},"content":{"rendered":"<p> <br \/>\n<br \/><img loading=\"lazy\" decoding=\"async\" src=\"https:\/\/reporterre.net\/local\/cache-vignettes\/L700xH467\/54907930664_7ad2dea38f_k_1_-07a62.jpg?1762531696\" class=\"spip_logo\" width=\"700\" height=\"467\" alt=\"\" \/><\/p>\n<p>Face au climatoscepticisme, la <span class=\"caps\">COP30<\/span> au Br\u00e9sil doit lutter contre les \u00ab<small class=\"fine d-inline\">\u00a0<\/small>forces extr\u00e9mistes<small class=\"fine d-inline\">\u00a0<\/small>\u00bb, a affirm\u00e9 Lula en amont du grand rendez-vous pour le climat, devant quelque 101 repr\u00e9sentants d&rsquo;\u00c9tat. <br class=\"autobr\" \/><br \/>\nBel\u00e9m (Br\u00e9sil), correspondance <br class=\"autobr\" \/><br \/>\n\u00c0 Bel\u00e9m, le sommet des dirigeants, grande r\u00e9union des repr\u00e9sentants des pays participant \u00e0 la <span class=\"caps\">COP30<\/span> qui s&rsquo;est tenue les 6 et 7\u00a0novembre, a d\u00e9marr\u00e9 sous forte pression. Dans son discours d&rsquo;ouverture, Ant\u00f3nio Guterres, secr\u00e9taire g\u00e9n\u00e9ral des Nations unies, a affirm\u00e9\u00a0(\u2026)<\/p>\n<p>                    <a target=\"_blank\" href=\"https:\/\/reporterre.net\/La-COP-de-la-verite-au-Bresil-Lula-lance-les-negociations-climat?utm_source=RSS&amp;utm_medium=RSS\">Lire la suite<\/a><\/p>\n<p>                    &#8211;<br \/>\n                        <a target=\"_blank\" href=\"https:\/\/reporterre.net\/Reportage\" rel=\"directory\">Reportage<\/a><\/p>\n<p>                    \/<br \/>\n                        <a target=\"_blank\" href=\"https:\/\/reporterre.net\/Climat-18\" rel=\"tag\">Climat <\/a><br \/>\n                    ,<br \/>\n                        <a target=\"_blank\" href=\"https:\/\/reporterre.net\/COP30\" rel=\"tag\"><span class=\"caps\">COP30<\/span><\/a><br \/>\n<br \/><br \/>\n<br \/><a href=\"https:\/\/reporterre.net\/La-COP-de-la-verite-au-Bresil-Lula-lance-les-negociations-climat\" target=\"_blank\"\">Source link <\/a><\/p>\n","protected":false},"excerpt":{"rendered":"<p>Face au climatoscepticisme, la COP30 au Br\u00e9sil doit lutter contre les \u00ab\u00a0forces extr\u00e9mistes\u00a0\u00bb, a affirm\u00e9 Lula en amont du grand rendez-vous pour le climat, devant quelque 101 repr\u00e9sentants d&rsquo;\u00c9tat. Bel\u00e9m&hellip; <\/p>\n","protected":false},"author":1,"featured_media":0,"comment_status":"open","ping_status":"open","sticky":false,"template":"","format":"standard","meta":{"footnotes":""},"categories":[1],"tags":[],"class_list":["post-19049","post","type-post","status-publish","format-standard","hentry","category-non-classe"],"_links":{"self":[{"href":"https:\/\/monde25.info\/index.php\/wp-json\/wp\/v2\/posts\/19049","targetHints":{"allow":["GET"]}}],"collection":[{"href":"https:\/\/monde25.info\/index.php\/wp-json\/wp\/v2\/posts"}],"about":[{"href":"https:\/\/monde25.info\/index.php\/wp-json\/wp\/v2\/types\/post"}],"author":[{"embeddable":true,"href":"https:\/\/monde25.info\/index.php\/wp-json\/wp\/v2\/users\/1"}],"replies":[{"embeddable":true,"href":"https:\/\/monde25.info\/index.php\/wp-json\/wp\/v2\/comments?post=19049"}],"version-history":[{"count":0,"href":"https:\/\/monde25.info\/index.php\/wp-json\/wp\/v2\/posts\/19049\/revisions"}],"wp:attachment":[{"href":"https:\/\/monde25.info\/index.php\/wp-json\/wp\/v2\/media?parent=19049"}],"wp:term":[{"taxonomy":"category","embeddable":true,"href":"https:\/\/monde25.info\/index.php\/wp-json\/wp\/v2\/categories?post=19049"},{"taxonomy":"post_tag","embeddable":true,"href":"https:\/\/monde25.info\/index.php\/wp-json\/wp\/v2\/tags?post=19049"}],"curies":[{"name":"wp","href":"https:\/\/api.w.org\/{rel}","templated":true}]}}