{"id":19050,"date":"2025-11-08T01:03:53","date_gmt":"2025-11-08T00:03:53","guid":{"rendered":"https:\/\/monde25.info\/index.php\/2025\/11\/08\/les-10-bonnes-nouvelles-de-la-semaine-17\/"},"modified":"2025-11-08T01:03:53","modified_gmt":"2025-11-08T00:03:53","slug":"les-10-bonnes-nouvelles-de-la-semaine-17","status":"publish","type":"post","link":"https:\/\/monde25.info\/index.php\/2025\/11\/08\/les-10-bonnes-nouvelles-de-la-semaine-17\/","title":{"rendered":"les 10 bonnes nouvelles de la semaine"},"content":{"rendered":"<p> <br \/>\n<\/p>\n<div>\n<h4><strong>Vous n\u2019avez pas eu le temps de suivre l\u2019actu et\/ou vous avez un coup de mou ? Voici 10 bonnes nouvelles \u00e0 ne surtout pas manquer.\u00a0<\/strong><\/h4>\n<h2><b>1. Mamdani \u00e9lu, cheh Trump !\u00a0<\/b><\/h2>\n<p><span style=\"font-weight: 400;\">Zohran Mamdani a \u00e9t\u00e9 \u00e9lu \u00e0 New York, <strong>malgr\u00e9 une campagne d\u2019islamophobie relay\u00e9e jusque dans les m\u00e9dias fran\u00e7ais.<\/strong> Son programme est ax\u00e9 sur le logement abordable, la gratuit\u00e9 des transports publics, une fiscalit\u00e9 redistributive, ainsi que le renforcement des services municipaux. (<\/span><a target=\"_blank\" href=\"https:\/\/www.politis.fr\/articles\/2025\/11\/patti-pris-mamdani-la-gauche-qui-reconcilie-radicalite-et-reel\/\"><span style=\"font-weight: 400;\">Politis<\/span><\/a><span style=\"font-weight: 400;\">)<\/span><\/p>\n<p><iframe loading=\"lazy\" title=\"Zohran Mamdani, un &quot;socialiste&quot; comme nouveau maire de New York \u2022 FRANCE 24\" width=\"1110\" height=\"624\" src=\"https:\/\/www.youtube.com\/embed\/0fTr_zSdu3k?feature=oembed\" frameborder=\"0\" allow=\"accelerometer; autoplay; clipboard-write; encrypted-media; gyroscope; picture-in-picture; web-share\" referrerpolicy=\"strict-origin-when-cross-origin\" allowfullscreen><\/iframe><\/p>\n<h2><b>2. Prix Sakharov : deux journalistes emprisonn\u00e9s r\u00e9compens\u00e9s\u00a0<\/b><\/h2>\n<p><span style=\"font-weight: 400;\">Le Parlement europ\u00e9en a d\u00e9cern\u00e9 <strong>le prix Sakharov 2025 \u00e0 deux journalistes emprisonn\u00e9s, l\u2019un au B\u00e9larus et l\u2019autre en G\u00e9orgie, pour leur courage dans des contextes de r\u00e9pression politique.<\/strong> Ce prix souligne la lutte pour la libert\u00e9 de la presse et la d\u00e9fense des droits humains dans des pays o\u00f9 l\u2019expression libre est s\u00e9v\u00e8rement restreinte. (<\/span><a target=\"_blank\" href=\"https:\/\/www.liberation.fr\/international\/europe\/prix-sakharov-deux-journalistes-emprisonnes-au-belarus-et-en-georgie-recompenses-20251022_Y4XF2RUKUJDY7EWPPKIRNRKQYQ\/\"><span style=\"font-weight: 400;\">Lib\u00e9ration<\/span><\/a><span style=\"font-weight: 400;\">)<\/span><\/p>\n<h2><b>3. Les jeunes toujours mobilis\u00e9s pour le climat\u00a0<\/b><\/h2>\n<p><span style=\"font-weight: 400;\">En 2025, malgr\u00e9 un essoufflement des grandes manifestations, <strong>la mobilisation climatique des jeunes se maintient, notamment par des actions et initiatives locales.<\/strong> (<\/span><a target=\"_blank\" href=\"https:\/\/www.alternatives-economiques.fr\/jeunes-toujours-chauds-defendre-climat\/00116723\"><span style=\"font-weight: 400;\">Alternatives Economiques<\/span><\/a><span style=\"font-weight: 400;\">)<\/span><\/p>\n<h2><b>4. Baisse historique de la d\u00e9forestation en Amazonie\u00a0<\/b><\/h2>\n<p><span style=\"font-weight: 400;\"><strong>Le Br\u00e9sil a connu une baisse historique de 11 % de la d\u00e9forestation en Amazonie, avec une diminution record des surfaces d\u00e9truites selon les chiffres du syst\u00e8me PRODES (INPE).<\/strong> C\u2019est un signal positif \u00e0 l\u2019approche de la COP30, t\u00e9moignant d\u2019efforts renforc\u00e9s de surveillance et de protection de la for\u00eat amazonienne. (<\/span><a target=\"_blank\" href=\"https:\/\/www.consoglobe.com\/bresil-baisse-historique-de-la-deforestation-en-amazonie-cg\"><span style=\"font-weight: 400;\">Consoglobe<\/span><\/a><span style=\"font-weight: 400;\">)<\/span><\/p>\n<h2><b>5. Les alternatives v\u00e9g\u00e9tales enfin moins ch\u00e8res que la viande en Allemagne\u00a0<\/b><\/h2>\n<p><span style=\"font-weight: 400;\">Pour la premi\u00e8re fois en Allemagne, <strong>les alternatives v\u00e9g\u00e9tales comme les schnitzels \u00e0 base de plantes sont devenues moins ch\u00e8res que les produits carn\u00e9s et laitiers.<\/strong> Cette tendance d\u00e9coule de la baisse des co\u00fbts de production et d\u2019une demande croissante, facilitant la transition vers une alimentation plus durable. (<\/span><a target=\"_blank\" href=\"https:\/\/www.faz.net\/aktuell\/wirtschaft\/mehr-wirtschaft\/veggie-schnitzel-pflanzliche-produkte-sind-erstmals-guenstiger-als-wurst-und-milch-accg-110752764.html\"><span style=\"font-weight: 400;\">FAZ<\/span><\/a><span style=\"font-weight: 400;\">)<\/span><\/p>\n<h2><b>6. Retour en force de la baleine franche<\/b><\/h2>\n<p><span style=\"font-weight: 400;\">La baleine franche, parmi les esp\u00e8ces les plus menac\u00e9es, donne des signes fragiles mais encourageants de renaissance en 2025, <strong>avec une hausse de\u202f2 % de la population par rapport \u00e0 l\u2019ann\u00e9e pr\u00e9c\u00e9dente, soit environ\u202f384\u202findividus, selon les donn\u00e9es relay\u00e9es par ScienceAlert.<\/strong> (<\/span><a target=\"_blank\" href=\"https:\/\/www.science-et-vie.com\/nature-et-environnement\/animaux\/une-lueur-despoir-la-baleine-la-plus-menacee-du-monde-montre-des-signes-dune-renaissance-fragile-216056.html\"><span style=\"font-weight: 400;\">Science-et-vie<\/span><\/a><span style=\"font-weight: 400;\">)<\/span><\/p>\n<figure id=\"attachment_1160320\" aria-describedby=\"caption-attachment-1160320\" style=\"width: 696px\" class=\"wp-caption alignnone\"><img fetchpriority=\"high\" decoding=\"async\" class=\"size-large wp-image-1160320\" src=\"https:\/\/mrmondialisation.org\/wp-content\/uploads\/2025\/11\/anim1750-flickr-noaa-photo-library-cropped-1524x955.jpg\" alt=\"Wikicommons - Par NOAA Photo Library \u2014 \" width=\"696\" height=\"436\" srcset=\"https:\/\/mrmondialisation.org\/wp-content\/uploads\/2025\/11\/anim1750-flickr-noaa-photo-library-cropped-1524x955.jpg 1524w, https:\/\/mrmondialisation.org\/wp-content\/uploads\/2025\/11\/anim1750-flickr-noaa-photo-library-cropped-1024x642.jpg 1024w, https:\/\/mrmondialisation.org\/wp-content\/uploads\/2025\/11\/anim1750-flickr-noaa-photo-library-cropped-768x481.jpg 768w, https:\/\/mrmondialisation.org\/wp-content\/uploads\/2025\/11\/anim1750-flickr-noaa-photo-library-cropped-1536x963.jpg 1536w, https:\/\/mrmondialisation.org\/wp-content\/uploads\/2025\/11\/anim1750-flickr-noaa-photo-library-cropped-2048x1284.jpg 2048w, https:\/\/mrmondialisation.org\/wp-content\/uploads\/2025\/11\/anim1750-flickr-noaa-photo-library-cropped-696x436.jpg 696w, https:\/\/mrmondialisation.org\/wp-content\/uploads\/2025\/11\/anim1750-flickr-noaa-photo-library-cropped-1068x670.jpg 1068w, https:\/\/mrmondialisation.org\/wp-content\/uploads\/2025\/11\/anim1750-flickr-noaa-photo-library-cropped-670x420.jpg 670w\" sizes=\"(max-width: 696px) 100vw, 696px\"\/><figcaption id=\"caption-attachment-1160320\" class=\"wp-caption-text\">Wikicommons \u2013 Par NOAA Photo Library<\/figcaption><\/figure>\n<h2><b>7. Covoiturage et mobilit\u00e9s douces pour les supporters de football<\/b><\/h2>\n<p><span style=\"font-weight: 400;\">Qui a dit que le foot n\u2019\u00e9tait pas \u00e9colo ? <strong>Des clubs de football en France misent d\u00e9sormais sur le covoiturage et les mobilit\u00e9s douces pour inciter les supporters \u00e0 adopter des modes de transport moins polluants<\/strong>, tout en renfor\u00e7ant la convivialit\u00e9 lors des d\u00e9placements vers les matchs. (<\/span><a target=\"_blank\" href=\"https:\/\/vert.eco\/articles\/covoiturage-mobilites-douces-pour-inciter-les-supporters-a-voyager-plus-vert-les-clubs-de-football-misent-sur-la-convivialite\"><span style=\"font-weight: 400;\">Vert<\/span><\/a><span style=\"font-weight: 400;\">)<\/span><\/p>\n<h2><b>8. Manifestations contre une carri\u00e8re en Dordogne<\/b><\/h2>\n<p><span style=\"font-weight: 400;\">\u00e0 Thiviers, en Dordogne, <strong>entre 200 et 300 personnes ont manifest\u00e9 contre l\u2019extension d\u2019une carri\u00e8re de quartz port\u00e9e par l\u2019entreprise Imerys, qui concerne 40 hectares en zone foresti\u00e8re, une parcelle naturelle prot\u00e9g\u00e9e au titre du Plan local d\u2019urbanisme.<\/strong> Elles s\u2019inqui\u00e8tent \u00e9galement des proc\u00e9d\u00e9s d\u2019exploitation et d\u2019affinage chimiques associ\u00e9s. (<a target=\"_blank\" href=\"https:\/\/reporterre.net\/En-Dordogne-des-centaines-de-manifestants-contre-40-hectares-de-carriere\">Reporterre<\/a>)<\/span><\/p>\n<h2><b>9. Refleurir les Corbi\u00e8res apr\u00e8s les incendies\u00a0<\/b><\/h2>\n<p><span style=\"font-weight: 400;\">Apr\u00e8s les incendies qui ont ravag\u00e9 plus de 17 000 hectares dans les Corbi\u00e8res (Aude) en ao\u00fbt 2025, <strong>agriculteurs, habitants, b\u00e9n\u00e9voles et chasseurs se mobilisent pour reverdir et r\u00e9g\u00e9n\u00e9rer le territoire.<\/strong> L\u2019op\u00e9ration <strong>\u00ab Refleurir les Corbi\u00e8res \u00bb<\/strong> vise \u00e0 semer des engrais verts pour prot\u00e9ger les sols mis \u00e0 nu, lutter contre l\u2019\u00e9rosion et pr\u00e9parer des p\u00e2turages pour le printemps. (<\/span><a target=\"_blank\" href=\"https:\/\/basta.media\/sinistres-flammes-ils-sement-pour-refleurir-Corbieres-changement-modele-agricole-Aude-incendies\"><span style=\"font-weight: 400;\">Basta<\/span><\/a><span style=\"font-weight: 400;\">)<\/span><\/p>\n<div class=\"td-a-rec td-a-rec-id-content_inline  tdi_1 td_block_template_1\">\n<span class=\"td-adspot-title\">&#8211; Pour une information libre ! &#8211;<\/span><a target=\"_blank\" href=\"https:\/\/fr.tipeee.com\/mr-mondialisation\" class=\"tipeee-project-small\">Soutenir Mr Japanization sur Tipeee<\/a>\n<\/div>\n<h2><b>10. Maison pour seniors LGBTQI\u00a0<\/b><\/h2>\n<p><span style=\"font-weight: 400;\">\u00c0 l\u2019\u00e9t\u00e9 2025, <strong>la \u00ab Maison de la diversit\u00e9 \u00bb a ouvert ses portes \u00e0 Lyon dans le quartier de la Croix-Rousse.<\/strong> Il s\u2019agit d\u2019une r\u00e9sidence d\u00e9di\u00e9e aux personnes LGBTQI+ de plus de 55 ans, visant \u00e0 rompre leur isolement social et lutter contre les discriminations qui marquent encore cette g\u00e9n\u00e9ration. (<\/span><a target=\"_blank\" href=\"https:\/\/basta.media\/vieillir-ensemble-sans-avoir-peur-d-etre-discrimine-une-nouvelle-maison-pour-seniors-LGBTQI\"><span style=\"font-weight: 400;\">Basta<\/span><\/a><span style=\"font-weight: 400;\">)<\/span><\/p>\n<h2><strong>11. YouTube lance une cat\u00e9gorie sant\u00e9 mentale pour adolescents<\/strong><\/h2>\n<p><span style=\"font-weight: 400;\"><strong>YouTube annonce une section d\u00e9di\u00e9e \u00e0 la sant\u00e9 mentale des adolescents<\/strong> avec des contenus p\u00e9dagogiques, t\u00e9moignages et ressources valid\u00e9es, visant \u00e0 soutenir la pr\u00e9vention et l\u2019accompagnement des jeunes confront\u00e9s \u00e0 des troubles psychiques. (<\/span><a target=\"_blank\" href=\"https:\/\/sante.ouest-france.fr\/sante-mentale\/que-pourra-t-on-trouver-sur-la-nouvelle-section-dediee-a-la-sante-mentale-des-ados-sur-youtube-8f2c21c8-af4a-11f0-ad64-c51ff7d9b96e\"><span style=\"font-weight: 400;\">Sant\u00e9 ouest<\/span><\/a><span style=\"font-weight: 400;\">)<\/span><\/p>\n<p style=\"text-align: right;\"><em>\u2013\u00a0 Mauricette Baelen\u00a0<\/em><\/p>\n<div class=\"td-a-rec td-a-rec-id-content_bottom  tdi_2 td_block_template_1\">\n<span class=\"td-adspot-title\">&#8211; Cet article gratuit et ind\u00e9pendant existe gr\u00e2ce \u00e0 vous &#8211;<\/span><\/p>\n<div class=\"td-all-devices\">\n    <a target=\"_blank\" href=\"https:\/\/mrmondialisation.org\/donation\/\" title=\"Faire_un_don\"><img decoding=\"async\" class=\"donationArticle\" src=\"https:\/\/mrmondialisation.org\/wp-content\/uploads\/2022\/12\/220405-flikalicious-final.jpg\" alt=\"Donation\"\/><\/a>\n<\/div>\n<\/div><\/div>\n<p><br \/>\n<br \/><a href=\"https:\/\/mrmondialisation.org\/mamdani-baisse-de-la-deforestation-et-jeunes-engages-les-10-bonnes-nouvelles-de-la-semaine\/\" target=\"_blank\"\">Source link <\/a><\/p>\n","protected":false},"excerpt":{"rendered":"<p>Vous n\u2019avez pas eu le temps de suivre l\u2019actu et\/ou vous avez un coup de mou ? Voici 10 bonnes nouvelles \u00e0 ne surtout pas manquer.\u00a0 1. Mamdani \u00e9lu, cheh&hellip; <\/p>\n","protected":false},"author":1,"featured_media":19051,"comment_status":"open","ping_status":"open","sticky":false,"template":"","format":"standard","meta":{"footnotes":""},"categories":[1],"tags":[],"class_list":["post-19050","post","type-post","status-publish","format-standard","has-post-thumbnail","hentry","category-non-classe"],"_links":{"self":[{"href":"https:\/\/monde25.info\/index.php\/wp-json\/wp\/v2\/posts\/19050","targetHints":{"allow":["GET"]}}],"collection":[{"href":"https:\/\/monde25.info\/index.php\/wp-json\/wp\/v2\/posts"}],"about":[{"href":"https:\/\/monde25.info\/index.php\/wp-json\/wp\/v2\/types\/post"}],"author":[{"embeddable":true,"href":"https:\/\/monde25.info\/index.php\/wp-json\/wp\/v2\/users\/1"}],"replies":[{"embeddable":true,"href":"https:\/\/monde25.info\/index.php\/wp-json\/wp\/v2\/comments?post=19050"}],"version-history":[{"count":0,"href":"https:\/\/monde25.info\/index.php\/wp-json\/wp\/v2\/posts\/19050\/revisions"}],"wp:featuredmedia":[{"embeddable":true,"href":"https:\/\/monde25.info\/index.php\/wp-json\/wp\/v2\/media\/19051"}],"wp:attachment":[{"href":"https:\/\/monde25.info\/index.php\/wp-json\/wp\/v2\/media?parent=19050"}],"wp:term":[{"taxonomy":"category","embeddable":true,"href":"https:\/\/monde25.info\/index.php\/wp-json\/wp\/v2\/categories?post=19050"},{"taxonomy":"post_tag","embeddable":true,"href":"https:\/\/monde25.info\/index.php\/wp-json\/wp\/v2\/tags?post=19050"}],"curies":[{"name":"wp","href":"https:\/\/api.w.org\/{rel}","templated":true}]}}