{"id":19054,"date":"2025-11-08T02:09:54","date_gmt":"2025-11-08T01:09:54","guid":{"rendered":"https:\/\/monde25.info\/index.php\/2025\/11\/08\/nancy-pelosi-figure-democrate-du-congres-americain-annonce-sa-retraite\/"},"modified":"2025-11-08T02:09:54","modified_gmt":"2025-11-08T01:09:54","slug":"nancy-pelosi-figure-democrate-du-congres-americain-annonce-sa-retraite","status":"publish","type":"post","link":"https:\/\/monde25.info\/index.php\/2025\/11\/08\/nancy-pelosi-figure-democrate-du-congres-americain-annonce-sa-retraite\/","title":{"rendered":"Nancy Pelosi, figure d\u00e9mocrate du Congr\u00e8s am\u00e9ricain, annonce sa retraite"},"content":{"rendered":"<p> <br \/>\n<\/p>\n<div>\n<p>L&rsquo;\u00e9lue d\u00e9mocrate Nancy Pelosi, figure tr\u00e8s critiqu\u00e9e de la sc\u00e8ne politique am\u00e9ricaine des quatre derni\u00e8res d\u00e9cennies et ayant dirig\u00e9 la Chambre des repr\u00e9sentants, a annonc\u00e9 jeudi qu&rsquo;elle prendrait sa retraite en janvier 2027, au terme de son mandat actuel.<\/p>\n<p>\u00ab\u00a0J&rsquo;ai vraiment aim\u00e9 porter votre voix au Congr\u00e8s\u00a0\u00bb, a d\u00e9clar\u00e9 l&rsquo;\u00e9lue de 85 ans sur les r\u00e9seaux sociaux dans une vid\u00e9o d\u00e9di\u00e9e aux habitants de San Francisco, qu&rsquo;elle repr\u00e9sentait depuis 38 ans.<\/p>\n<p>Lors du premier mandat de Donald Trump (2017-2021), la Californienne s&rsquo;\u00e9tait \u00e9rig\u00e9e parmi les principaux opposants au r\u00e9publicain, dans un premier temps en tant que cheffe de la minorit\u00e9 \u00e0 la Chambre, puis, \u00e0 partir de 2019, en tant que \u00ab\u00a0speaker\u00a0\u00bb, lorsque les d\u00e9mocrates y avaient regagn\u00e9 la majorit\u00e9.<\/p>\n<p>Dans ce r\u00f4le souvent de l&rsquo;ombre, qu&rsquo;elle avait d\u00e9j\u00e0 occup\u00e9 de 2007 \u00e0 2011, Nancy Pelosi avait pris une place.<\/p>\n<p>Habitu\u00e9e des luttes entre les partis, mais aussi intestines, elle est en grande partie cr\u00e9dit\u00e9e du passage de la r\u00e9forme de la sant\u00e9 de Barack Obama en 2010 et des gigantesques plans d&rsquo;investissements de Joe Biden en 2021.<\/p>\n<p>Au moment du premier passage \u00e0 la Maison Blanche de Donald Trump, elle avait \u00e9t\u00e9 \u00e0 l&rsquo;origine d&rsquo;une des images embl\u00e9matiques de ces quatre ann\u00e9es\u00a0: lors du discours annuel du pr\u00e9sident devant les parlementaires en 2020, Nancy Pelosi, assise derri\u00e8re lui, \u00e9coute Donald Trump d&rsquo;un air pinc\u00e9, souvent d\u00e9sapprobateur.<\/p>\n<p>\u00c0 peine a-t-il termin\u00e9 qu&rsquo;elle d\u00e9chire ostensiblement la copie de ses propos sous l&rsquo;\u0153il de l&rsquo;assembl\u00e9e m\u00e9dus\u00e9e. Elle expliquera ensuite avoir voulu d\u00e9truire un \u00ab\u00a0ramassis de contre-v\u00e9rit\u00e9s\u00a0\u00bb.<\/p>\n<p>L&rsquo;un des points d&rsquo;orgue de son mandat intervient pr\u00e8s d&rsquo;un an plus tard, le 6 janvier 2021, quand l&rsquo;\u00e9quipe de Nancy Pelosi l&rsquo;informe de l&rsquo;intention de Donald Trump de se m\u00ealer \u00e0 la foule venant vers le Congr\u00e8s, elle s&rsquo;exclame sans d\u00e9tour\u00a0: \u00ab\u00a0S&rsquo;il vient, je vais le virer \u00e0 coups de poing, j&rsquo;attends \u00e7a depuis longtemps\u00a0\u00bb.<\/p>\n<p>Donald Trump, qui l&rsquo;a souvent surnomm\u00e9e \u00ab\u00a0Crazy Nancy\u00a0\u00bb (\u00ab\u00a0Nancy la folle\u00a0\u00bb), l&rsquo;a d\u00e9peinte comme une caricature du marigot politique, qu&rsquo;il souhaite combattre.<\/p>\n<p>En janvier 2022, elle avait d\u00fb quitter le perchoir lorsque les r\u00e9publicains avaient repris la majorit\u00e9 \u00e0 la Chambre. Nancy Pelosi avait \u00e9galement annonc\u00e9 renoncer \u00e0 tout poste de dirigeante au sein de la minorit\u00e9.<\/p>\n<p>Elle quittera d\u00e9finitivement le Congr\u00e8s dans un peu plus d&rsquo;un an, apr\u00e8s quarante ann\u00e9es \u00e0 arpenter les couloirs du Capitole.<\/p>\n<p style=\"-webkit-text-stroke-width:0px;caret-color:rgb(0, 0, 0);color:rgb(0, 0, 0);font-style:normal;font-variant-caps:normal;font-weight:400;letter-spacing:normal;orphans:auto;text-align:start;text-decoration:none;text-indent:0px;text-transform:none;white-space:pre-wrap;widows:auto;word-spacing:0px;\" dir=\"auto\">Trump lui-m\u00eame, en r\u00e9action \u00e0 sa retraite, la qualifiera d'\u00a0\u00bbevil\u00a0\u00bb (mal\u00e9fique) et corrompue, se f\u00e9licitant de ses deux impeachments rat\u00e9s contre lui.<\/p>\n<\/div>\n<p><script>(function(d, s, id) {  var js, fjs = d.getElementsByTagName(s)[0];  if (d.getElementById(id)) return;  js = d.createElement(s); js.id = id;  js.src = \"\/\/connect.facebook.net\/fr_FR\/sdk.js#xfbml=1&version=v2.3\";  fjs.parentNode.insertBefore(js, fjs);}(document, \"script\", \"facebook-jssdk\"));<\/script><br \/>\n<br \/><br \/>\n<br \/><a href=\"https:\/\/www.francesoir.fr\/politique-monde\/nancy-pelosi-figure-democrate-du-congres-americain-annonce-sa-retraite\" target=\"_blank\"\">Source link <\/a><\/p>\n","protected":false},"excerpt":{"rendered":"<p>L&rsquo;\u00e9lue d\u00e9mocrate Nancy Pelosi, figure tr\u00e8s critiqu\u00e9e de la sc\u00e8ne politique am\u00e9ricaine des quatre derni\u00e8res d\u00e9cennies et ayant dirig\u00e9 la Chambre des repr\u00e9sentants, a annonc\u00e9 jeudi qu&rsquo;elle prendrait sa retraite&hellip; <\/p>\n","protected":false},"author":1,"featured_media":19055,"comment_status":"open","ping_status":"open","sticky":false,"template":"","format":"standard","meta":{"footnotes":""},"categories":[1],"tags":[],"class_list":["post-19054","post","type-post","status-publish","format-standard","has-post-thumbnail","hentry","category-non-classe"],"_links":{"self":[{"href":"https:\/\/monde25.info\/index.php\/wp-json\/wp\/v2\/posts\/19054","targetHints":{"allow":["GET"]}}],"collection":[{"href":"https:\/\/monde25.info\/index.php\/wp-json\/wp\/v2\/posts"}],"about":[{"href":"https:\/\/monde25.info\/index.php\/wp-json\/wp\/v2\/types\/post"}],"author":[{"embeddable":true,"href":"https:\/\/monde25.info\/index.php\/wp-json\/wp\/v2\/users\/1"}],"replies":[{"embeddable":true,"href":"https:\/\/monde25.info\/index.php\/wp-json\/wp\/v2\/comments?post=19054"}],"version-history":[{"count":0,"href":"https:\/\/monde25.info\/index.php\/wp-json\/wp\/v2\/posts\/19054\/revisions"}],"wp:featuredmedia":[{"embeddable":true,"href":"https:\/\/monde25.info\/index.php\/wp-json\/wp\/v2\/media\/19055"}],"wp:attachment":[{"href":"https:\/\/monde25.info\/index.php\/wp-json\/wp\/v2\/media?parent=19054"}],"wp:term":[{"taxonomy":"category","embeddable":true,"href":"https:\/\/monde25.info\/index.php\/wp-json\/wp\/v2\/categories?post=19054"},{"taxonomy":"post_tag","embeddable":true,"href":"https:\/\/monde25.info\/index.php\/wp-json\/wp\/v2\/tags?post=19054"}],"curies":[{"name":"wp","href":"https:\/\/api.w.org\/{rel}","templated":true}]}}