{"id":19063,"date":"2025-11-08T07:06:37","date_gmt":"2025-11-08T06:06:37","guid":{"rendered":"https:\/\/monde25.info\/index.php\/2025\/11\/08\/les-10-infos-a-ne-pas-manquer-cette-semaine-2\/"},"modified":"2025-11-08T07:06:37","modified_gmt":"2025-11-08T06:06:37","slug":"les-10-infos-a-ne-pas-manquer-cette-semaine-2","status":"publish","type":"post","link":"https:\/\/monde25.info\/index.php\/2025\/11\/08\/les-10-infos-a-ne-pas-manquer-cette-semaine-2\/","title":{"rendered":"les 10 infos \u00e0 ne pas manquer cette semaine"},"content":{"rendered":"<p> <br \/>\n<\/p>\n<div>\n<h4><strong>Vous n\u2019avez pas eu le temps de suivre l\u2019actu ? Voici les 10 infos \u00e0 ne surtout pas manquer cette semaine.\u00a0<\/strong><\/h4>\n<h2><b>1. Les poussins sont toujours broy\u00e9s en France malgr\u00e9 l\u2019interdiction\u00a0<\/b><\/h2>\n<p><span style=\"font-weight: 400;\">Malgr\u00e9 l\u2019interdiction depuis janvier 2023 du broyage des poussins m\u00e2les dans la fili\u00e8re des poules pondeuses,<strong> cette pratique demeure autoris\u00e9e et pratiqu\u00e9e dans la fili\u00e8re de la viande, comme le r\u00e9v\u00e8le <a target=\"_blank\" href=\"https:\/\/www.instagram.com\/reel\/DQhX5IBDFKt\/\">une enqu\u00eate de L214.<\/a><\/strong> Pourtant, des pratiques comme l\u2019ovosexage existent. (<\/span><a target=\"_blank\" href=\"https:\/\/reporterre.net\/Les-poussins-sont-toujours-broyes-en-France-malgre-l-interdiction\"><span style=\"font-weight: 400;\">Reporterre<\/span><\/a><span style=\"font-weight: 400;\">)<\/span><\/p>\n<h2><strong>2. Le changement climatique fait de plus en plus de victimes\u00a0<\/strong><\/h2>\n<p><span style=\"font-weight: 400;\">Entre 2012 et 2021, <strong>la mortalit\u00e9 li\u00e9e \u00e0 la chaleur a augment\u00e9 de 63\u2009%, avec en moyenne 546 000 d\u00e9c\u00e8s par an imputables \u00e0 la chaleur extr\u00eame.<\/strong> Les plus pauvres sont les plus expos\u00e9s, et les d\u00e9placements forc\u00e9s de populations ont atteint un record en 2024. (<\/span><a target=\"_blank\" href=\"https:\/\/www.politis.fr\/articles\/2025\/11\/analyse-le-changement-climatique-fait-de-plus-en-plus-de-victimes\/\"><span style=\"font-weight: 400;\">Politis<\/span><\/a><span style=\"font-weight: 400;\">)<\/span><\/p>\n<h2><strong>3. Lafarge pr\u00e9f\u00e8re le ciment \u00e0 l\u2019humain\u00a0<\/strong><\/h2>\n<p><span style=\"font-weight: 400;\">Entre 2011 et 2014, <strong>la soci\u00e9t\u00e9 Lafarge a maintenu son usine en Syrie en versant des fonds \u00e0 des groupes arm\u00e9s,<\/strong> <strong>dont Daech,<\/strong> au d\u00e9triment des populations locales, en pleine guerre civile. La multinationale et huit de ses anciens cadres r\u00e9pondent en ce moment devant le tribunal correctionnel de Paris du chef d\u2019inculpation de \u00ab financement du terrorisme \u00bb. (<\/span><a target=\"_blank\" href=\"https:\/\/www.humanite.fr\/monde\/daech\/ils-ont-prefere-le-ciment-a-lhumain-tout-ce-quil-faut-savoir-sur-le-proces-de-lafarge-pour-financement-du-terrorisme\"><span style=\"font-weight: 400;\">L\u2019humanit\u00e9<\/span><\/a><span style=\"font-weight: 400;\">)<\/span><\/p>\n<h2><b>4. Les apprentis et alternants victimes du budget\u00a0<\/b><\/h2>\n<p><span style=\"font-weight: 400;\"><strong>Fin des exon\u00e9rations, baisse des aides, coupes dans les centres de formation\u2026<\/strong> Les apprentis et alternants subissent de plein fouet les effets n\u00e9gatifs des mesures budg\u00e9taires du projet de loi de financement de la S\u00e9curit\u00e9 sociale 2026. (<\/span><a target=\"_blank\" href=\"https:\/\/www.humanite.fr\/social-et-economie\/apprentissage\/emploi-les-apprentis-et-les-alternants-dernieres-victimes-en-date-du-budget-lecornu\"><span style=\"font-weight: 400;\">L\u2019humanit\u00e9<\/span><\/a><span style=\"font-weight: 400;\">)<\/span><span style=\"font-weight: 400;\"><br \/><\/span><b\/><\/p>\n<h2><strong>5. Les S\u00e1mis poursuivent la Finlande en justice\u00a0<\/strong><\/h2>\n<p><span style=\"font-weight: 400;\">Pour la premi\u00e8re fois en Europe, <strong>le peuple Sami, communaut\u00e9 autochtone, porte plainte \u00e0 l\u2019ONU pour d\u00e9noncer l\u2019impact du changement climatique sur sa culture.<\/strong> Trente-trois \u00e9leveurs de rennes s\u00e1mis de Muddusj\u00e4rvi accusent la Finlande d\u2019avoir viol\u00e9 leurs droits fondamentaux en autorisant une exploitation intensive des for\u00eats et en n\u00e9gligeant la protection de leurs terres face au d\u00e9r\u00e8glement climatique. (<\/span><a target=\"_blank\" href=\"https:\/\/lareleveetlapeste.fr\/les-samis-poursuivent-la-finlande-en-justice-pour-recuperer-leurs-terres\/\"><span style=\"font-weight: 400;\">La Rel\u00e8ve Et La Peste<\/span><\/a><span style=\"font-weight: 400;\">)<\/span><\/p>\n<figure id=\"attachment_1162625\" aria-describedby=\"caption-attachment-1162625\" style=\"width: 696px\" class=\"wp-caption alignnone\"><img fetchpriority=\"high\" decoding=\"async\" class=\"size-large wp-image-1162625\" src=\"https:\/\/mrmondialisation.org\/wp-content\/uploads\/2025\/11\/honningsvag-2013-06-09-3460-10302412674-1-1524x1020.jpg\" alt=\"Par Harvey Barrison from Massapequa, NY, USA \u2014 Honningsv\u00e5g_2013 06 09_3460Uploaded by Arsenikk, CC BY-SA 2.0, https:\/\/commons.wikimedia.org\/w\/index.php?curid=29602208\" width=\"696\" height=\"466\" srcset=\"https:\/\/mrmondialisation.org\/wp-content\/uploads\/2025\/11\/honningsvag-2013-06-09-3460-10302412674-1-1524x1020.jpg 1524w, https:\/\/mrmondialisation.org\/wp-content\/uploads\/2025\/11\/honningsvag-2013-06-09-3460-10302412674-1-1024x685.jpg 1024w, https:\/\/mrmondialisation.org\/wp-content\/uploads\/2025\/11\/honningsvag-2013-06-09-3460-10302412674-1-768x514.jpg 768w, https:\/\/mrmondialisation.org\/wp-content\/uploads\/2025\/11\/honningsvag-2013-06-09-3460-10302412674-1-1536x1028.jpg 1536w, https:\/\/mrmondialisation.org\/wp-content\/uploads\/2025\/11\/honningsvag-2013-06-09-3460-10302412674-1-2048x1371.jpg 2048w, https:\/\/mrmondialisation.org\/wp-content\/uploads\/2025\/11\/honningsvag-2013-06-09-3460-10302412674-1-696x466.jpg 696w, https:\/\/mrmondialisation.org\/wp-content\/uploads\/2025\/11\/honningsvag-2013-06-09-3460-10302412674-1-1068x715.jpg 1068w, https:\/\/mrmondialisation.org\/wp-content\/uploads\/2025\/11\/honningsvag-2013-06-09-3460-10302412674-1-627x420.jpg 627w\" sizes=\"(max-width: 696px) 100vw, 696px\"\/><figcaption id=\"caption-attachment-1162625\" class=\"wp-caption-text\">Par Harvey Barrison from Massapequa, NY, USA \u2014 Honningsv\u00e5g_2013 06 09_3460<\/figcaption><\/figure>\n<h2><b>6. Lactalis continue de polluer en toute impunit\u00e9<\/b><\/h2>\n<p><span style=\"font-weight: 400;\">Malgr\u00e9 plusieurs condamnations pour rejets polluants dangereux dans des rivi\u00e8res, dont des amendes importantes, <strong>le groupe Lactalis continue d\u2019\u00e9mettre des substances toxiques (azote, phosphore, produits chimiques) qui transforment les eaux en \u00e9gouts industriels.<\/strong> Les auto-contr\u00f4les du groupe sont remis en question par des inspections ind\u00e9pendantes. Que fait l\u2019Etat ? Rien. (<\/span><a target=\"_blank\" href=\"https:\/\/disclose.ngo\/fr\/article\/lactalis-continue-de-polluer-en-toute-impunite\"><span style=\"font-weight: 400;\">Disclose<\/span><\/a><span style=\"font-weight: 400;\">)<\/span><\/p>\n<h2><b>7. Des d\u00e9passements chroniques de substances canc\u00e9rig\u00e8nes dans l\u2019eau potable en Guyane<\/b><\/h2>\n<p><span style=\"font-weight: 400;\">En Guyane, <strong>des substances potentiellement canc\u00e9rig\u00e8nes telles que les trihalom\u00e9thanes, l\u2019aluminium et le mercure ont \u00e9t\u00e9 d\u00e9tect\u00e9es dans l\u2019eau potable de nombreuses communes.<\/strong> Ces compos\u00e9s d\u00e9passent fr\u00e9quemment les seuils fix\u00e9s par les normes europ\u00e9ennes, ce qui suscite une inqui\u00e9tude quant aux risques sanitaires \u00e0 long terme pour la population, d\u00e9nonce le d\u00e9put\u00e9 Jean-Victor Castor. (<\/span><a target=\"_blank\" href=\"https:\/\/www.mediapart.fr\/journal\/ecologie\/031125\/en-guyane-des-depassements-chroniques-de-substances-cancerigenes-dans-l-eau-potable-interpellent\"><span style=\"font-weight: 400;\">Mediapart<\/span><\/a><span style=\"font-weight: 400;\">)<\/span><\/p>\n<h2><b>8. Isra\u00ebl : Arrestation de l\u2019ex-procureure g\u00e9n\u00e9rale de l\u2019arm\u00e9e apr\u00e8s la fuite en 2024 d\u2019une vid\u00e9o de s\u00e9vices\u00a0<\/b><\/h2>\n<p><span style=\"font-weight: 400;\"><strong>L\u2019ancienne procureure g\u00e9n\u00e9rale de l\u2019arm\u00e9e isra\u00e9lienne, Yifat Tomer-Yerushalmi a \u00e9t\u00e9 arr\u00eat\u00e9e suite \u00e0 la fuite d\u2019une vid\u00e9o montrant des s\u00e9vices de soldats envers des Palestiniens en 2024.<\/strong> Elle avait reconnu avoir autoris\u00e9 la fuite de ces images pour contrer ce qu\u2019elle consid\u00e9rait comme une propagande anti-militaire et avait d\u00e9missionn\u00e9.(<\/span><a target=\"_blank\" href=\"https:\/\/www.courrierinternational.com\/depeche\/israel-l-ex-procureure-generale-de-l-armee-arretee-apres-la-fuite-en-2024-d-une-video-de-sevices.afp.com.20251103.doc.82tx3cq.xml\"><span style=\"font-weight: 400;\">Courrier International<\/span><\/a><span style=\"font-weight: 400;\">)<\/span><span style=\"font-weight: 400;\"><br \/><\/span><\/p>\n<p><iframe loading=\"lazy\" title=\"Isra\u00ebl : l\u2019ex-procureure g\u00e9n\u00e9rale de l\u2019arm\u00e9e reconna\u00eet avoir fait fuiter une vid\u00e9o de s\u00e9vices\" width=\"1110\" height=\"624\" src=\"https:\/\/www.youtube.com\/embed\/kKTx7wv7CXw?feature=oembed\" frameborder=\"0\" allow=\"accelerometer; autoplay; clipboard-write; encrypted-media; gyroscope; picture-in-picture; web-share\" referrerpolicy=\"strict-origin-when-cross-origin\" allowfullscreen><\/iframe><\/p>\n<h2><b>9. Une s\u00e9rie de d\u00e9crets renforce le pouvoir des pr\u00e9fets<\/b><\/h2>\n<p><span style=\"font-weight: 400;\"><strong>Des d\u00e9crets r\u00e9cents renforcent le pouvoir des pr\u00e9fets fran\u00e7ais notamment dans les domaines de la s\u00e9curit\u00e9, de l\u2019urbanisme et de l\u2019environnement.<\/strong> Des mesures critiqu\u00e9es pour leur centralisation excessive du pouvoir au d\u00e9triment des \u00e9lus locaux et de la d\u00e9mocratie participative. (<\/span><a target=\"_blank\" href=\"https:\/\/contre-attaque.net\/2025\/10\/28\/une-serie-de-decrets-renforce-le-pouvoir-des-prefets\/\"><span style=\"font-weight: 400;\">Contre-Attaque<\/span><\/a><span style=\"font-weight: 400;\">)<\/span><\/p>\n<div class=\"td-a-rec td-a-rec-id-content_inline  tdi_1 td_block_template_1\">\n<span class=\"td-adspot-title\">&#8211; Pour une information libre ! &#8211;<\/span><a target=\"_blank\" href=\"https:\/\/fr.tipeee.com\/mr-mondialisation\" class=\"tipeee-project-small\">Soutenir Mr Japanization sur Tipeee<\/a>\n<\/div>\n<h2><b>10. La surp\u00eache du maquereau risque de provoquer l\u2019effondrement de tout l\u2019\u00e9cosyst\u00e8me marin\u00a0<\/b><\/h2>\n<p><span style=\"font-weight: 400;\"><strong>La surp\u00eache intensive du maquereau en Europe menace l\u2019\u00e9quilibre de l\u2019\u00e9cosyst\u00e8me marin. Consid\u00e9r\u00e9e comme une esp\u00e8ce cl\u00e9, sa diminution pourrait entra\u00eener des cons\u00e9quences dramatiques sur toute la cha\u00eene alimentaire marine.<\/strong> Les scientifiques appellent \u00e0 une r\u00e9gulation stricte des quotas de p\u00eache pour \u00e9viter un effondrement \u00e9cologique. (<\/span><a target=\"_blank\" href=\"https:\/\/lareleveetlapeste.fr\/la-surpeche-du-maquereau-risque-de-provoquer-leffondrement-de-tout-lecosysteme-marin\/\"><span style=\"font-weight: 400;\">La Rel\u00e8ve et la Peste<\/span><\/a><span style=\"font-weight: 400;\">)<\/span><\/p>\n<p style=\"text-align: right;\"><em>\u2013 Mauricette Baelen<\/em><\/p>\n<div class=\"td-a-rec td-a-rec-id-content_bottom  tdi_2 td_block_template_1\">\n<span class=\"td-adspot-title\">&#8211; Cet article gratuit et ind\u00e9pendant existe gr\u00e2ce \u00e0 vous &#8211;<\/span><\/p>\n<div class=\"td-all-devices\">\n    <a target=\"_blank\" href=\"https:\/\/mrmondialisation.org\/donation\/\" title=\"Faire_un_don\"><img decoding=\"async\" class=\"donationArticle\" src=\"https:\/\/mrmondialisation.org\/wp-content\/uploads\/2022\/12\/220405-flikalicious-final.jpg\" alt=\"Donation\"\/><\/a>\n<\/div>\n<\/div><\/div>\n<p><script async defer src=\"https:\/\/platform.instagram.com\/en_US\/embeds.js\"><\/script><br \/>\n<br \/><br \/>\n<br \/><a href=\"https:\/\/mrmondialisation.org\/changement-climatique-lafargue-et-maquereaux-les-10-infos-a-ne-pas-manquer-cette-semaine\/\" target=\"_blank\"\">Source link <\/a><\/p>\n","protected":false},"excerpt":{"rendered":"<p>Vous n\u2019avez pas eu le temps de suivre l\u2019actu ? Voici les 10 infos \u00e0 ne surtout pas manquer cette semaine.\u00a0 1. Les poussins sont toujours broy\u00e9s en France malgr\u00e9&hellip; <\/p>\n","protected":false},"author":1,"featured_media":19064,"comment_status":"open","ping_status":"open","sticky":false,"template":"","format":"standard","meta":{"footnotes":""},"categories":[1],"tags":[],"class_list":["post-19063","post","type-post","status-publish","format-standard","has-post-thumbnail","hentry","category-non-classe"],"_links":{"self":[{"href":"https:\/\/monde25.info\/index.php\/wp-json\/wp\/v2\/posts\/19063","targetHints":{"allow":["GET"]}}],"collection":[{"href":"https:\/\/monde25.info\/index.php\/wp-json\/wp\/v2\/posts"}],"about":[{"href":"https:\/\/monde25.info\/index.php\/wp-json\/wp\/v2\/types\/post"}],"author":[{"embeddable":true,"href":"https:\/\/monde25.info\/index.php\/wp-json\/wp\/v2\/users\/1"}],"replies":[{"embeddable":true,"href":"https:\/\/monde25.info\/index.php\/wp-json\/wp\/v2\/comments?post=19063"}],"version-history":[{"count":0,"href":"https:\/\/monde25.info\/index.php\/wp-json\/wp\/v2\/posts\/19063\/revisions"}],"wp:featuredmedia":[{"embeddable":true,"href":"https:\/\/monde25.info\/index.php\/wp-json\/wp\/v2\/media\/19064"}],"wp:attachment":[{"href":"https:\/\/monde25.info\/index.php\/wp-json\/wp\/v2\/media?parent=19063"}],"wp:term":[{"taxonomy":"category","embeddable":true,"href":"https:\/\/monde25.info\/index.php\/wp-json\/wp\/v2\/categories?post=19063"},{"taxonomy":"post_tag","embeddable":true,"href":"https:\/\/monde25.info\/index.php\/wp-json\/wp\/v2\/tags?post=19063"}],"curies":[{"name":"wp","href":"https:\/\/api.w.org\/{rel}","templated":true}]}}