{"id":19069,"date":"2025-11-08T08:46:17","date_gmt":"2025-11-08T07:46:17","guid":{"rendered":"https:\/\/monde25.info\/index.php\/2025\/11\/08\/les-etats-unis-vont-boycotter-le-sommet-du-g20-en-afrique-du-sud-selon-trump\/"},"modified":"2025-11-08T08:46:17","modified_gmt":"2025-11-08T07:46:17","slug":"les-etats-unis-vont-boycotter-le-sommet-du-g20-en-afrique-du-sud-selon-trump","status":"publish","type":"post","link":"https:\/\/monde25.info\/index.php\/2025\/11\/08\/les-etats-unis-vont-boycotter-le-sommet-du-g20-en-afrique-du-sud-selon-trump\/","title":{"rendered":"Les \u00c9tats-Unis vont boycotter le sommet du G20 en Afrique du Sud, selon Trump"},"content":{"rendered":"<p> <br \/>\n<\/p>\n<div>\n<div class=\"article__meta\" itemscope=\"\" itemtype=\"https:\/\/schema.org\/Article\">\n<p>https:\/\/fr.sputniknews.africa\/20251108\/les-etats-unis-vont-boycotter-le-sommet-du-g20-en-afrique-du-sud-selon-trump&#8211;1080292696.html<\/p>\n<p><a target=\"_blank\" itemprop=\"url\" href=\"https:\/\/fr.sputniknews.africa\/20251108\/les-etats-unis-vont-boycotter-le-sommet-du-g20-en-afrique-du-sud-selon-trump--1080292696.html\" title=\"Les \u00c9tats-Unis vont boycotter le sommet du G20 en Afrique du Sud, selon Trump \"\/><\/p>\n<p>Les \u00c9tats-Unis vont boycotter le sommet du G20 en Afrique du Sud, selon Trump <\/p>\n<p>Les \u00c9tats-Unis vont boycotter le sommet du G20 en Afrique du Sud, selon Trump <\/p>\n<p>Sputnik Afrique<\/p>\n<p>Trump a confirm\u00e9 que la d\u00e9l\u00e9gation officielle US ne se rendrait pas au sommet du G20 en Afrique du Sud, accusant les autorit\u00e9s sud-africaines de violer les&#8230; 08.11.2025, Sputnik Afrique<\/p>\n<p>2025-11-08T07:01+0100<\/p>\n<p>2025-11-08T07:01+0100<\/p>\n<p>2025-11-08T07:12+0100<\/p>\n<p>afrique du sud<\/p>\n<p>boycott<\/p>\n<p>g20<\/p>\n<p>https:\/\/cdn1.img.sputniknews.africa\/img\/07e9\/0b\/07\/1080265619_0:0:800:450_1920x0_80_0_0_392b0cdd310e635a872e3f4599f5eed4.jpg<\/p>\n<p>Il a qualifi\u00e9 cet \u00e9v\u00e9nement de \u00ab\u00a0v\u00e9ritable honte\u00a0\u00bb, affirmant sur le r\u00e9seau social Truth Social que les Afrikaners \u2013 descendants de colons n\u00e9erlandais, ainsi que d&rsquo;immigrants fran\u00e7ais et allemands \u2013 \u00ab\u00a0sont tu\u00e9s sans rel\u00e2che et voient leurs terres et fermes confisqu\u00e9es ill\u00e9galement\u00a0\u00bb. Le 5 novembre, Trump avait d\u00e9j\u00e0 d\u00e9clar\u00e9 qu\u2019il ne participerait pas personnellement au sommet.  Le gouvernement sud-africain a refus\u00e9 de publier une d\u00e9claration compl\u00e8te en r\u00e9ponse \u00e0 ces propos. Cependant, il a critiqu\u00e9 la d\u00e9cision des \u00c9tats-Unis de donner la priorit\u00e9 aux demandes d\u2019asile des Sud-Africains blancs d\u2019origine afrikaner, pour la plupart descendants de colons n\u00e9erlandais et fran\u00e7ais.Cette ann\u00e9e, le sommet du G20 se tiendra \u00e0 Johannesbourg du 22 au 23 novembre, alors que l&rsquo;Afrique du Sud assure la pr\u00e9sidence tournante du groupe.<\/p>\n<p>afrique du sud<\/p>\n<div itemprop=\"copyrightHolder\" itemscope=\"\" itemtype=\"http:\/\/schema.org\/Organization\">\n<p>Sputnik Afrique<\/p>\n<p><a target=\"_blank\" itemprop=\"url\" href=\"https:\/\/fr.sputniknews.africa\" title=\"Sputnik Afrique\"> <\/a><\/p>\n<p>feedback.fr@sputniknews.com<\/p>\n<p>+74956456601<\/p>\n<p>MIA \u201eRossiya Segodnya\u201c<\/p>\n<p><a target=\"_blank\" itemprop=\"sameAs\" href=\"https:\/\/t.me\/sputnik_afrique\"> <\/a><a target=\"_blank\" itemprop=\"sameAs\" href=\"https:\/\/t.me\/sputnik_africa\"> <\/a><a target=\"_blank\" itemprop=\"sameAs\" href=\"https:\/\/t.me\/sputnik_ethiopia\"> <\/a><a target=\"_blank\" itemprop=\"sameAs\" href=\"https:\/\/x.com\/sputnik_afrique\"> <\/a><a target=\"_blank\" itemprop=\"sameAs\" href=\"https:\/\/x.com\/sputnik_africa\"> <\/a><a target=\"_blank\" itemprop=\"sameAs\" href=\"https:\/\/x.com\/sputnik_ethio\"> <\/a><a target=\"_blank\" itemprop=\"sameAs\" href=\"https:\/\/x.com\/sputnik_swahili\"> <\/a><\/div>\n<p>2025<\/p>\n<div itemprop=\"creator\" itemscope=\"\" itemtype=\"http:\/\/schema.org\/Organization\">\n<p>Sputnik Afrique<\/p>\n<p><a target=\"_blank\" itemprop=\"url\" href=\"https:\/\/fr.sputniknews.africa\" title=\"Sputnik Afrique\"> <\/a><\/p>\n<p>feedback.fr@sputniknews.com<\/p>\n<p>+74956456601<\/p>\n<p>MIA \u201eRossiya Segodnya\u201c<\/p>\n<p><a target=\"_blank\" itemprop=\"sameAs\" href=\"https:\/\/t.me\/sputnik_afrique\"> <\/a><a target=\"_blank\" itemprop=\"sameAs\" href=\"https:\/\/t.me\/sputnik_africa\"> <\/a><a target=\"_blank\" itemprop=\"sameAs\" href=\"https:\/\/t.me\/sputnik_ethiopia\"> <\/a><a target=\"_blank\" itemprop=\"sameAs\" href=\"https:\/\/x.com\/sputnik_afrique\"> <\/a><a target=\"_blank\" itemprop=\"sameAs\" href=\"https:\/\/x.com\/sputnik_africa\"> <\/a><a target=\"_blank\" itemprop=\"sameAs\" href=\"https:\/\/x.com\/sputnik_ethio\"> <\/a><a target=\"_blank\" itemprop=\"sameAs\" href=\"https:\/\/x.com\/sputnik_swahili\"> <\/a><\/div>\n<p>Actus<\/p>\n<p>fr_FR<\/p>\n<div itemprop=\"sourceOrganization\" itemscope=\"\" itemtype=\"http:\/\/schema.org\/Organization\">\n<p>Sputnik Afrique<\/p>\n<p><a target=\"_blank\" itemprop=\"url\" href=\"https:\/\/fr.sputniknews.africa\" title=\"Sputnik Afrique\"> <\/a><\/p>\n<p>feedback.fr@sputniknews.com<\/p>\n<p>+74956456601<\/p>\n<p>MIA \u201eRossiya Segodnya\u201c<\/p>\n<p><a target=\"_blank\" itemprop=\"sameAs\" href=\"https:\/\/t.me\/sputnik_afrique\"> <\/a><a target=\"_blank\" itemprop=\"sameAs\" href=\"https:\/\/t.me\/sputnik_africa\"> <\/a><a target=\"_blank\" itemprop=\"sameAs\" href=\"https:\/\/t.me\/sputnik_ethiopia\"> <\/a><a target=\"_blank\" itemprop=\"sameAs\" href=\"https:\/\/x.com\/sputnik_afrique\"> <\/a><a target=\"_blank\" itemprop=\"sameAs\" href=\"https:\/\/x.com\/sputnik_africa\"> <\/a><a target=\"_blank\" itemprop=\"sameAs\" href=\"https:\/\/x.com\/sputnik_ethio\"> <\/a><a target=\"_blank\" itemprop=\"sameAs\" href=\"https:\/\/x.com\/sputnik_swahili\"> <\/a><\/div>\n<p><a target=\"_blank\" itemprop=\"thumbnailUrl\" href=\"https:\/\/cdn1.img.sputniknews.africa\/img\/07e9\/0b\/07\/1080265619_0:0:800:450_1920x0_80_0_0_392b0cdd310e635a872e3f4599f5eed4.jpg\"\/><a target=\"_blank\" itemprop=\"thumbnailUrl\" href=\"https:\/\/cdn1.img.sputniknews.africa\/img\/07e9\/0b\/07\/1080265619_100:0:700:450_1920x0_80_0_0_e4a62ab41d401f7592451ecfc0100eb1.jpg\">https:\/\/cdn1.img.sputniknews.africa\/img\/07e9\/0b\/07\/1080265619_100:0:700:450_1920x0_80_0_0_e4a62ab41d401f7592451ecfc0100eb1.jpg<\/a><a target=\"_blank\" itemprop=\"thumbnailUrl\" href=\"https:\/\/cdn1.img.sputniknews.africa\/img\/07e9\/0b\/07\/1080265619_175:0:625:450_1920x0_80_0_0_007123161bffd2e54d6c92c125434b11.jpg\" title=\"Il y a des \" progr=\"\" significatifs=\"\" dans=\"\" le=\"\" r=\"\" du=\"\" conflit=\"\" en=\"\" ukraine=\"\" trump=\"\"\/><\/p>\n<div itemprop=\"publisher\" itemscope=\"\" itemtype=\"http:\/\/schema.org\/Organization\">\n<p>Sputnik Afrique<\/p>\n<p><a target=\"_blank\" itemprop=\"url\" href=\"https:\/\/fr.sputniknews.africa\" title=\"Sputnik Afrique\"> <\/a><\/p>\n<p>feedback.fr@sputniknews.com<\/p>\n<p>+74956456601<\/p>\n<p>MIA \u201eRossiya Segodnya\u201c<\/p>\n<p><a target=\"_blank\" itemprop=\"sameAs\" href=\"https:\/\/t.me\/sputnik_afrique\"> <\/a><a target=\"_blank\" itemprop=\"sameAs\" href=\"https:\/\/t.me\/sputnik_africa\"> <\/a><a target=\"_blank\" itemprop=\"sameAs\" href=\"https:\/\/t.me\/sputnik_ethiopia\"> <\/a><a target=\"_blank\" itemprop=\"sameAs\" href=\"https:\/\/x.com\/sputnik_afrique\"> <\/a><a target=\"_blank\" itemprop=\"sameAs\" href=\"https:\/\/x.com\/sputnik_africa\"> <\/a><a target=\"_blank\" itemprop=\"sameAs\" href=\"https:\/\/x.com\/sputnik_ethio\"> <\/a><a target=\"_blank\" itemprop=\"sameAs\" href=\"https:\/\/x.com\/sputnik_swahili\"> <\/a><\/div>\n<p>afrique du sud, boycott, g20<\/p>\n<div itemprop=\"about\" itemscope=\"\" itemtype=\"https:\/\/schema.org\/Thing\">\n<p>afrique du sud, boycott, g20<\/p>\n<\/div>\n<\/div>\n<div class=\"article__header\">\n<div class=\"article__info \" data-nosnippet=\"\">\n<div class=\"article__info-date\"><a target=\"_blank\" href=\"https:\/\/fr.sputniknews.africa\/20251108\/\" class=\"\" title=\"Archives des actus\" data-unixtime=\"1762581685\">07:01 08.11.2025<\/a> <span class=\"article__info-date-modified \" data-unixtime=\"1762582322\"> (Mis \u00e0 jour: <span class=\"date\">07:12 08.11.2025<\/span>)<\/span><\/div>\n<\/div>\n<p>Trump a confirm\u00e9 que la d\u00e9l\u00e9gation officielle US ne se rendrait pas au sommet du G20 en Afrique du Sud, accusant les autorit\u00e9s sud-africaines de violer les droits de la population blanche du pays.<\/p>\n<\/div>\n<div class=\"article__body\">\n<div class=\"article__block\" data-type=\"text\">\n<p>Il a qualifi\u00e9 cet \u00e9v\u00e9nement de \u00ab\u00a0v\u00e9ritable honte\u00a0\u00bb, affirmant sur le r\u00e9seau social Truth Social que les Afrikaners \u2013 descendants de colons n\u00e9erlandais, ainsi que d&rsquo;immigrants fran\u00e7ais et allemands \u2013 \u00ab\u00a0sont tu\u00e9s sans rel\u00e2che et voient leurs terres et fermes confisqu\u00e9es ill\u00e9galement\u00a0\u00bb. <\/p>\n<\/div>\n<div class=\"article__block\" data-type=\"text\">\n<p>Le 5 novembre, Trump avait d\u00e9j\u00e0 d\u00e9clar\u00e9 qu\u2019il ne participerait pas personnellement au sommet.  <\/p>\n<\/div>\n<div class=\"article__block\" data-type=\"text\">\n<div class=\"article__text\">Le gouvernement sud-africain a refus\u00e9 de publier une d\u00e9claration compl\u00e8te en r\u00e9ponse \u00e0 ces propos. Cependant, il a critiqu\u00e9 la d\u00e9cision des \u00c9tats-Unis de donner la priorit\u00e9 aux demandes d\u2019asile des Sud-Africains blancs d\u2019origine afrikaner, pour la plupart descendants de colons n\u00e9erlandais et fran\u00e7ais.<\/p>\n<p>Cette ann\u00e9e, le sommet du G20 se tiendra \u00e0 Johannesbourg du 22 au 23 novembre, alors que l&rsquo;Afrique du Sud assure la pr\u00e9sidence tournante du groupe.<\/p>\n<\/div>\n<\/div>\n<\/div>\n<\/div>\n<p><script async=\"async\" type=\"text\/plain\" class=\"_iub_cs_activate\" data-iub-purposes=\"3\" data-suppressedsrc=\"https:\/\/connect.facebook.net\/en_US\/sdk.js#xfbml=1&amp;version=v3.2\"><\/script><br \/>\n<br \/><br \/>\n<br \/><a href=\"https:\/\/fr.sputniknews.africa\/20251108\/les-etats-unis-vont-boycotter-le-sommet-du-g20-en-afrique-du-sud-selon-trump--1080292696.html\" target=\"_blank\"\">Source link <\/a><\/p>\n","protected":false},"excerpt":{"rendered":"<p>https:\/\/fr.sputniknews.africa\/20251108\/les-etats-unis-vont-boycotter-le-sommet-du-g20-en-afrique-du-sud-selon-trump&#8211;1080292696.html Les \u00c9tats-Unis vont boycotter le sommet du G20 en Afrique du Sud, selon Trump Les \u00c9tats-Unis vont boycotter le sommet du G20 en Afrique du Sud, selon Trump Sputnik&hellip; <\/p>\n","protected":false},"author":1,"featured_media":19070,"comment_status":"open","ping_status":"open","sticky":false,"template":"","format":"standard","meta":{"footnotes":""},"categories":[1],"tags":[],"class_list":["post-19069","post","type-post","status-publish","format-standard","has-post-thumbnail","hentry","category-non-classe"],"_links":{"self":[{"href":"https:\/\/monde25.info\/index.php\/wp-json\/wp\/v2\/posts\/19069","targetHints":{"allow":["GET"]}}],"collection":[{"href":"https:\/\/monde25.info\/index.php\/wp-json\/wp\/v2\/posts"}],"about":[{"href":"https:\/\/monde25.info\/index.php\/wp-json\/wp\/v2\/types\/post"}],"author":[{"embeddable":true,"href":"https:\/\/monde25.info\/index.php\/wp-json\/wp\/v2\/users\/1"}],"replies":[{"embeddable":true,"href":"https:\/\/monde25.info\/index.php\/wp-json\/wp\/v2\/comments?post=19069"}],"version-history":[{"count":0,"href":"https:\/\/monde25.info\/index.php\/wp-json\/wp\/v2\/posts\/19069\/revisions"}],"wp:featuredmedia":[{"embeddable":true,"href":"https:\/\/monde25.info\/index.php\/wp-json\/wp\/v2\/media\/19070"}],"wp:attachment":[{"href":"https:\/\/monde25.info\/index.php\/wp-json\/wp\/v2\/media?parent=19069"}],"wp:term":[{"taxonomy":"category","embeddable":true,"href":"https:\/\/monde25.info\/index.php\/wp-json\/wp\/v2\/categories?post=19069"},{"taxonomy":"post_tag","embeddable":true,"href":"https:\/\/monde25.info\/index.php\/wp-json\/wp\/v2\/tags?post=19069"}],"curies":[{"name":"wp","href":"https:\/\/api.w.org\/{rel}","templated":true}]}}