{"id":1907,"date":"2024-12-10T16:00:06","date_gmt":"2024-12-10T15:00:06","guid":{"rendered":"https:\/\/monde25.info\/index.php\/2024\/12\/10\/lideologie-mortifere-des-faiseurs-de-guerres-partie-3\/"},"modified":"2024-12-10T16:00:06","modified_gmt":"2024-12-10T15:00:06","slug":"lideologie-mortifere-des-faiseurs-de-guerres-partie-3","status":"publish","type":"post","link":"https:\/\/monde25.info\/index.php\/2024\/12\/10\/lideologie-mortifere-des-faiseurs-de-guerres-partie-3\/","title":{"rendered":"L\u2019id\u00e9ologie mortif\u00e8re des faiseurs de guerres (Partie 3)"},"content":{"rendered":"<p> <br \/>\n<\/p>\n<div>\n<p>En cette fin d\u2019ann\u00e9e 2024, le spectre d\u2019une troisi\u00e8me guerre mondiale s\u2019intensifie. Avec la prise d\u2019Alep par des terroristes, mettant en p\u00e9ril le gouvernement syrien, et l\u2019escalade des pr\u00e9paratifs d\u2019une guerre frontale avec la F\u00e9d\u00e9ration de Russie, les f\u00eates de No\u00ebl s\u2019annoncent bien moroses. En effet, les dirigeants europ\u00e9ens craignent que Donald Trump, \u00e0 partir du 20 janvier 2025, arr\u00eate l&rsquo;aide militaire \u00e0 Kiev, et que de facto, l\u2019ensemble des pays de l\u2019UE soient oblig\u00e9s de financer la guerre par procuration contre la Russie. L\u2019\u00e9conomie europ\u00e9enne, d\u00e9j\u00e0 chancelante, risque de sombrer d\u00e9finitivement dans un d\u00e9labrement total. \u00a0<\/p>\n<p>Voici une chronologie r\u00e9cente des principales \u00e9tapes des vell\u00e9it\u00e9s guerri\u00e8res de nos dirigeants occidentaux.<\/p>\n<p>Suite de la <a target=\"_blank\" href=\"https:\/\/edition.francesoir.fr\/opinions-tribunes\/l-ideologie-mortifere-des-faiseurs-de-guerres-partie-1\">partie 1<\/a> et <a target=\"_blank\" href=\"https:\/\/edition.francesoir.fr\/opinions-tribunes\/l-ideologie-mortifere-des-faiseurs-de-guerres-partie-2\">2<\/a><\/p>\n<p>\u00a0<\/p>\n<p><span data-contrast=\"auto\"><strong>19 novembre 2024<\/strong>. Emmanuel Macron et Keir Starmer, le 1\u1d49\u02b3 Ministre Anglais, saluent la d\u00e9cision am\u00e9ricaine d\u2019utiliser les missiles \u00e0 longue port\u00e9e.\u00a0<\/span><span data-ccp-props=\"{}\">\u00a0<\/span><\/p>\n<p><span data-contrast=\"auto\"><strong>19 novembre 2024<\/strong>. <\/span><a target=\"_blank\" href=\"https:\/\/x.com\/MoneyRadar_FR\/status\/1858814976674132362 \"><span data-contrast=\"auto\">D\u00e9claration de Donald Trump<\/span><\/a><span data-ccp-props=\"{}\">\u00a0<\/span><\/p>\n<p><em><span data-contrast=\"auto\">\u00ab\u202fNous n\u2019avons jamais \u00e9t\u00e9 aussi proches de la 3\u1d49 guerre mondiale que nous sommes aujourd\u2019hui avec Joe Biden. Un conflit nucl\u00e9aire signifierait la mort de l\u2019humanit\u00e9 enti\u00e8re. Il faut \u00e9viter ce cauchemar, \u00e9viter cet Armageddon nucl\u00e9aire. Une cessation imm\u00e9diate de la guerre en Ukraine\u202f\u00bb<\/span><\/em>\u00a0<\/p>\n<p><span data-contrast=\"auto\" data-ccp-parastyle=\"Normal (Web)\"><strong>20 novembre 2024<\/strong>. Joe Biden approuve la fourniture de mines antipersonnel pour l&rsquo;Ukraine. Une guerre de plus en plus sale, car il faut savoir, que les mines terrestres antipersonnel (APL) sont souvent con\u00e7ues, pour blesser et mutiler, afin de submerger le syst\u00e8me de soutien logistique (principalement m\u00e9dical) des forces ennemies qui les rencontrent. Certains types d\u2019APL peuvent \u00e9galement endommager les chenilles des v\u00e9hicules blind\u00e9s ou les pneus des v\u00e9hicules \u00e0 roues.<\/span><span data-ccp-props=\"{&quot;335557856&quot;:16777215,&quot;335559738&quot;:120,&quot;335559739&quot;:240}\">\u00a0<\/span><\/p>\n<p><span data-contrast=\"none\" data-ccp-parastyle=\"Normal (Web)\">La 5\u00e8me conf\u00e9rence de la convention d&rsquo;Ottawa s&rsquo;est ouverte le 25 novembre 2024 \u00e0 Siem Reap, au Cambodge. Ce trait\u00e9, sign\u00e9 par 164 pays, interdit l\u2019utilisation, le stockage, la production et le transfert de mines terrestres antipersonnel. Le lieu du sommet est en soi un symbole, car le Cambodge est l\u2019un des pays les plus min\u00e9s au monde et est devenu un pr\u00e9curseur mondial en termes de d\u00e9minage. Alors que les \u00c9tats-Unis ont autoris\u00e9 la livraison de mines \u00e0 l&rsquo;Ukraine, le ministre d\u2019\u00c9tat cambodgien Ly Thuc appelle les pays non-signataires \u00e0 rejoindre la lutte contre le fl\u00e9au de ces mines.<\/span><span data-ccp-props=\"{&quot;335557856&quot;:16777215,&quot;335559738&quot;:120,&quot;335559739&quot;:240}\">\u00a0<\/span><\/p>\n<p><span data-contrast=\"auto\"><strong>20 novembre 2024. <\/strong>\u202fL&rsquo;Ukraine frappe la Russie avec des missiles franco-britanniques Storm Shadow. Au moins 12 missiles ont \u00e9t\u00e9 tir\u00e9s.\u00a0<\/span><span data-ccp-props=\"{&quot;201341983&quot;:0,&quot;335557856&quot;:16777215,&quot;335559739&quot;:0,&quot;335559740&quot;:240}\">\u00a0<\/span><\/p>\n<p><span data-contrast=\"auto\" data-ccp-parastyle=\"heading 2\"><strong>21 novembre 2024. <\/strong>Satellites patrouilleurs-guetteurs.<\/span><span data-ccp-props=\"{&quot;134245418&quot;:true,&quot;134245529&quot;:true,&quot;335557856&quot;:16777215,&quot;335559738&quot;:40,&quot;335559739&quot;:0}\">\u00a0<\/span><\/p>\n<p><span data-contrast=\"auto\">Cet \u00e9t\u00e9, le Centre op\u00e9rationnel de surveillance militaire des objets spatiaux (Cosmos) a d\u00e9m\u00e9nag\u00e9 de la base a\u00e9rienne 942 de Lyon-Mont Verdun \u00e0 Toulouse. Une autre \u00e9tape importante sera franchie en 2025 avec l\u2019inauguration du nouveau b\u00e2timent du CDE. L\u2019\u00e9difice devrait accueillir environ\u202f500 personnes d\u2019ici \u00e0 2030, soit une augmentation des effectifs d\u2019environ 40 % par rapport \u00e0 2019. Surtout, il se trouvera \u00e0 proximit\u00e9 du CNES et du Centre d\u2019excellence spatial de l\u2019Otan, g\u00e9n\u00e9rant ainsi des synergies b\u00e9n\u00e9fiques \u00e0 tout l\u2019\u00e9cosyst\u00e8me. Incarnation de la r\u00e9cr\u00e9ation de la base a\u00e9rienne 101, ce site deviendra l\u2019organe central de l\u2019outil de combat spatial dont se dote la France. \u00c0 court terme, le CDE verra en particulier muni d\u2019une v\u00e9ritable capacit\u00e9 de d\u00e9fense active dans l\u2019espace. Elle prendra forme avec la mise en orbite g\u00e9ostationnaire du d\u00e9monstrateur\u202fYoda. Sa mission : explorer les m\u00e9thodes de protection de nos satellites militaires depuis l\u2019espace.\u202f<\/span><em><span data-contrast=\"auto\">\u00ab C\u2019est un programme exp\u00e9rimental qui sera suivi par le syst\u00e8me Egide<\/span><span data-contrast=\"auto\" data-fontsize=\"14\">5<\/span><span data-contrast=\"auto\">, sa version op\u00e9rationnelle \u00bb<\/span><\/em><span data-contrast=\"auto\">, indique <\/span><a target=\"_blank\" href=\"https:\/\/www.defense.gouv.fr\/actualites\/il-y-cinq-ans-france-lancait-son-commandement-lespace \"><span data-contrast=\"auto\">le commandant de l\u2019espace<\/span><\/a><span data-contrast=\"auto\">. \u00c0 noter \u00e9galement, l\u2019annonce, le 17 septembre dernier, du nouveau d\u00e9monstrateur d\u2019action dans l\u2019espace en orbite basse, nomm\u00e9\u202f<\/span><em><span data-contrast=\"auto\">Toutatis<\/span><\/em><span data-contrast=\"auto\">. Plus globalement, ces premiers satellites patrouilleurs-guetteurs visent \u00e0 doter la France d\u2019une capacit\u00e9 d\u2019action dans l\u2019espace. \u00c0 la cl\u00e9, la possibilit\u00e9 de surveiller l\u2019espace depuis l\u2019espace pour d\u00e9tecter un acte suspect ou agressif et s\u2019interposer si besoin. Le d\u00e9couragement sera au c\u0153ur du futur dispositif, qui s\u2019effectuera en \u00e9troite coordination avec nos partenaires, comme le signale, entre autres, le ralliement en 2024 de la France \u00e0 l\u2019op\u00e9ration am\u00e9ricaine\u202f<\/span><em><span data-contrast=\"auto\">Olympic Defender<\/span><\/em><span data-contrast=\"auto\">.\u00a0<\/span><\/p>\n<p><span data-contrast=\"auto\" data-ccp-parastyle=\"heading 1\"><strong>23 novembre 2024<\/strong>. <\/span><a target=\"_blank\" href=\"https:\/\/www.ouest-france.fr\/europe\/ukraine\/carte-guerre-en-ukraine-la-russie-progresse-la-france-soutien-kiev-le-point-du-jour-0899314c-a9d2-11ef-8248-4f6efd927e57 \"><span data-contrast=\"auto\" data-ccp-parastyle=\"heading 1\">D\u00e9claration de Jean-No\u00ebl Barrot\u202f<\/span><\/a><span data-contrast=\"auto\" data-ccp-parastyle=\"heading 1\">: Guerre en Ukraine, la Russie progresse, la France soutien Kiev<\/span><span data-contrast=\"none\" data-ccp-parastyle=\"heading 1\">. <\/span><em><span data-contrast=\"none\" data-ccp-parastyle=\"heading 1\">\u00ab\u202fLa France n\u2019\u00e9carte \u00ab\u202faucune option\u202f\u00bb<\/span><\/em><span data-contrast=\"none\" data-ccp-parastyle=\"heading 1\"> dans son soutien \u00e0 l\u2019Ukraine, a annonc\u00e9 le ministre des Affaires \u00e9trang\u00e8res. Une d\u00e9claration qui intervient alors que l\u2019Ukraine est en difficult\u00e9 sur le terrain, notamment dans les territoires pris \u00e0 la Russie durant la contre-offensive.<\/span><span data-ccp-props=\"{&quot;134245418&quot;:true,&quot;134245529&quot;:true,&quot;335557856&quot;:16777215,&quot;335559738&quot;:240,&quot;335559739&quot;:0}\">\u00a0<\/span><\/p>\n<p><em><span data-contrast=\"auto\" data-ccp-charstyle=\"Strong\">\u00ab\u202fDans la logique de la l\u00e9gitime d\u00e9fense\u202f\u00bb<\/span><\/em><span data-contrast=\"auto\" data-ccp-charstyle=\"Strong\">,<\/span><span data-contrast=\"auto\">\u202fle chef du Quai d\u2019Orsay n\u2019exclut pas que Kiev puisse tirer des missiles fran\u00e7ais \u00e0 longue port\u00e9e sur la Russie. Il n\u2019a pas confirm\u00e9 que de telles armes avaient d\u00e9j\u00e0 \u00e9t\u00e9 utilis\u00e9es. Quant \u00e0 l\u2019envoi de troupes fran\u00e7aises, Paris n\u2019\u00e9carte<\/span><span data-contrast=\"auto\" data-ccp-charstyle=\"Strong\">\u202f<\/span><em><span data-contrast=\"auto\" data-ccp-charstyle=\"Strong\">\u00ab\u202faucune option\u202f\u00bb. \u00ab\u202fLes alli\u00e9s occidentaux ne devraient pas fixer de limites au soutien \u00e0 l\u2019Ukraine contre la Russie\u202f\u00bb,<\/span><\/em><span data-contrast=\"auto\">\u202fd\u00e9clare le ministre. Les Occidentaux <\/span><em><span data-contrast=\"auto\">\u00ab ne doivent pas fixer de ligne rouge \u00bb<\/span><\/em><span data-contrast=\"auto\"> dans leur soutien \u00e0 l\u2019Ukraine. Cette d\u00e9cision place la France sur un pied d\u2019\u00e9galit\u00e9 avec les \u00c9tats-Unis et le Royaume-Uni en mati\u00e8re de soutien militaire \u00e0 l\u2019Ukraine, au milieu des inqui\u00e9tudes concernant une escalade nucl\u00e9aire de la part de Moscou.\u00a0<\/span><\/p>\n<p><span data-contrast=\"auto\"><strong>25 novembre 2024<\/strong>. Dans la perspective d\u2019un d\u00e9sengagement am\u00e9ricain vis-\u00e0-vis de Kiev en raison du retour de Donald Trump \u00e0 la Maison Blanche,\u202fParis et Londres n\u2019excluent pas de prendre la t\u00eate d\u2019une coalition en Ukraine, selon des modalit\u00e9s qui restent \u00e0 pr\u00e9ciser.\u00a0<\/span><span data-ccp-props=\"{&quot;134233118&quot;:true,&quot;201341983&quot;:0,&quot;335557856&quot;:16777215,&quot;335559740&quot;:240}\">\u00a0<\/span><\/p>\n<p><span data-contrast=\"auto\" data-ccp-parastyle=\"Normal (Web)\">Alors que le conflit en Ukraine conna\u00eet une nouvelle phase d\u2019escalade, les discussions sur l\u2019<\/span><a target=\"_blank\" href=\"http:\/\/www.brujitafr.fr\/2024\/11\/guerre-en-ukraine-l-envoi-de-militaires-europeens-en-discussion.html \"><span data-contrast=\"auto\" data-ccp-parastyle=\"Normal (Web)\">envoi de troupes occidentales et de soci\u00e9t\u00e9s de d\u00e9fense priv\u00e9es <\/span><\/a><span data-contrast=\"auto\" data-ccp-parastyle=\"Normal (Web)\">sur le sol ukrainien, ont \u00e9t\u00e9 r\u00e9activ\u00e9es, a appris\u202f<\/span><em><span data-contrast=\"auto\" data-ccp-charstyle=\"Emphasis\">Le Monde\u202f<\/span><\/em><span data-contrast=\"auto\" data-ccp-parastyle=\"Normal (Web)\">de sources concordantes. Des d\u00e9bats sensibles, pour l\u2019essentiel classifi\u00e9s, mais bel et bien relanc\u00e9s, dans la perspective d\u2019un \u00e9ventuel d\u00e9sengagement am\u00e9ricain du soutien \u00e0 Kiev apr\u00e8s la prise de fonctions de Donald Trump, aux Etats-Unis, le 20\u202fjanvier\u202f2025.<\/span><span data-contrast=\"auto\">\u00a0<\/span><span data-ccp-props=\"{&quot;335557856&quot;:16777215,&quot;335559739&quot;:240}\">\u00a0<\/span><\/p>\n<p><span data-contrast=\"auto\"><strong>25 novembre 2024<\/strong>. Depuis peu, des convois de tanks am\u00e9ricains sont en d\u00e9placement en France. 6 000 r\u00e9servistes am\u00e9ricains vont arriver en France accompagn\u00e9s de 2000 tanks am\u00e9ricains. Selon le minist\u00e8re des Arm\u00e9es et des Anciens combattants qui a transmis \u00e0\u202f<\/span><em><span data-contrast=\"auto\">Actu Landes<\/span><\/em><span data-contrast=\"auto\">\u202fun communiqu\u00e9, il s\u2019agit de l\u2019op\u00e9ration \u00ab\u202f<\/span><em><span data-contrast=\"auto\">Atlantic Resolve\u202f\u00bb\u202f<\/span><\/em><span data-contrast=\"auto\">: <\/span><em><span data-contrast=\"auto\">\u00ab\u202fPlusieurs dizaines d\u2019engins blind\u00e9s seront transport\u00e9s \u00e0 travers la France, en plusieurs convois (plac\u00e9s sous la responsabilit\u00e9 de la Gendarmerie nationale). R\u00e9alis\u00e9s par des prestataires civils, ces convois s\u2019\u00e9chelonneront jusqu\u2019au 21 novembre\u202f\u00bb<\/span><\/em><span data-contrast=\"auto\">. L&rsquo;op\u00e9ration\u202f<\/span><em><span data-contrast=\"auto\">Atlantic Resolve<\/span><\/em><span data-contrast=\"auto\">\u202fest la r\u00e9ponse des\u202f<\/span><a target=\"_blank\" href=\"https:\/\/fr.wikipedia.org\/wiki\/%C3%89tats-Unis\"><span data-contrast=\"auto\">\u00c9tats-Unis<\/span><\/a><span data-contrast=\"auto\">, dans le cadre de l&rsquo;<\/span><a target=\"_blank\" href=\"https:\/\/fr.wikipedia.org\/wiki\/OTAN\"><span data-contrast=\"auto\">OTAN<\/span><\/a><span data-contrast=\"auto\">, \u00e0 la\u202f<\/span><a target=\"_blank\" href=\"https:\/\/fr.wikipedia.org\/wiki\/Guerre_russo-ukrainienne\"><span data-contrast=\"auto\">guerre russo-ukrainienne<\/span><\/a><span data-contrast=\"auto\">.<\/span><span data-ccp-props=\"{}\">\u00a0<\/span><\/p>\n<p><span data-contrast=\"auto\"><strong>25 novembre 2024<\/strong>. Roumanie\u202f: avec Calin Georgescu, la perc\u00e9e inattendue d\u2019un candidat hostile \u00e0 l\u2019OTAN au premier tour de l\u2019\u00e9lection pr\u00e9sidentielle<\/span><span data-ccp-props=\"{&quot;134233117&quot;:true,&quot;134233118&quot;:true,&quot;201341983&quot;:0,&quot;335557856&quot;:16777215,&quot;335559740&quot;:240}\">\u00a0<\/span><\/p>\n<p><span data-contrast=\"auto\">\u00c0 craindre le sabotage du 2<\/span><span data-contrast=\"auto\" data-fontsize=\"14\">e<\/span><span data-contrast=\"auto\"> tour par l\u2019OTAN. En exemple\u202f: La Moldavie. Qui peut croire que les expatri\u00e9s moldaves ont pu faire la diff\u00e9rence\u202f? La diaspora moldave est si forte que \u00e7a \u00e0 l\u2019\u00e9tranger\u202f? On ne le croit pas. En G\u00e9orgie aussi, ils ont essay\u00e9 de truquer les \u00e9lections.\u00a0<\/span><span data-ccp-props=\"{&quot;134233117&quot;:true,&quot;134233118&quot;:true,&quot;201341983&quot;:0,&quot;335557856&quot;:16777215,&quot;335559740&quot;:240}\">\u00a0<\/span><\/p>\n<p><span data-contrast=\"auto\">La Roumanie est un pilier strat\u00e9gique pour la d\u00e9fense europ\u00e9enne. Le pays, qui compte 19\u202fmillions d\u2019habitants, abrite plusieurs bases de l\u2019Alliance atlantique. Plus d\u2019un millier de militaires fran\u00e7ais sont d\u00e9ploy\u00e9s sur son territoire, qui abrite un bouclier antimissile am\u00e9ricain. Plus de 5 000 soldats sont stationn\u00e9s en Roumanie.\u00a0<\/span><span data-ccp-props=\"{&quot;134233117&quot;:true,&quot;134233118&quot;:true,&quot;201341983&quot;:0,&quot;335559740&quot;:240}\">\u00a0<\/span><\/p>\n<p><span data-contrast=\"auto\">Dans le contexte de la guerre en Ukraine, les d\u00e9clarations pass\u00e9es de Calin Georgescu, ouvertement critiques envers l\u2019OTAN, ont de quoi inqui\u00e9ter.\u202f<\/span><em><span data-contrast=\"auto\">\u00ab\u202fLe bouclier antimissile est une honte. Il ne s\u2019agit pas d\u2019une d\u00e9fense, mais d\u2019une politique de confrontation. Il ne nous apportera pas la paix\u202f\u00bb<\/span><\/em><span data-contrast=\"auto\">,<\/span><em><span data-contrast=\"auto\">\u202f<\/span><\/em><span data-contrast=\"auto\">d\u00e9non\u00e7ait-il ainsi en\u202f2021. Cette position tranche radicalement avec la ligne actuelle de Bucarest. \u00c0 noter la construction, en Roumanie, d\u2019une tr\u00e8s grande base de l\u2019OTAN similaire \u00e0 celle de Ramstein en Allemagne<\/span><span data-ccp-props=\"{&quot;134233117&quot;:true,&quot;134233118&quot;:true,&quot;201341983&quot;:0,&quot;335557856&quot;:16777215,&quot;335559740&quot;:240}\">\u00a0<\/span><\/p>\n<p><span data-contrast=\"auto\"><strong>26 novembre 2024<\/strong>. Guerre en Ukraine\u202f: la France et le Royaume-Uni \u00e0 la man\u0153uvre pour envoyer des troupes. Plusieurs pays europ\u00e9ens se disent pr\u00eats \u00e0 envoyer des troupes en Ukraine. Ces forces rempliraient des missions de formation et garantiraient la s\u00e9curit\u00e9 de Kiev, en cas d\u2019accord de paix avec la Russie.<\/span><span data-ccp-props=\"{}\">\u00a0<\/span><\/p>\n<p><span data-contrast=\"auto\">\u00c0 Kiev, on parle de <\/span><em><span data-contrast=\"auto\">\u00ab l\u2019alliance des audacieux<\/span><\/em><span data-contrast=\"auto\"> \u00bb, un regroupement de <\/span><a target=\"_blank\" href=\"https:\/\/www.la-croix.com\/international\/guerre-en-ukraine-la-france-et-le-royaume-uni-a-la-manouvre-pour-envoyer-des-troupes-20241126 \"><span data-contrast=\"auto\">cinq \u00e0 sept pays europ\u00e9ens en faveur d\u2019un d\u00e9ploiement de troupes sur le sol ukrainien<\/span><\/a><span data-contrast=\"auto\">. Port\u00e9 publiquement par la France depuis le mois de f\u00e9vrier et \u00e0 nouveau \u00e9voqu\u00e9 par Emmanuel Macron en juin 2024, en marge de la c\u00e9l\u00e9bration du 80\u1d49 anniversaire du D\u00e9barquement, ce projet semble en passe de se concr\u00e9tiser.\u00a0<\/span><\/p>\n<p><span data-contrast=\"auto\"><strong>26 novembre 2024<\/strong>. Guerre en Ukraine : La Russie promet une \u00ab r\u00e9ponse \u00bb aux nouveaux tirs de missiles am\u00e9ricains sur son sol.\u202f<\/span><\/p>\n<p><span data-contrast=\"auto\">Partie 4 \u00e0 suivre.<\/span><\/p>\n<\/div>\n<p><script>(function(d, s, id) {  var js, fjs = d.getElementsByTagName(s)[0];  if (d.getElementById(id)) return;  js = d.createElement(s); js.id = id;  js.src = \"\/\/connect.facebook.net\/fr_FR\/sdk.js#xfbml=1&version=v2.3\";  fjs.parentNode.insertBefore(js, fjs);}(document, \"script\", \"facebook-jssdk\"));<\/script><br \/>\n<br \/><br \/>\n<br \/><a href=\"https:\/\/www.francesoir.fr\/opinions-tribunes\/l-ideologie-mortifere-des-faiseurs-de-guerres-partie-3\" target=\"_blank\"\">Source link <\/a><\/p>\n","protected":false},"excerpt":{"rendered":"<p>En cette fin d\u2019ann\u00e9e 2024, le spectre d\u2019une troisi\u00e8me guerre mondiale s\u2019intensifie. Avec la prise d\u2019Alep par des terroristes, mettant en p\u00e9ril le gouvernement syrien, et l\u2019escalade des pr\u00e9paratifs d\u2019une&hellip; <\/p>\n","protected":false},"author":1,"featured_media":1908,"comment_status":"open","ping_status":"open","sticky":false,"template":"","format":"standard","meta":{"footnotes":""},"categories":[1],"tags":[],"class_list":["post-1907","post","type-post","status-publish","format-standard","has-post-thumbnail","hentry","category-non-classe"],"_links":{"self":[{"href":"https:\/\/monde25.info\/index.php\/wp-json\/wp\/v2\/posts\/1907","targetHints":{"allow":["GET"]}}],"collection":[{"href":"https:\/\/monde25.info\/index.php\/wp-json\/wp\/v2\/posts"}],"about":[{"href":"https:\/\/monde25.info\/index.php\/wp-json\/wp\/v2\/types\/post"}],"author":[{"embeddable":true,"href":"https:\/\/monde25.info\/index.php\/wp-json\/wp\/v2\/users\/1"}],"replies":[{"embeddable":true,"href":"https:\/\/monde25.info\/index.php\/wp-json\/wp\/v2\/comments?post=1907"}],"version-history":[{"count":0,"href":"https:\/\/monde25.info\/index.php\/wp-json\/wp\/v2\/posts\/1907\/revisions"}],"wp:featuredmedia":[{"embeddable":true,"href":"https:\/\/monde25.info\/index.php\/wp-json\/wp\/v2\/media\/1908"}],"wp:attachment":[{"href":"https:\/\/monde25.info\/index.php\/wp-json\/wp\/v2\/media?parent=1907"}],"wp:term":[{"taxonomy":"category","embeddable":true,"href":"https:\/\/monde25.info\/index.php\/wp-json\/wp\/v2\/categories?post=1907"},{"taxonomy":"post_tag","embeddable":true,"href":"https:\/\/monde25.info\/index.php\/wp-json\/wp\/v2\/tags?post=1907"}],"curies":[{"name":"wp","href":"https:\/\/api.w.org\/{rel}","templated":true}]}}