{"id":19075,"date":"2025-11-08T12:40:39","date_gmt":"2025-11-08T11:40:39","guid":{"rendered":"https:\/\/monde25.info\/index.php\/2025\/11\/08\/cette-militante-rassemble-israeliennes-et-palestiniennes-autour-du-climat\/"},"modified":"2025-11-08T12:40:39","modified_gmt":"2025-11-08T11:40:39","slug":"cette-militante-rassemble-israeliennes-et-palestiniennes-autour-du-climat","status":"publish","type":"post","link":"https:\/\/monde25.info\/index.php\/2025\/11\/08\/cette-militante-rassemble-israeliennes-et-palestiniennes-autour-du-climat\/","title":{"rendered":"Cette militante rassemble Isra\u00e9liennes et Palestiniennes autour du climat"},"content":{"rendered":"<p> <br \/>\n<br \/><img loading=\"lazy\" decoding=\"async\" src=\"https:\/\/reporterre.net\/local\/cache-vignettes\/L700xH467\/20251015_reporterre_myriam_darmoni_web_1-d7c45.jpg?1762588803\" class=\"spip_logo\" width=\"700\" height=\"467\" alt=\"\" \/><\/p>\n<p>Malgr\u00e9 la guerre, la m\u00e9diatrice isra\u00e9lienne Myriam Darmoni-Charbit cr\u00e9e avec des cons\u0153urs palestiniennes des espaces de dialogues par-del\u00e0 les fronti\u00e8res et les confessions gr\u00e2ce \u00e0 ses ateliers de Fresque du climat. <br class=\"autobr\" \/> Ponctuelle au rendez-vous fix\u00e9, Myriam Darmoni Charbit d\u00e9barque avec son sac \u00e0 dos et un sourire d\u00e9licat. D&rsquo;ordinaire, cette m\u00e9diatrice franco-isra\u00e9lienne de 57\u00a0ans vit \u00e0 Hod\u00a0Hasharon, \u00e0 une vingtaine de kilom\u00e8tres de Tel\u00a0Aviv mais la voil\u00e0 \u00e0 Paris o\u00f9 elle savoure les\u00a0(\u2026)<\/p>\n<p>                    <a target=\"_blank\" href=\"https:\/\/reporterre.net\/Cette-militante-rassemble-Israeliennes-et-Palestiniennes-autour-du-climat?utm_source=RSS&amp;utm_medium=RSS\">Lire la suite<\/a><\/p>\n<p>                    &#8211;<br \/>\n                        <a target=\"_blank\" href=\"https:\/\/reporterre.net\/Entretien-19\" rel=\"directory\">Entretien<\/a><\/p>\n<p>                    \/<br \/>\n                        <a target=\"_blank\" href=\"https:\/\/reporterre.net\/International\" rel=\"tag\">Monde<\/a><br \/>\n<br \/><br \/>\n<br \/><a href=\"https:\/\/reporterre.net\/Cette-militante-rassemble-Israeliennes-et-Palestiniennes-autour-du-climat\" target=\"_blank\"\">Source link <\/a><\/p>\n","protected":false},"excerpt":{"rendered":"<p>Malgr\u00e9 la guerre, la m\u00e9diatrice isra\u00e9lienne Myriam Darmoni-Charbit cr\u00e9e avec des cons\u0153urs palestiniennes des espaces de dialogues par-del\u00e0 les fronti\u00e8res et les confessions gr\u00e2ce \u00e0 ses ateliers de Fresque du&hellip; <\/p>\n","protected":false},"author":1,"featured_media":0,"comment_status":"open","ping_status":"open","sticky":false,"template":"","format":"standard","meta":{"footnotes":""},"categories":[1],"tags":[],"class_list":["post-19075","post","type-post","status-publish","format-standard","hentry","category-non-classe"],"_links":{"self":[{"href":"https:\/\/monde25.info\/index.php\/wp-json\/wp\/v2\/posts\/19075","targetHints":{"allow":["GET"]}}],"collection":[{"href":"https:\/\/monde25.info\/index.php\/wp-json\/wp\/v2\/posts"}],"about":[{"href":"https:\/\/monde25.info\/index.php\/wp-json\/wp\/v2\/types\/post"}],"author":[{"embeddable":true,"href":"https:\/\/monde25.info\/index.php\/wp-json\/wp\/v2\/users\/1"}],"replies":[{"embeddable":true,"href":"https:\/\/monde25.info\/index.php\/wp-json\/wp\/v2\/comments?post=19075"}],"version-history":[{"count":0,"href":"https:\/\/monde25.info\/index.php\/wp-json\/wp\/v2\/posts\/19075\/revisions"}],"wp:attachment":[{"href":"https:\/\/monde25.info\/index.php\/wp-json\/wp\/v2\/media?parent=19075"}],"wp:term":[{"taxonomy":"category","embeddable":true,"href":"https:\/\/monde25.info\/index.php\/wp-json\/wp\/v2\/categories?post=19075"},{"taxonomy":"post_tag","embeddable":true,"href":"https:\/\/monde25.info\/index.php\/wp-json\/wp\/v2\/tags?post=19075"}],"curies":[{"name":"wp","href":"https:\/\/api.w.org\/{rel}","templated":true}]}}