{"id":19076,"date":"2025-11-08T13:13:37","date_gmt":"2025-11-08T12:13:37","guid":{"rendered":"https:\/\/monde25.info\/index.php\/2025\/11\/08\/leurope-achete-americain-et-espere-que-ca-vole\/"},"modified":"2025-11-08T13:13:37","modified_gmt":"2025-11-08T12:13:37","slug":"leurope-achete-americain-et-espere-que-ca-vole","status":"publish","type":"post","link":"https:\/\/monde25.info\/index.php\/2025\/11\/08\/leurope-achete-americain-et-espere-que-ca-vole\/","title":{"rendered":"L\u2019Europe ach\u00e8te am\u00e9ricain et esp\u00e8re que \u00e7a vole"},"content":{"rendered":"<p> <br \/>\n<\/p>\n<div>\n<ol class=\"campaign-loop campaign-list\">\n<li id=\"campaign-482494\" class=\"post-482494 campaign type-campaign status-publish hentry campaign-has-goal campaign-has-not-achieved-goal campaign-has-end-date campaign-has-not-ended\">\n\t<a target=\"_blank\" href=\"https:\/\/reseauinternational.net\/campaigns\/campagne-de-dons-septembre-octobre-2025\/\"><\/p>\n<h3>Campagne de dons Octobre 2025<\/h3>\n<p>\t\t\t<\/a><\/p>\n<p>\n\tAppel aux dons \u2013 Votre soutien nous est indispensable pour continuer \u00e0 vous fournir le meilleur de l\u2019information internationale alternative. C\u2019est gr\u00e2ce \u00e0 vos dons que nous pourrons maintenir le cap pour une information plurielle et r\u00e9ellement alternative. Nous comptons sur vous.<\/p>\n<p>\n<span class=\"amount\">18 761,00\u00a0\u20ac<\/span> de l\u2019objectif de <span class=\"goal-amount\">25 000,00\u00a0\u20ac<\/span> atteint<\/p>\n<\/li>\n<\/ol>\n<p>par <strong>Mounir Kilani<\/strong><\/p>\n<p><strong>Entre achats am\u00e9ricains et \u00e9quipements souvent d\u00e9faillants, l\u2019Europe se r\u00e9arme\u2026 mais reste d\u00e9pendante. Un panorama ironique des rat\u00e9s et absurdit\u00e9s de la d\u00e9fense europ\u00e9enne.<\/strong><\/p>\n<p>On nous vend la \u00absouverainet\u00e9 europ\u00e9enne\u00bb \u00e0 grand renfort de discours solennels et de communiqu\u00e9s victorieux. Pendant ce temps, sur le terrain, les faits dessinent une autre r\u00e9alit\u00e9, plus douce-am\u00e8re, o\u00f9 la farce le dispute au tragique. Feuilletons ce catalogue des armements d\u00e9faillants, o\u00f9 chaque pays y va de son anecdote savoureuse.<\/p>\n<h5 class=\"wp-block-heading\"><strong>Belgique : les F-35 ou l\u2019ivresse des cimes sans ciel<\/strong><\/h5>\n<p>Le 13 octobre 2025, c\u00e9r\u00e9monie \u00e0 Florennes : trois F-35 belges, fleurons de la technologie am\u00e9ricaine, se posent sous les applaudissements. Le quatri\u00e8me, plus timide, reste clou\u00e9 au sol aux A\u00e7ores, victime d\u2019une \u00abmaintenance non planifi\u00e9e\u00bb. Un symbole presque trop parfait. Pour la modique somme de 5,6 milliards d\u2019euros, la Belgique a acquis 34 de ces \u00abFerrari des airs\u00bb. Le hic ? Son espace a\u00e9rien est trop exigu pour y former ses pilotes. Il faudra donc payer un suppl\u00e9ment pour les envoyer s\u2019entra\u00eener\u2026 en Italie. On ach\u00e8te des avions sans avoir de ciel o\u00f9 les faire voler : l\u2019\u00e9l\u00e9gance de la d\u00e9pendance.<\/p>\n<h5 class=\"wp-block-heading\"><strong>Suisse : les drones frileux des Alpes<\/strong><\/h5>\n<p>La neutre Conf\u00e9d\u00e9ration, elle aussi, succombe aux sir\u00e8nes de l\u2019atlantisme. Pour 250 millions de francs suisses, elle s\u2019offre en 2015 six drones isra\u00e9liens Hermes 900. Probl\u00e8me : ces engins sophistiqu\u00e9s refusent de voler d\u00e8s que le thermom\u00e8tre flirte avec le z\u00e9ro. Apr\u00e8s dix ans de r\u00e9flexion, l\u2019\u00e9t\u00e9 2025 devrait sceller l\u2019abandon pur et simple du programme. Kafka s\u2019invite au-dessus des glaciers : la neutralit\u00e9 arm\u00e9e se mue en neutralit\u00e9 paralys\u00e9e.<\/p>\n<h5 class=\"wp-block-heading\"><strong>Allemagne : le Puma, b\u00eate de somme\u2026 \u00e0 la retraite anticip\u00e9e<\/strong><\/h5>\n<p>Le Puma, blind\u00e9 suppos\u00e9 indestructible, participe \u00e0 un exercice de tir. Dix-huit engins sont engag\u00e9s ; dix-huit connaissent des pannes \u2013 moteurs, \u00e9lectronique, tourelle. La Bundeswehr, sans surprise, ressort ses vieux Marder, des mod\u00e8les datant de 1970. La robustesse teutonne serait-elle devenue un mythe ?<\/p>\n<h5 class=\"wp-block-heading\"><strong>Royaume-Uni : l\u2019Ajax, sourd et lent<\/strong><\/h5>\n<p>Le programme Ajax est une merveille d\u2019efficacit\u00e9\u2026 dans l\u2019absurde. Co\u00fbt : 6,3 milliards de livres sterling. Ses vibrations sont si violentes que 330 soldats ont perdu l\u2019audition, cinq \u00e9tant m\u00eame r\u00e9form\u00e9s. Lors des essais, sa vitesse fut limit\u00e9e \u00e0 30 km\/h. Livraison report\u00e9e \u00e0 2029. Un bijou de technologie, assur\u00e9ment.<\/p>\n<h5 class=\"wp-block-heading\"><strong>Norv\u00e8ge : des sous-marins\u2026 sans torpilles<\/strong><\/h5>\n<p>La Norv\u00e8ge commande six sous-marins U212 CD pour 5,5 milliards d\u2019euros. Premi\u00e8re livraison pr\u00e9vue en 2029. En attendant ? Aucune torpille lourde compatible avant 2032. Les vieux Ula, datant de 1989, assureront le service minimum. L\u2019art de commander un costume sur mesure sans pr\u00e9voir de boutons.<\/p>\n<h5 class=\"wp-block-heading\"><strong>L\u2019Est n\u2019est pas en reste : le club atlantiste s\u2019agrandit<\/strong><\/h5>\n<p>Et comme la solidarit\u00e9 transatlantique n\u2019a pas de fronti\u00e8res, l\u2019Europe de l\u2019Est rejoint joyeusement le bal des d\u00e9convenues : la Pologne avec ses Leopard 2A8 qui prennent 3 ans de retard, la Roumanie avec son Patriot \u00aburgent\u00bb livr\u00e9 en 2027, la Bulgarie avec son F-16 clou\u00e9 au sol 6 mois. Preuve que l\u2019Est aussi sait payer la note atlantiste avec \u00e9l\u00e9gance.<\/p>\n<h5 class=\"wp-block-heading\"><strong>Le th\u00e9\u00e2tre d\u2019ombres<\/strong><\/h5>\n<p>Theo Francken, ministre belge de la D\u00e9fense, brandit la menace de Moscou : \u00abSi Bruxelles est frapp\u00e9e, l\u2019OTAN rasera Moscou\u00bb. Medvedev se contente d\u2019un laconique : \u00abImb\u00e9cile\u00bb. Pendant ce temps, en Europe, les cha\u00eenes de montage tournent au ralenti, comme si la guerre \u00e9tait mise en veilleuse\u2026 ou que l\u2019absurde gouvernait les usines.<\/p>\n<p>Les chiffres du SIPRI 2025 sont \u00e9loquents : entre 2020 et 2024, 64% des armes import\u00e9es par l\u2019Europe viennent des \u00c9tats-Unis, avec une augmentation de 105% en cinq ans. L\u2019Europe finance l\u2019industrie d\u2019outre-Atlantique\u2026 et paie le prix fort pour des \u00e9quipements souvent d\u00e9faillants.<\/p>\n<p>Ce faisant, l\u2019Europe creuse son d\u00e9ficit commercial strat\u00e9gique tout en affaiblissant sa propre base industrielle.<\/p>\n<h5 class=\"wp-block-heading\"><strong>Conclusion en forme de paradoxe<\/strong><\/h5>\n<p>On nous vante la \u00abbase industrielle europ\u00e9enne\u00bb, la \u00absouverainet\u00e9 strat\u00e9gique\u00bb\u2026 mais le sc\u00e9nario reste inchang\u00e9 : on ach\u00e8te am\u00e9ricain, on paie le prix fort, on attend les livraisons, et on brandit la menace de l\u2019Est quand tout flanche. Alors, la grande question : quand relancerons-nous nos propres usines ? La r\u00e9ponse ? Peut-\u00eatre bient\u00f4t\u2026 si tout fonctionne comme pr\u00e9vu. Ce qui, h\u00e9las, est rarement le cas.<\/p>\n<p>La situation rappelle cette phrase de Clemenceau : \u00ab<em>La guerre est une affaire trop s\u00e9rieuse pour \u00eatre confi\u00e9e \u00e0 des militaires<\/em>\u00bb. Aujourd\u2019hui, confier la d\u00e9fense europ\u00e9enne aux seuls fournisseurs am\u00e9ricains rel\u00e8ve du m\u00eame pari risqu\u00e9 : on paie cher, on attend des livraisons, et on esp\u00e8re que tout fonctionnera\u2026 un peu comme si l\u2019absurde avait pris le commandement.<\/p>\n<p>sources :<\/p>\n<p><a target=\"_blank\" href=\"https:\/\/www.rts.ch\/info\/suisse\/2025\/article\/drones-militaires-suisses-hermes-900-de-retour-mais-avec-des-restrictions-28976793.html\">https:\/\/www.rts.ch\/info\/suisse\/2025\/article\/drones-militaires-suisses-hermes-900-de-retour-mais-avec-des-restrictions-28976793.html<\/a><br \/><a target=\"_blank\" href=\"https:\/\/www.zonebourse.com\/cours\/action\/RHEINMETALL-AG-436527\/actualite\/Fabricant-presque-tous-les-dommages-causes-aux-Puma-etaient-des-bagatelles-42645740\">https:\/\/www.zonebourse.com\/cours\/action\/RHEINMETALL-AG-436527\/actualite\/Fabricant-presque-tous-les-dommages-causes-aux-Puma-etaient-des-bagatelles-42645740<\/a><br \/><a target=\"_blank\" href=\"https:\/\/www.defensenews.com\/land\/2023\/03\/20\/uks-ajax-vehicle-program-now-on-track-after-noise-vibration-issues\">https:\/\/www.defensenews.com\/land\/2023\/03\/20\/uks-ajax-vehicle-program-now-on-track-after-noise-vibration-issues<\/a><br \/><a target=\"_blank\" href=\"https:\/\/www.sipri.org\/sites\/default\/files\/2025%20AT%20Press%20Release%20FRE.pdf\">https:\/\/www.sipri.org\/sites\/default\/files\/2025 AT Press Release FRE.pdf<\/a><\/p>\n<div class=\"sharedaddy sd-block sd-like jetpack-likes-widget-wrapper jetpack-likes-widget-unloaded\" id=\"like-post-wrapper-237719536-493124-690f24bf02817\" data-src=\"https:\/\/widgets.wp.com\/likes\/?ver=15.0.2#blog_id=237719536&amp;post_id=493124&amp;origin=reseauinternational.net&amp;obj_id=237719536-493124-690f24bf02817\" data-name=\"like-post-frame-237719536-493124-690f24bf02817\" data-title=\"Aimer ou rebloguer\">\n<h3 class=\"sd-title\">J\u2019aime \u00e7a\u00a0:<\/h3>\n<p><span class=\"button\"><span>J\u2019aime<\/span><\/span> <span class=\"loading\">chargement\u2026<\/span><\/p>\n<p><span class=\"sd-text-color\"\/><a target=\"_blank\" class=\"sd-link-color\"\/><\/div>\n<p><meta itemscope=\"\" itemprop=\"mainEntityOfPage\" itemtype=\"https:\/\/schema.org\/WebPage\" itemid=\"https:\/\/reseauinternational.net\/leurope-achete-americain-et-espere-que-ca-vole\/\"\/><meta itemprop=\"headline\" content=\"L\u2019Europe ach\u00e8te am\u00e9ricain et esp\u00e8re que \u00e7a vole\"\/><span style=\"display: none;\" itemprop=\"author\" itemscope=\"\" itemtype=\"https:\/\/schema.org\/Person\"><meta itemprop=\"name\" content=\"R\u00e9seau International\"\/><\/span><span style=\"display: none;\" itemprop=\"image\" itemscope=\"\" itemtype=\"https:\/\/schema.org\/ImageObject\"><meta itemprop=\"url\" content=\"https:\/\/i0.wp.com\/reseauinternational.net\/wp-content\/uploads\/2025\/11\/Sans-titre-12-7.png?fit=800%2C467&amp;ssl=1\"\/><meta itemprop=\"width\" content=\"800\"\/><meta itemprop=\"height\" content=\"467\"\/><\/span><span style=\"display: none;\" itemprop=\"publisher\" itemscope=\"\" itemtype=\"https:\/\/schema.org\/Organization\"><span style=\"display: none;\" itemprop=\"logo\" itemscope=\"\" itemtype=\"https:\/\/schema.org\/ImageObject\"><meta itemprop=\"url\" content=\"https:\/\/reseauinternational.net\/wp-content\/uploads\/2022\/06\/Capture-de\u0301cran-2022-06-14-a\u0300-16.51.07.png\"\/><\/span><meta itemprop=\"name\" content=\"R\u00e9seau International\"\/><\/span><meta itemprop=\"datePublished\" content=\"2025-11-08T10:36:26+00:00\"\/><meta itemprop=\"dateModified\" content=\"2025-11-08T10:36:45+00:00\"\/><\/div>\n<p><br \/>\n<br \/><a href=\"https:\/\/reseauinternational.net\/leurope-achete-americain-et-espere-que-ca-vole\/\" target=\"_blank\"\">Source link <\/a><\/p>\n","protected":false},"excerpt":{"rendered":"<p>Campagne de dons Octobre 2025 Appel aux dons \u2013 Votre soutien nous est indispensable pour continuer \u00e0 vous fournir le meilleur de l\u2019information internationale alternative. C\u2019est gr\u00e2ce \u00e0 vos dons&hellip; <\/p>\n","protected":false},"author":1,"featured_media":19077,"comment_status":"open","ping_status":"open","sticky":false,"template":"","format":"standard","meta":{"footnotes":""},"categories":[1],"tags":[],"class_list":["post-19076","post","type-post","status-publish","format-standard","has-post-thumbnail","hentry","category-non-classe"],"_links":{"self":[{"href":"https:\/\/monde25.info\/index.php\/wp-json\/wp\/v2\/posts\/19076","targetHints":{"allow":["GET"]}}],"collection":[{"href":"https:\/\/monde25.info\/index.php\/wp-json\/wp\/v2\/posts"}],"about":[{"href":"https:\/\/monde25.info\/index.php\/wp-json\/wp\/v2\/types\/post"}],"author":[{"embeddable":true,"href":"https:\/\/monde25.info\/index.php\/wp-json\/wp\/v2\/users\/1"}],"replies":[{"embeddable":true,"href":"https:\/\/monde25.info\/index.php\/wp-json\/wp\/v2\/comments?post=19076"}],"version-history":[{"count":0,"href":"https:\/\/monde25.info\/index.php\/wp-json\/wp\/v2\/posts\/19076\/revisions"}],"wp:featuredmedia":[{"embeddable":true,"href":"https:\/\/monde25.info\/index.php\/wp-json\/wp\/v2\/media\/19077"}],"wp:attachment":[{"href":"https:\/\/monde25.info\/index.php\/wp-json\/wp\/v2\/media?parent=19076"}],"wp:term":[{"taxonomy":"category","embeddable":true,"href":"https:\/\/monde25.info\/index.php\/wp-json\/wp\/v2\/categories?post=19076"},{"taxonomy":"post_tag","embeddable":true,"href":"https:\/\/monde25.info\/index.php\/wp-json\/wp\/v2\/tags?post=19076"}],"curies":[{"name":"wp","href":"https:\/\/api.w.org\/{rel}","templated":true}]}}