{"id":19084,"date":"2025-11-08T15:26:24","date_gmt":"2025-11-08T14:26:24","guid":{"rendered":"https:\/\/monde25.info\/index.php\/2025\/11\/08\/spectaculaire-hypocrisie-de-la-caste-parisienne-concernant-le-boycott-de-lorchestre-philarmonique-israelien\/"},"modified":"2025-11-08T15:26:24","modified_gmt":"2025-11-08T14:26:24","slug":"spectaculaire-hypocrisie-de-la-caste-parisienne-concernant-le-boycott-de-lorchestre-philarmonique-israelien","status":"publish","type":"post","link":"https:\/\/monde25.info\/index.php\/2025\/11\/08\/spectaculaire-hypocrisie-de-la-caste-parisienne-concernant-le-boycott-de-lorchestre-philarmonique-israelien\/","title":{"rendered":"Spectaculaire hypocrisie de la caste parisienne concernant le boycott de l&rsquo;orchestre philarmonique isra\u00e9lien !"},"content":{"rendered":"<p> <br \/>\n<\/p>\n<div>\n<p><span class=\"dropcap \" style=\"background-color: #ffffff; color: #000000; border-color: #ffffff;\"><strong>L\u2019<\/strong><\/span>actu qui agite les r\u00e9seaux sociaux et le milieux aculturel fran\u00e7ais concerne la d\u00e9cision de la Philharmonie de Paris d\u2019accueillir l\u2019orchestre sioniste, suscitant une vive pol\u00e9mique. D\u2019aucuns d\u00e9noncent cette invitation comme une provocation, pointant du doigt le jeu de l\u2019hymne national isra\u00e9lien lors d\u2019un r\u00e9cent concert perturb\u00e9 par des fumig\u00e8nes. Ils comparent tous cette situation \u00e0 l\u2019annulation, en f\u00e9vrier 2022, des concerts d\u2019artistes russes suite \u00e0 l\u2019invasion de l\u2019Ukraine, soulignant une incoh\u00e9rence dans les politiques culturelles. On a eu \u00e9galement l\u2019appel du Quai d\u2019Orsay \u00e0 boycotter les artistes africains (Mali, Niger\u2026) ! Du coup, quand on lit un <a target=\"_blank\" href=\"https:\/\/x.com\/francediplo\/status\/1986829995428249708\">post X officiel de France Diplo<\/a> affirmer qu\u2019ils sont contre tout boycott artistique, on ne peut que ricaner.<\/p>\n<p>Comme toujours, la mafia sioniste parisienne s\u2019est transform\u00e9e en victime alors que les seules v\u00e9ritables victimes dans cette histoire sont les manifestants pros palestiniens qui ont \u00e9t\u00e9 tabass\u00e9s litt\u00e9ralement par le public ! Ils ont m\u00eame termin\u00e9 en garde \u00e0 vue au commissariat du coin ! Pire, on peut trouver sur Internet un rabbin qui se vante d\u2019avoir frapp\u00e9 une femme ! Vous savez, le rav Gabriel Farhi qui s\u2019\u00e9tait illustr\u00e9 en 2003 par une fausse attaque antis\u00e9mite qui s\u2019est av\u00e9r\u00e9 \u00eatre un auto-mutilation et a termin\u00e9 en non-lieu en 2009 apr\u00e8s 6 ann\u00e9es d\u2019instruction.<\/p>\n<hr\/>\n<div id=\"gallery-1\" class=\"gallery galleryid-6061146 gallery-columns-2 gallery-size-medium\">\n<figure class=\"gallery-item\">\n<div class=\"gallery-icon landscape\">\n<a target=\"_blank\" href=\"https:\/\/www.lelibrepenseur.org\/wp-content\/uploads\/2025\/11\/non-lei-agression-rabbin-gabriel-farhi-2003-Le-Monde.jpg\"><img loading=\"lazy\" decoding=\"async\" width=\"300\" height=\"241\" data-pagespeed-lazy-src=\"https:\/\/www.lelibrepenseur.org\/wp-content\/uploads\/2025\/11\/non-lei-agression-rabbin-gabriel-farhi-2003-Le-Monde-300x241.jpg\" class=\"attachment-medium size-medium\" alt=\"\" data-pagespeed-lazy-srcset=\"https:\/\/www.lelibrepenseur.org\/wp-content\/uploads\/2025\/11\/non-lei-agression-rabbin-gabriel-farhi-2003-Le-Monde-300x241.jpg 300w, https:\/\/www.lelibrepenseur.org\/wp-content\/uploads\/2025\/11\/non-lei-agression-rabbin-gabriel-farhi-2003-Le-Monde-24x19.jpg 24w, https:\/\/www.lelibrepenseur.org\/wp-content\/uploads\/2025\/11\/non-lei-agression-rabbin-gabriel-farhi-2003-Le-Monde-36x29.jpg 36w, https:\/\/www.lelibrepenseur.org\/wp-content\/uploads\/2025\/11\/non-lei-agression-rabbin-gabriel-farhi-2003-Le-Monde-48x39.jpg 48w, https:\/\/www.lelibrepenseur.org\/wp-content\/uploads\/2025\/11\/non-lei-agression-rabbin-gabriel-farhi-2003-Le-Monde-600x482.jpg 600w, https:\/\/www.lelibrepenseur.org\/wp-content\/uploads\/2025\/11\/xnon-lei-agression-rabbin-gabriel-farhi-2003-Le-Monde.jpg.pagespeed.ic.tLJIWvVBVc.jpg 694w\" sizes=\"auto, (max-width: 300px) 100vw, 300px\" src=\"\/pagespeed_static\/1.JiBnMqyl6S.gif\" onload=\"pagespeed.lazyLoadImages.loadIfVisibleAndMaybeBeacon(this);\" onerror=\"this.onerror=null;pagespeed.lazyLoadImages.loadIfVisibleAndMaybeBeacon(this);\"\/><\/a>\n<\/div>\n<\/figure>\n<figure class=\"gallery-item\">\n<div class=\"gallery-icon portrait\">\n<a target=\"_blank\" href=\"https:\/\/www.lelibrepenseur.org\/wp-content\/uploads\/2025\/11\/un-rabbin-fier-davoir-frappe-une-femme.jpg\"><img loading=\"lazy\" decoding=\"async\" width=\"273\" height=\"300\" data-pagespeed-lazy-src=\"https:\/\/www.lelibrepenseur.org\/wp-content\/uploads\/2025\/11\/un-rabbin-fier-davoir-frappe-une-femme-273x300.jpg\" class=\"attachment-medium size-medium\" alt=\"rabbin gabriel farhi se vante d'avoir frapp\u00e9 une femme\" aria-describedby=\"gallery-1-6061171\" data-pagespeed-lazy-srcset=\"https:\/\/www.lelibrepenseur.org\/wp-content\/uploads\/2025\/11\/un-rabbin-fier-davoir-frappe-une-femme-273x300.jpg 273w, https:\/\/www.lelibrepenseur.org\/wp-content\/uploads\/2025\/11\/un-rabbin-fier-davoir-frappe-une-femme-22x24.jpg 22w, https:\/\/www.lelibrepenseur.org\/wp-content\/uploads\/2025\/11\/un-rabbin-fier-davoir-frappe-une-femme-33x36.jpg 33w, https:\/\/www.lelibrepenseur.org\/wp-content\/uploads\/2025\/11\/un-rabbin-fier-davoir-frappe-une-femme-44x48.jpg 44w, https:\/\/www.lelibrepenseur.org\/wp-content\/uploads\/2025\/11\/un-rabbin-fier-davoir-frappe-une-femme-600x660.jpg 600w, https:\/\/www.lelibrepenseur.org\/wp-content\/uploads\/2025\/11\/un-rabbin-fier-davoir-frappe-une-femme.jpg 750w\" sizes=\"auto, (max-width: 273px) 100vw, 273px\" src=\"\/pagespeed_static\/1.JiBnMqyl6S.gif\" onload=\"pagespeed.lazyLoadImages.loadIfVisibleAndMaybeBeacon(this);\" onerror=\"this.onerror=null;pagespeed.lazyLoadImages.loadIfVisibleAndMaybeBeacon(this);\"\/><\/a>\n<\/div><figcaption class=\"wp-caption-text gallery-caption\" id=\"gallery-1-6061171\">\nrabbin gabriel farhi se vante d\u2019avoir frapp\u00e9 une femme<br \/>\n<\/figcaption><\/figure>\n<\/div>\n<hr\/>\n<p>La pol\u00e9mique s\u2019est intensifi\u00e9e apr\u00e8s des arrestations, r\u00e9v\u00e9lant une fracture dans l\u2019opinion publique. La Philharmonie, quant \u00e0 elle, maintient sa neutralit\u00e9 artistique, affirmant ne pas exiger de positions politiques de ses invit\u00e9s alors qu\u2019elle <a target=\"_blank\" href=\"https:\/\/deneb.philharmoniedeparis.fr\/uploads\/documents\/621cd90074102_COMMUNIQU\u00c9%20CONCERNANT%20LES%20ARTISTES%20RUSSES_.pdf\">avait boycott\u00e9 les artistes Russes<\/a> ! Comment font-ils pour se contredire \u00e0 ce point sans jamais rougir de honte ? Comment font-ils pour mentir \u00e0 ce point en faisant croire qu\u2019ils ne font pas de politique alors qu\u2019ils ne font que \u00e7a ?<\/p>\n<hr\/>\n<figure id=\"attachment_6061170\" aria-describedby=\"caption-attachment-6061170\" style=\"width: 362px\" class=\"wp-caption aligncenter\"><a target=\"_blank\" href=\"https:\/\/www.lelibrepenseur.org\/wp-content\/uploads\/2025\/11\/Capture-decran-2025-11-08-115413.png\"><img loading=\"lazy\" decoding=\"async\" class=\" wp-image-6061170\" data-pagespeed-lazy-src=\"https:\/\/www.lelibrepenseur.org\/wp-content\/uploads\/2025\/11\/Capture-decran-2025-11-08-115413.png\" alt=\"La Philharmonie a boycott\u00e9 les artistes Russes\" width=\"362\" height=\"486\" data-pagespeed-lazy-srcset=\"https:\/\/www.lelibrepenseur.org\/wp-content\/uploads\/2025\/11\/Capture-decran-2025-11-08-115413.png 609w, https:\/\/www.lelibrepenseur.org\/wp-content\/uploads\/2025\/11\/Capture-decran-2025-11-08-115413-224x300.png 224w, https:\/\/www.lelibrepenseur.org\/wp-content\/uploads\/2025\/11\/Capture-decran-2025-11-08-115413-18x24.png 18w, https:\/\/www.lelibrepenseur.org\/wp-content\/uploads\/2025\/11\/Capture-decran-2025-11-08-115413-27x36.png 27w, https:\/\/www.lelibrepenseur.org\/wp-content\/uploads\/2025\/11\/Capture-decran-2025-11-08-115413-36x48.png 36w, https:\/\/www.lelibrepenseur.org\/wp-content\/uploads\/2025\/11\/Capture-decran-2025-11-08-115413-600x805.png 600w\" sizes=\"auto, (max-width: 362px) 100vw, 362px\" src=\"\/pagespeed_static\/1.JiBnMqyl6S.gif\" onload=\"pagespeed.lazyLoadImages.loadIfVisibleAndMaybeBeacon(this);\" onerror=\"this.onerror=null;pagespeed.lazyLoadImages.loadIfVisibleAndMaybeBeacon(this);\"\/><\/a><figcaption id=\"caption-attachment-6061170\" class=\"wp-caption-text\">La Philharmonie a boycott\u00e9 les artistes Russes<\/figcaption><\/figure>\n<hr\/>\n<p>Le parall\u00e8le avec les artistes russes et africains reste pertinent. D\u2019autant que les rapports de MSF d\u00e9crivent une crise humanitaire sans pr\u00e9c\u00e9dent \u00e0 Gaza, renfor\u00e7ant les appels au boycott culturel. Sans oublier les d\u00e9cisions de la Cour p\u00e9nale internationale, les rapports d\u2019Amnesty International et de bien d\u2019autres organismes officiels qui d\u00e9noncent les massacres sionistes en Palestine occup\u00e9e.<\/p>\n<p>Cette hypocrise ph\u00e9nom\u00e9nale n\u2019est pas que l\u2019apanage du milieu culturel puisque le monde corrompu du sport s\u2019est illustr\u00e9 par le m\u00eame type de comportement. Que ce soit la FIFA ou l\u2019UEFA ou bien les JO, ils ont tous \u00e9t\u00e9 <a target=\"_blank\" href=\"https:\/\/www.lelibrepenseur.org\/fifa-lhypocrite-infantino-a-declare-qu-aucune-mesure-ne-sera-prise-contre-lisrael-la-fifa-ne-peut-pas-resoudre-les-problemes-geopolitiques\/\">prompts \u00e0 annuler les participation des sportifs russes<\/a> d\u00e8s mars 2022 et refusent toujours d\u2019agir lorsqu\u2019il est question des sionistes g\u00e9nocidaires !<\/p>\n<p>Faut-il aussi rappeler que l\u2019ordure de Netanyahu continue quotidiennement de pi\u00e9tiner le cessez-le-feu en bombardant et massacrant des civils ? C\u2019est ce qui devrait \u00eatre trait\u00e9 par les m\u00e9dias parisiens malheureusement trop sionis\u00e9s.<\/p>\n<p>Cette affaire d\u00e9passe la musique, touchant aux questions de morale, de politique et de libert\u00e9 artistique. Elle pose la question de savoir si la culture doit refl\u00e9ter les conflits ou rester un espace neutre.<\/p>\n<\/div>\n<p><br \/>\n<br \/><a href=\"https:\/\/www.lelibrepenseur.org\/spectaculaire-hypocrisie-de-la-caste-parisienne-concernant-le-boycott-de-lorchestre-philarmonique-israelien\/\" target=\"_blank\"\">Source link <\/a><\/p>\n","protected":false},"excerpt":{"rendered":"<p>L\u2019actu qui agite les r\u00e9seaux sociaux et le milieux aculturel fran\u00e7ais concerne la d\u00e9cision de la Philharmonie de Paris d\u2019accueillir l\u2019orchestre sioniste, suscitant une vive pol\u00e9mique. D\u2019aucuns d\u00e9noncent cette invitation&hellip; <\/p>\n","protected":false},"author":1,"featured_media":0,"comment_status":"open","ping_status":"open","sticky":false,"template":"","format":"standard","meta":{"footnotes":""},"categories":[1],"tags":[],"class_list":["post-19084","post","type-post","status-publish","format-standard","hentry","category-non-classe"],"_links":{"self":[{"href":"https:\/\/monde25.info\/index.php\/wp-json\/wp\/v2\/posts\/19084","targetHints":{"allow":["GET"]}}],"collection":[{"href":"https:\/\/monde25.info\/index.php\/wp-json\/wp\/v2\/posts"}],"about":[{"href":"https:\/\/monde25.info\/index.php\/wp-json\/wp\/v2\/types\/post"}],"author":[{"embeddable":true,"href":"https:\/\/monde25.info\/index.php\/wp-json\/wp\/v2\/users\/1"}],"replies":[{"embeddable":true,"href":"https:\/\/monde25.info\/index.php\/wp-json\/wp\/v2\/comments?post=19084"}],"version-history":[{"count":0,"href":"https:\/\/monde25.info\/index.php\/wp-json\/wp\/v2\/posts\/19084\/revisions"}],"wp:attachment":[{"href":"https:\/\/monde25.info\/index.php\/wp-json\/wp\/v2\/media?parent=19084"}],"wp:term":[{"taxonomy":"category","embeddable":true,"href":"https:\/\/monde25.info\/index.php\/wp-json\/wp\/v2\/categories?post=19084"},{"taxonomy":"post_tag","embeddable":true,"href":"https:\/\/monde25.info\/index.php\/wp-json\/wp\/v2\/tags?post=19084"}],"curies":[{"name":"wp","href":"https:\/\/api.w.org\/{rel}","templated":true}]}}