{"id":19090,"date":"2025-11-08T18:11:48","date_gmt":"2025-11-08T17:11:48","guid":{"rendered":"https:\/\/monde25.info\/index.php\/2025\/11\/08\/ursulagate-et-le-cartel-mondial-du-covid-scandale-etouffe-par-les-mainstream-sous-le-scalpel-de-weltwoche\/"},"modified":"2025-11-08T18:11:48","modified_gmt":"2025-11-08T17:11:48","slug":"ursulagate-et-le-cartel-mondial-du-covid-scandale-etouffe-par-les-mainstream-sous-le-scalpel-de-weltwoche","status":"publish","type":"post","link":"https:\/\/monde25.info\/index.php\/2025\/11\/08\/ursulagate-et-le-cartel-mondial-du-covid-scandale-etouffe-par-les-mainstream-sous-le-scalpel-de-weltwoche\/","title":{"rendered":"UrsulaGate et le Cartel Mondial du Covid : scandale, \u00e9touff\u00e9 par les mainstream, sous le scalpel de Weltwoche"},"content":{"rendered":"<p> <br \/>\n<\/p>\n<div>\n<p>Dans un \u00e9cosyst\u00e8me m\u00e9diatique domin\u00e9 par les g\u00e9ants de l&rsquo;information mainstream \u2013 BBC, New York Times, Le Monde ou The Guardian \u2013, l&rsquo;affaire UrsulaGate, ou PfizerGate, reste un fant\u00f4me : \u00e9voqu\u00e9e du bout des l\u00e8vres, dilu\u00e9e en br\u00e8ves factuelles, mais jamais diss\u00e9qu\u00e9e avec la profondeur qu&rsquo;elle m\u00e9rite. \u00c0 la date d&rsquo;aujourd&rsquo;hui, novembre 2025, ces m\u00e9dias ont bien rapport\u00e9 <strong>des \u00e9v\u00e9nements p\u00e9riph\u00e9riques<\/strong>, comme la d\u00e9cision de la Cour de justice de l&rsquo;UE en mai 2025 annulant le refus de la Commission europ\u00e9enne de divulguer les SMS entre Ursula von der Leyen et le PDG de Pfizer, Albert Bourla, ou la survie ais\u00e9e de von der Leyen \u00e0 un vote de confiance en juillet 2025 au Parlement europ\u00e9en. Pourtant, ces articles se contentent d&rsquo;une surface lisse : une \u00ab\u00a0<em>erreur administrative<\/em>\u00a0\u00bb ici, une \u00ab\u00a0<em>victoire pour la transparence<\/em>\u00a0\u00bb l\u00e0, <strong>sans jamais plonger dans les abysses de la corruption pr\u00e9sum\u00e9e<\/strong>, <strong>des destructions de preuves<\/strong> ou <strong>des liens tentaculaires avec un cartel globaliste<\/strong>. L&rsquo;absence de ces termes incendiaires comme \u00ab\u00a0<em>UrsulaGate<\/em>\u00a0\u00bb ou \u00ab\u00a0<em>PfizerGate<\/em>\u00a0\u00bb dans leurs colonnes n&rsquo;est pas fortuite ; elle <strong>opacifie d\u00e9lib\u00e9r\u00e9ment l&rsquo;ampleur du scandale<\/strong>, le rel\u00e9guant au rang d&rsquo;anecdote judiciaire plut\u00f4t que de crise d\u00e9mocratique. Pourquoi ce voile ? Les lobbies pharmaceutiques et les \u00e9lites bruxelloises, bien implant\u00e9s dans les r\u00e9dactions, pr\u00e9f\u00e8rent-ils une amn\u00e9sie collective \u00e0 une enqu\u00eate qui pourrait \u00e9branler les fondations de l&rsquo;UE ?\u00a0<\/p>\n<p>C&rsquo;est dans ce vide informationnel que s&rsquo;inscrit <a target=\"_blank\" href=\"https:\/\/weltwoche.ch\/daily\/ursulagate-and-the-global-covid-cartel\/\">l&rsquo;article de Urs Gehriger pour <em>Weltwoche<\/em><\/a>, une rare perle d&rsquo;investigation exhaustive, sign\u00e9e via une interview exclusive avec Fr\u00e9d\u00e9ric Baldan, l&rsquo;ancien lobbyiste belge devenu paria pour avoir os\u00e9 briser le silence. Ce texte n&rsquo;est pas seulement complet : <strong>il est un antidote \u00e0 l&rsquo;opacification m\u00e9diatique<\/strong>, reliant le contrat vaccinal opaque de 35 milliards d&rsquo;euros \u00e0 un r\u00e9seau de pouvoir occulte, tout en exposant les repr\u00e9sailles f\u00e9roces contre son auteur. Une lecture indispensable pour qui refuse que l&rsquo;histoire soit r\u00e9\u00e9crite en blanc-seing.<\/p>\n<p>\u00a0<\/p>\n<h5><strong>Le c\u0153ur du scandale : un contrat pharaonique n\u00e9goci\u00e9 dans l&rsquo;ombre<\/strong><\/h5>\n<p>Au centre de l&rsquo;affaire tr\u00f4ne Ursula von der Leyen, pr\u00e9sidente de la Commission europ\u00e9enne, accus\u00e9e de corruption, de prise d&rsquo;int\u00e9r\u00eats ill\u00e9gaux, de destruction de documents publics et d&rsquo;usurpation de fonctions. L&rsquo;article d\u00e9taille avec minutie le deal vaccinal conclu en avril 2021, un contrat d&rsquo;une ampleur in\u00e9dite : 4,6 milliards de doses de vaccins Pfizer pour 23 milliards d&rsquo;euros, portant le total \u00e0 35 milliards. Baldan, interrog\u00e9 par <em>Weltwoche<\/em>\u00a0, d\u00e9nonce l&rsquo;absurdit\u00e9 de ces chiffres, soulignant l&rsquo;absence totale de justification documentaire.<\/p>\n<p>Voici un extrait cl\u00e9 de l&rsquo;interview, o\u00f9 Baldan expose les irr\u00e9gularit\u00e9s flagrantes de cette n\u00e9gociation solitaire :<\/p>\n<blockquote>\n<p><em>\u00ab Il n&rsquo;y a aucun document li\u00e9. C&rsquo;est enti\u00e8rement sur une base arbitraire. Les quantit\u00e9s sont folles. 10 doses par personne, y compris les personnes \u00e2g\u00e9es, les enfants dans toute l&rsquo;UE. C&rsquo;est tout simplement insens\u00e9. C&rsquo;\u00e9tait enti\u00e8rement au b\u00e9n\u00e9fice de Pfizer. [&#8230;] Elle a de nombreuses fa\u00e7ons de traiter avec des tiers. Elle peut envoyer un e-mail, par exemple. Elle peut demander \u00e0 quelqu&rsquo;un d&rsquo;organiser une r\u00e9union avec enregistrement des proc\u00e8s-verbaux. Mais elle a d\u00e9cid\u00e9 d&rsquo;utiliser son t\u00e9l\u00e9phone. Au lieu de cela, elle a \u00e9tabli un processus secret. Elle a n\u00e9goci\u00e9 ill\u00e9galement en utilisant son t\u00e9l\u00e9phone. Et puis elle a d\u00e9truit les messages texte. \u00bb<\/em><\/p>\n<\/blockquote>\n<p>Ce passage, corrobor\u00e9 par un rapport sp\u00e9cial de la Cour des comptes europ\u00e9enne, met en lumi\u00e8re l&rsquo;\u00e9cart flagrant avec les proc\u00e9dures standard : \u00ab <em>C&rsquo;\u00e9tait le seul contrat o\u00f9 l&rsquo;\u00e9quipe de n\u00e9gociation conjointe n&rsquo;a pas \u00e9t\u00e9 impliqu\u00e9e dans cette phase de n\u00e9gociations, contrairement \u00e0 la d\u00e9cision de la Commission sur l&rsquo;approvisionnement en vaccins COVID-19.<\/em> \u00bb Baldan y voit une tentative \u00e9vidente de dissimulation, un pattern qui renvoie \u00e0 des scandales ant\u00e9rieurs de von der Leyen, comme celui des contrats douteux attribu\u00e9s en 2018-2019 au minist\u00e8re allemand de la D\u00e9fense, o\u00f9 des preuves ont \u00e9t\u00e9 effac\u00e9es sous pr\u00e9texte de \u00ab <em>raisons de s\u00e9curit\u00e9<\/em> \u00bb.<\/p>\n<p>L&rsquo;article creuse ce modus operandi criminel, reliant ces pratiques \u00e0 une vision plus large de d\u00e9tournement de fonds publics au profit de lobbies priv\u00e9s. Baldan n&rsquo;h\u00e9site pas \u00e0 qualifier cela de \u00ab <em>contre l&rsquo;int\u00e9r\u00eat commun des gens et enti\u00e8rement au b\u00e9n\u00e9fice de ces entreprises priv\u00e9es<\/em> \u00bb.<\/p>\n<p>\u00a0<\/p>\n<h5><strong>Un sch\u00e9ma r\u00e9current : de Berlin \u00e0 Bruxelles, la destruction syst\u00e9matique de preuves<\/strong><\/h5>\n<p>L&rsquo;exhaustivit\u00e9 de l&rsquo;article r\u00e9side aussi dans sa reconstitution chronologique de la carri\u00e8re de von der Leyen, r\u00e9v\u00e9lant un fil rouge de malversations. L&rsquo;interview explore comment, apr\u00e8s le scandale allemand \u2013 o\u00f9 des parlementaires ont accus\u00e9 le minist\u00e8re de la D\u00e9fense de saboter l&rsquo;enqu\u00eate \u2013, von der Leyen a astucieusement install\u00e9 un \u00ab appartement \u00bb au sein du b\u00e2timent de la Commission europ\u00e9enne, \u00e9chappant ainsi \u00e0 toute perquisition polici\u00e8re sans son aval.<\/p>\n<p>Un long extrait illustre cette strat\u00e9gie d&rsquo;impunit\u00e9 :<\/p>\n<blockquote>\n<p><em>\u00a0\u00ab Il est int\u00e9ressant de comprendre ce que Mme von der Leyen a fait entre le scandale en Allemagne et celui de Bruxelles. Elle a d\u00e9cid\u00e9 de cr\u00e9er un appartement dans le b\u00e2timent de la Commission. Quand j&rsquo;ai interrog\u00e9 la Commission : \u00ab Avez-vous demand\u00e9 la permission \u00e0 la Ville de Bruxelles pour cr\u00e9er un nouveau logement dans le b\u00e2timent car vous \u00eates cens\u00e9 le faire ? \u00bb, la r\u00e9ponse \u00e9tait : \u00ab Non, c&rsquo;est juste comme une pi\u00e8ce pour se reposer. \u00bb Mais l&rsquo;adresse enregistr\u00e9e de von der Leyen est dans le b\u00e2timent. [&#8230;]\u00a0<\/em><\/p>\n<p><em>Parce qu&rsquo;elle avait ce scandale en Allemagne. Elle a probablement pr\u00e9vu de cr\u00e9er un scandale suppl\u00e9mentaire de la m\u00eame mani\u00e8re en utilisant les m\u00eames m\u00e9thodes. Si la police veut faire une perquisition \u00e0 domicile de la pr\u00e9sidente de la Commission, la police n&rsquo;a pas juridiction pour le faire, parce que son domicile est dans la Commission europ\u00e9enne. S&rsquo;ils veulent avoir le droit d&rsquo;entrer dans le b\u00e2timent, ils doivent demander la permission \u00e0 qui ? \u00c0 Mme von der Leyen. \u00bb<\/em><\/p>\n<\/blockquote>\n<p>Cette anecdote, loin d&rsquo;\u00eatre anecdotique, symbolise l&rsquo;appropriation du pouvoir public par des int\u00e9r\u00eats priv\u00e9s, un th\u00e8me r\u00e9current dans l&rsquo;article.<\/p>\n<p>\u00a0<\/p>\n<h5><strong>Les interf\u00e9rences judiciaires : une parodie de justice au service du pouvoir<\/strong><\/h5>\n<p>Ce qui rend l&rsquo;article particuli\u00e8rement complet, c&rsquo;est sa dissection des obstacles judiciaires rencontr\u00e9s par Baldan depuis le d\u00e9p\u00f4t de sa plainte en avril 2023 devant le tribunal de Li\u00e8ge. Avec 1 000 plaignants \u2013 incluant \u00c9tats membres, partis politiques, victimes directes de la crise \u2013, l&rsquo;affaire promettait d&rsquo;\u00eatre historique. Pourtant, elle a \u00e9t\u00e9 min\u00e9e par des ing\u00e9rences multiples, comme le retrait imm\u00e9diat de l&rsquo;accr\u00e9ditation de lobbyiste de Baldan par un subordonn\u00e9 de von der Leyen.<\/p>\n<p>Baldan d\u00e9crit un rapport accablant de 1 000 pages de l&rsquo;Office Central pour la R\u00e9pression de la Corruption (OCRC) belge, prouvant la destruction de documents, transmis au Parquet europ\u00e9en (EPPO). Or, la cheffe de l&rsquo;EPPO, Laura K\u00f6vesi \u2013 elle-m\u00eame \u00e9clabouss\u00e9e par des accusations de corruption en Roumanie \u2013, a ni\u00e9 tout suspect devant le Parlement europ\u00e9en, malgr\u00e9 les preuves.<\/p>\n<p>Un passage \u00e9tendu capture cette farce judiciaire :<\/p>\n<blockquote>\n<p><em>\u00ab Dans le cadre de cette enqu\u00eate, nous avons re\u00e7u un document d&rsquo;une unit\u00e9 sp\u00e9ciale de la Police f\u00e9d\u00e9rale belge luttant contre la corruption. C&rsquo;est appel\u00e9 l&rsquo;Office Central pour la R\u00e9pression de la Corruption (OCRC). Cette unit\u00e9 a \u00e9crit un rapport de 1000 pages. Selon ce rapport, la destruction de documents publics est pleinement prouv\u00e9e. [&#8230;] Si vous d\u00e9truisez les preuves au milieu d&rsquo;une enqu\u00eate criminelle, c&rsquo;est aussi une infraction criminelle. M\u00eame si l&rsquo;EPPO connaissait aussi ce rapport, le procureur en chef est all\u00e9 devant le Parlement europ\u00e9en pour une audition.\u00a0<\/em><\/p>\n<p><em>Elle a d\u00e9clar\u00e9 : \u00ab Je n&rsquo;ai aucun suspect dans cette affaire. \u00bb Cela nous a amen\u00e9s \u00e0 nous interroger sur qui est ce procureur en chef ? [&#8230;] Elle a vir\u00e9 mon procureur national de mon affaire. Nous \u00e9tions l\u00e0 sans minist\u00e8re public. C&rsquo;est incroyable. Pendant une audience, m\u00eame le juge d&rsquo;instruction a fait faux bond juste pour protester parce que c&rsquo;\u00e9tait plus une parodie de justice. Nous avons d\u00e9couvert que ce chef de l&rsquo;EPPO est finalement sous le contr\u00f4le de Mme von der Leyen elle-m\u00eame. Le budget pour poursuivre vient de la Commission. L&rsquo;infrastructure IT, celle qu&rsquo;ils utilisent pour transf\u00e9rer le dossier secret du juge, est aussi sous le contr\u00f4le de la Commission. Mme von der Leyen a le droit d&rsquo;obliger ce procureur en chef \u00e0 d\u00e9missionner. C&rsquo;est ridicule. \u00bb<\/em><\/p>\n<\/blockquote>\n<p>Cette section d\u00e9montre comment les institutions cens\u00e9es veiller \u00e0 l&rsquo;ind\u00e9pendance \u2013 comme l&rsquo;EPPO \u2013 sont en r\u00e9alit\u00e9 sous la coupe de von der Leyen, rendant toute enqu\u00eate illusoire.<\/p>\n<p>\u00a0<\/p>\n<h5><strong>Le Cartel Mondial du Covid : au-del\u00e0 de von der Leyen, un r\u00e9seau globaliste<\/strong><\/h5>\n<p>L&rsquo;article transcende le cas personnel pour cartographier un \u00ab <em>Cartel Mondial du Covid<\/em> \u00bb, impliquant la Fondation Gates (dont les partenaires financiers sont bas\u00e9s aux \u00eeles Ca\u00efmans pour opacit\u00e9 fiscale), le Wellcome Trust (finan\u00e7ant les recherches du mari de von der Leyen, Heiko), et le Forum \u00c9conomique Mondial (WEF), dont von der Leyen fut lobbyiste \u2013 un conflit d&rsquo;int\u00e9r\u00eats patent avec les trait\u00e9s europ\u00e9ens.<\/p>\n<p>Baldan y voit une fusion fascisante entre lobbies et \u00c9tats, via les \u00ab <em>partenariats public-priv\u00e9<\/em> \u00bb pr\u00f4n\u00e9s \u00e0 Davos, visant \u00e0 troquer les droits fondamentaux contre des privil\u00e8ges. Un extrait poignant sur ce cartel :<\/p>\n<blockquote>\n<p><em>\u00a0\u00ab Ce qu&rsquo;ils essaient de faire, en premier lieu, c&rsquo;est de permettre aux lobbies et aux multinationales de fusionner finalement avec le gouvernement ou l&rsquo;autorit\u00e9 publique. C&rsquo;est la d\u00e9finition du fascisme. \u00c0 Davos, ils l&rsquo;appellent le PPP, le partenariat public-priv\u00e9. En gros, ce qu&rsquo;ils veulent faire, c&rsquo;est vous obliger \u00e0 convertir vos droits fondamentaux en un syst\u00e8me de privil\u00e8ges. C&rsquo;est la fin de la d\u00e9mocratie. Nous pouvons le voir avec la transparence. Par exemple, Mme von der Leyen, elle a essay\u00e9 de mettre en place le contr\u00f4le des chats parce qu&rsquo;elle veut lire vos messages texte. [&#8230;] Vous avez un droit \u00e0 la transparence, mais dans ce cas, ils ont ill\u00e9galement censur\u00e9 le contrat avec Pfizer, et elle a d\u00e9truit les documents publics, comme les messages texte, afin que vous ne puissiez pas les lire. C&rsquo;est finalement la transformation de vos droits parce que c&rsquo;est votre droit fondamental d&rsquo;obtenir ces documents. Mme von der Leyen est le fonctionnaire public qui est oblig\u00e9 de vous les fournir parce qu&rsquo;elle doit se conformer aux droits fondamentaux. \u00bb<\/em><\/p>\n<\/blockquote>\n<p>Baldan pointe aussi les liens familiaux : les subventions europ\u00e9ennes \u00e0 une soci\u00e9t\u00e9 italienne inactive li\u00e9e \u00e0 Heiko von der Leyen, fournisseur de vaccins ARNm.<\/p>\n<p>\u00a0<\/p>\n<h5><strong>Les repr\u00e9sailles contre Fr\u00e9d\u00e9ric Baldan : le prix de la v\u00e9rit\u00e9<\/strong><\/h5>\n<p>Enfin, l&rsquo;article humanise le combat en se focalisant sur <a target=\"_blank\" href=\"https:\/\/www.francesoir.fr\/videos-les-debriefings\/ursulagates-frederic-baldan-le-lanceur-d-alerte-des-lobbys-attaque-et\">les effets secondaires d\u00e9vastateurs subis par Baldan<\/a> : perte d&#8217;emploi, retrait de licence, gel r\u00e9cent de comptes bancaires, et un parcours judiciaire jonch\u00e9 d&#8217;emb\u00fbches. Malgr\u00e9 les revers, il reste inflexible : \u00ab <em>Oui, je le referais. Nous n&rsquo;avons pas d&rsquo;autre moyen que de combattre ces gens.<\/em> \u00bb Cette affaire, mart\u00e8le-t-il, menace la d\u00e9mocratie occidentale tout enti\u00e8re, aux mains d&rsquo;\u00ab <em>agendas globalistes qui cherchent \u00e0 la d\u00e9truire<\/em> \u00bb.<\/p>\n<p>\u00a0 <iframe loading=\"lazy\" title=\"UrsulaGates: Fr\u00e9d\u00e9ric Baldan le lanceur d\u2019alerte des lobbys attaque \u2014 et riposte aux repr\u00e9sailles\" width=\"1110\" height=\"624\" src=\"https:\/\/www.youtube.com\/embed\/-YB4fqUXKCs?feature=oembed\" frameborder=\"0\" allow=\"accelerometer; autoplay; clipboard-write; encrypted-media; gyroscope; picture-in-picture; web-share\" referrerpolicy=\"strict-origin-when-cross-origin\" allowfullscreen><\/iframe><\/p>\n<p>\u00a0<\/p>\n<p>En conclusion, cet article de Weltwoche n&rsquo;est pas seulement complet ; il est courageux, reliant les points d&rsquo;un puzzle opaque avec une rigueur journalistique rare. \u00c0 une \u00e9poque o\u00f9 von der Leyen gouverne sous protection teflonienne, il rappelle que la transparence n&rsquo;est pas un luxe, mais le socle de toute d\u00e9mocratie. Pour les lecteurs francophones, il m\u00e9rite une lecture int\u00e9grale \u2013 un antidote essentiel contre l&rsquo;amn\u00e9sie collective post-Covid.\u00a0<\/p>\n<blockquote>\n<p>Fr\u00e9d\u00e9ric Baldan, parapluie en main sous la pluie d&rsquo;Amsterdam, incarne la r\u00e9sistance : son livre <em>The Global Covid Cartel<\/em> prolonge cette enqu\u00eate implacable.<\/p>\n<\/blockquote>\n<p>UrsulaGate : the Global Covid Cartel <a target=\"_blank\" href=\"https:\/\/www.ursulagates.com\/fr\/a-propos-du-livre\/\" target=\"_blank\">est disponible en fran\u00e7ais, en anglais et en italien<\/a>.<\/p>\n<\/div>\n<p><script>(function(d, s, id) {  var js, fjs = d.getElementsByTagName(s)[0];  if (d.getElementById(id)) return;  js = d.createElement(s); js.id = id;  js.src = \"\/\/connect.facebook.net\/fr_FR\/sdk.js#xfbml=1&version=v2.3\";  fjs.parentNode.insertBefore(js, fjs);}(document, \"script\", \"facebook-jssdk\"));<\/script><br \/>\n<br \/><br \/>\n<br \/><a href=\"https:\/\/www.francesoir.fr\/politique-monde-societe-justice\/ursulagate-et-le-cartel-mondial-du-covid-scandale-etouffe-par-les\" target=\"_blank\"\">Source link <\/a><\/p>\n","protected":false},"excerpt":{"rendered":"<p>Dans un \u00e9cosyst\u00e8me m\u00e9diatique domin\u00e9 par les g\u00e9ants de l&rsquo;information mainstream \u2013 BBC, New York Times, Le Monde ou The Guardian \u2013, l&rsquo;affaire UrsulaGate, ou PfizerGate, reste un fant\u00f4me :&hellip; <\/p>\n","protected":false},"author":1,"featured_media":19091,"comment_status":"open","ping_status":"open","sticky":false,"template":"","format":"standard","meta":{"footnotes":""},"categories":[1],"tags":[],"class_list":["post-19090","post","type-post","status-publish","format-standard","has-post-thumbnail","hentry","category-non-classe"],"_links":{"self":[{"href":"https:\/\/monde25.info\/index.php\/wp-json\/wp\/v2\/posts\/19090","targetHints":{"allow":["GET"]}}],"collection":[{"href":"https:\/\/monde25.info\/index.php\/wp-json\/wp\/v2\/posts"}],"about":[{"href":"https:\/\/monde25.info\/index.php\/wp-json\/wp\/v2\/types\/post"}],"author":[{"embeddable":true,"href":"https:\/\/monde25.info\/index.php\/wp-json\/wp\/v2\/users\/1"}],"replies":[{"embeddable":true,"href":"https:\/\/monde25.info\/index.php\/wp-json\/wp\/v2\/comments?post=19090"}],"version-history":[{"count":0,"href":"https:\/\/monde25.info\/index.php\/wp-json\/wp\/v2\/posts\/19090\/revisions"}],"wp:featuredmedia":[{"embeddable":true,"href":"https:\/\/monde25.info\/index.php\/wp-json\/wp\/v2\/media\/19091"}],"wp:attachment":[{"href":"https:\/\/monde25.info\/index.php\/wp-json\/wp\/v2\/media?parent=19090"}],"wp:term":[{"taxonomy":"category","embeddable":true,"href":"https:\/\/monde25.info\/index.php\/wp-json\/wp\/v2\/categories?post=19090"},{"taxonomy":"post_tag","embeddable":true,"href":"https:\/\/monde25.info\/index.php\/wp-json\/wp\/v2\/tags?post=19090"}],"curies":[{"name":"wp","href":"https:\/\/api.w.org\/{rel}","templated":true}]}}