{"id":19098,"date":"2025-11-08T22:02:39","date_gmt":"2025-11-08T21:02:39","guid":{"rendered":"https:\/\/monde25.info\/index.php\/2025\/11\/08\/trump-enferme-les-migrants-au-milieu-des-serpents-et-des-alligators\/"},"modified":"2025-11-08T22:02:39","modified_gmt":"2025-11-08T21:02:39","slug":"trump-enferme-les-migrants-au-milieu-des-serpents-et-des-alligators","status":"publish","type":"post","link":"https:\/\/monde25.info\/index.php\/2025\/11\/08\/trump-enferme-les-migrants-au-milieu-des-serpents-et-des-alligators\/","title":{"rendered":"Trump enferme les migrants au milieu \u00ab\u00a0des serpents et des alligators\u00a0\u00bb"},"content":{"rendered":"<p> <br \/>\n<br \/><img loading=\"lazy\" decoding=\"async\" src=\"https:\/\/reporterre.net\/local\/cache-vignettes\/L700xH467\/photo_3__resized-b327f.jpg?1762588803\" class=\"spip_logo\" width=\"700\" height=\"467\" alt=\"\" \/><\/p>\n<p>En vue d&rsquo;augmenter les expulsions, un centre de d\u00e9tention pour migrants a ouvert en Floride. Des organisations de d\u00e9fense de l&rsquo;environnement et un peuple autochtone craignent les cons\u00e9quences pour l&rsquo;\u00e9cosyst\u00e8me local. <br class=\"autobr\" \/><br \/>\nCollier County (Floride, \u00c9tats-Unis d&rsquo;Am\u00e9rique), reportage <br class=\"autobr\" \/><br \/>\nBetty Osceola gare son 4&#215;4 \u00e0 quelques m\u00e8tres de la route. Elle enl\u00e8ve ses chaussures et se met \u00e0 marcher dans le mar\u00e9cage. Ses tibias trempent dans l&rsquo;eau couverte d&rsquo;herbes basses. La membre de la tribu Miccosukee\u00a0(\u2026)<\/p>\n<p>                    <a target=\"_blank\" href=\"https:\/\/reporterre.net\/En-Floride-un-centre-de-detention-pour-migrants-au-milieu-des-alligators?utm_source=RSS&amp;utm_medium=RSS\">Lire la suite<\/a><\/p>\n<p>                    &#8211;<br \/>\n                        <a target=\"_blank\" href=\"https:\/\/reporterre.net\/Reportage\" rel=\"directory\">Reportage<\/a><\/p>\n<p>                    \/<br \/>\n                        <a target=\"_blank\" href=\"https:\/\/reporterre.net\/International\" rel=\"tag\">Monde<\/a><br \/>\n                    ,<br \/>\n                        <a target=\"_blank\" href=\"https:\/\/reporterre.net\/100-jours-de-Trump\" rel=\"tag\">100 jours de Trump<\/a><br \/>\n<br \/><br \/>\n<br \/><a href=\"https:\/\/reporterre.net\/En-Floride-un-centre-de-detention-pour-migrants-au-milieu-des-alligators\" target=\"_blank\"\">Source link <\/a><\/p>\n","protected":false},"excerpt":{"rendered":"<p>En vue d&rsquo;augmenter les expulsions, un centre de d\u00e9tention pour migrants a ouvert en Floride. Des organisations de d\u00e9fense de l&rsquo;environnement et un peuple autochtone craignent les cons\u00e9quences pour l&rsquo;\u00e9cosyst\u00e8me&hellip; <\/p>\n","protected":false},"author":1,"featured_media":0,"comment_status":"open","ping_status":"open","sticky":false,"template":"","format":"standard","meta":{"footnotes":""},"categories":[1],"tags":[],"class_list":["post-19098","post","type-post","status-publish","format-standard","hentry","category-non-classe"],"_links":{"self":[{"href":"https:\/\/monde25.info\/index.php\/wp-json\/wp\/v2\/posts\/19098","targetHints":{"allow":["GET"]}}],"collection":[{"href":"https:\/\/monde25.info\/index.php\/wp-json\/wp\/v2\/posts"}],"about":[{"href":"https:\/\/monde25.info\/index.php\/wp-json\/wp\/v2\/types\/post"}],"author":[{"embeddable":true,"href":"https:\/\/monde25.info\/index.php\/wp-json\/wp\/v2\/users\/1"}],"replies":[{"embeddable":true,"href":"https:\/\/monde25.info\/index.php\/wp-json\/wp\/v2\/comments?post=19098"}],"version-history":[{"count":0,"href":"https:\/\/monde25.info\/index.php\/wp-json\/wp\/v2\/posts\/19098\/revisions"}],"wp:attachment":[{"href":"https:\/\/monde25.info\/index.php\/wp-json\/wp\/v2\/media?parent=19098"}],"wp:term":[{"taxonomy":"category","embeddable":true,"href":"https:\/\/monde25.info\/index.php\/wp-json\/wp\/v2\/categories?post=19098"},{"taxonomy":"post_tag","embeddable":true,"href":"https:\/\/monde25.info\/index.php\/wp-json\/wp\/v2\/tags?post=19098"}],"curies":[{"name":"wp","href":"https:\/\/api.w.org\/{rel}","templated":true}]}}