{"id":19116,"date":"2025-11-09T07:22:47","date_gmt":"2025-11-09T06:22:47","guid":{"rendered":"https:\/\/monde25.info\/index.php\/2025\/11\/09\/violences-des-gendarmes-a-sainte-soline-nous-exigeons-une-commission-denquete-parlementaire\/"},"modified":"2025-11-09T07:22:47","modified_gmt":"2025-11-09T06:22:47","slug":"violences-des-gendarmes-a-sainte-soline-nous-exigeons-une-commission-denquete-parlementaire","status":"publish","type":"post","link":"https:\/\/monde25.info\/index.php\/2025\/11\/09\/violences-des-gendarmes-a-sainte-soline-nous-exigeons-une-commission-denquete-parlementaire\/","title":{"rendered":"Violences des gendarmes \u00e0 Sainte-Soline\u00a0: \u00ab\u00a0Nous exigeons une commission d&#039;enqu\u00eate parlementaire\u00a0\u00bb"},"content":{"rendered":"<p> <br \/>\n<br \/><img loading=\"lazy\" decoding=\"async\" src=\"https:\/\/reporterre.net\/local\/cache-vignettes\/L700xH467\/amoitiepardonnables-7925e.jpg?1762520911\" class=\"spip_logo\" width=\"700\" height=\"467\" alt=\"\" \/><\/p>\n<p>Dans cette tribune, 96 d\u00e9put\u00e9s et s\u00e9nateurs demandent l&rsquo;ouverture d&rsquo;une commission d&rsquo;enqu\u00eate parlementaire sur les violences et propos effarants r\u00e9cemment document\u00e9s des gendarmes qui ont r\u00e9prim\u00e9 la manifestation de Sainte-Soline. <br class=\"autobr\" \/> Le 25\u00a0mars 2023, 30\u00a0000 personnes se sont rassembl\u00e9es dans les Deux-S\u00e8vres et la Vienne pour manifester contre des projets d&rsquo;implantation de m\u00e9gabassines et contre l&rsquo;accaparement de l&rsquo;eau, bien commun de l&rsquo;humanit\u00e9, par une minorit\u00e9 au m\u00e9pris de tous. <br class=\"autobr\" \/><br \/>\nMais\u00a0(\u2026)<\/p>\n<p>                    <a target=\"_blank\" href=\"https:\/\/reporterre.net\/Violences-des-gendarmes-a-Sainte-Soline-nous-exigeons-l-ouverture-d-une-commission-d?utm_source=RSS&amp;utm_medium=RSS\">Lire la suite<\/a><\/p>\n<p>                    &#8211;<br \/>\n                        <a target=\"_blank\" href=\"https:\/\/reporterre.net\/Tribune-15\" rel=\"directory\">Tribune<\/a><\/p>\n<p>                    \/<br \/>\n                        <a target=\"_blank\" href=\"https:\/\/reporterre.net\/Libertes-46\" rel=\"tag\">Libert\u00e9s<\/a><br \/>\n                    ,<br \/>\n                        <a target=\"_blank\" href=\"https:\/\/reporterre.net\/Luttes\" rel=\"tag\">Luttes<\/a><br \/>\n                    ,<br \/>\n                        <a target=\"_blank\" href=\"https:\/\/reporterre.net\/Megabassines\" rel=\"tag\">M\u00e9gabassines<\/a><br \/>\n<br \/><br \/>\n<br \/><a href=\"https:\/\/reporterre.net\/Violences-des-gendarmes-a-Sainte-Soline-nous-exigeons-l-ouverture-d-une-commission-d\" target=\"_blank\"\">Source link <\/a><\/p>\n","protected":false},"excerpt":{"rendered":"<p>Dans cette tribune, 96 d\u00e9put\u00e9s et s\u00e9nateurs demandent l&rsquo;ouverture d&rsquo;une commission d&rsquo;enqu\u00eate parlementaire sur les violences et propos effarants r\u00e9cemment document\u00e9s des gendarmes qui ont r\u00e9prim\u00e9 la manifestation de Sainte-Soline.&hellip; <\/p>\n","protected":false},"author":1,"featured_media":0,"comment_status":"open","ping_status":"open","sticky":false,"template":"","format":"standard","meta":{"footnotes":""},"categories":[1],"tags":[],"class_list":["post-19116","post","type-post","status-publish","format-standard","hentry","category-non-classe"],"_links":{"self":[{"href":"https:\/\/monde25.info\/index.php\/wp-json\/wp\/v2\/posts\/19116","targetHints":{"allow":["GET"]}}],"collection":[{"href":"https:\/\/monde25.info\/index.php\/wp-json\/wp\/v2\/posts"}],"about":[{"href":"https:\/\/monde25.info\/index.php\/wp-json\/wp\/v2\/types\/post"}],"author":[{"embeddable":true,"href":"https:\/\/monde25.info\/index.php\/wp-json\/wp\/v2\/users\/1"}],"replies":[{"embeddable":true,"href":"https:\/\/monde25.info\/index.php\/wp-json\/wp\/v2\/comments?post=19116"}],"version-history":[{"count":0,"href":"https:\/\/monde25.info\/index.php\/wp-json\/wp\/v2\/posts\/19116\/revisions"}],"wp:attachment":[{"href":"https:\/\/monde25.info\/index.php\/wp-json\/wp\/v2\/media?parent=19116"}],"wp:term":[{"taxonomy":"category","embeddable":true,"href":"https:\/\/monde25.info\/index.php\/wp-json\/wp\/v2\/categories?post=19116"},{"taxonomy":"post_tag","embeddable":true,"href":"https:\/\/monde25.info\/index.php\/wp-json\/wp\/v2\/tags?post=19116"}],"curies":[{"name":"wp","href":"https:\/\/api.w.org\/{rel}","templated":true}]}}