{"id":19117,"date":"2025-11-09T07:55:37","date_gmt":"2025-11-09T06:55:37","guid":{"rendered":"https:\/\/monde25.info\/index.php\/2025\/11\/09\/capitulation-democratique-a-livoirienne-reseau-international\/"},"modified":"2025-11-09T07:55:37","modified_gmt":"2025-11-09T06:55:37","slug":"capitulation-democratique-a-livoirienne-reseau-international","status":"publish","type":"post","link":"https:\/\/monde25.info\/index.php\/2025\/11\/09\/capitulation-democratique-a-livoirienne-reseau-international\/","title":{"rendered":"Capitulation d\u00e9mocratique \u00e0 l\u2019ivoirienne &#8211; R\u00e9seau International"},"content":{"rendered":"<p> <br \/>\n<\/p>\n<div>\n<ol class=\"campaign-loop campaign-list\">\n<li id=\"campaign-482494\" class=\"post-482494 campaign type-campaign status-publish hentry campaign-has-goal campaign-has-not-achieved-goal campaign-has-end-date campaign-has-not-ended\">\n\t<a target=\"_blank\" href=\"https:\/\/reseauinternational.net\/campaigns\/campagne-de-dons-septembre-octobre-2025\/\"><\/p>\n<h3>Campagne de dons Octobre 2025<\/h3>\n<p>\t\t\t<\/a><\/p>\n<p>\n\tAppel aux dons \u2013 Votre soutien nous est indispensable pour continuer \u00e0 vous fournir le meilleur de l\u2019information internationale alternative. C\u2019est gr\u00e2ce \u00e0 vos dons que nous pourrons maintenir le cap pour une information plurielle et r\u00e9ellement alternative. Nous comptons sur vous.<\/p>\n<p>\n<span class=\"amount\">20 011,00\u00a0\u20ac<\/span> de l\u2019objectif de <span class=\"goal-amount\">25 000,00\u00a0\u20ac<\/span> atteint<\/p>\n<\/li>\n<\/ol>\n<p>par <strong>Leslie Varenne<\/strong><\/p>\n<p>L\u2019\u00e9lection pr\u00e9sidentielle en C\u00f4te d\u2019Ivoire s\u2019est achev\u00e9e sans surprise. Le 4 novembre, le Conseil constitutionnel a proclam\u00e9 les r\u00e9sultats d\u00e9finitifs. Alassane Ouattara, \u00e9lu avec 89,77% des voix exprim\u00e9es, entame donc son quatri\u00e8me mandat. Les \u00c9tats-Unis ont \u00e9t\u00e9 les premiers \u00e0 f\u00e9liciter le chef de l\u2019\u00c9tat ivoirien pour sa r\u00e9\u00e9lection et ont r\u00e9affirm\u00e9 leur volont\u00e9 de \u00ab<em>promouvoir la s\u00e9curit\u00e9 r\u00e9gionale au b\u00e9n\u00e9fice des peuples am\u00e9ricain et ivoirien<\/em>\u00bb. La valse des congratulations devrait suivre. Les chancelleries occidentales comme la CEDEAO respirent, soulag\u00e9es de clore cette nouvelle s\u00e9quence \u00e9lectorale et de garder dans leur giron, cet \u00c9tat strat\u00e9gique du Golfe de Guin\u00e9e. Dans un communiqu\u00e9 aussi d\u00e9concertant qu\u2019incongru, l\u2019organisation sous-r\u00e9gionale a, elle, salu\u00e9 un scrutin \u00ab<em>pacifique<\/em>\u00bb et \u00ab<em>exemplaire<\/em>\u00bb, \u00e9voquant la maturit\u00e9 d\u2019un pays qu\u2019elle d\u00e9crit comme un pilier de la stabilit\u00e9 r\u00e9gionale. Apr\u00e8s 23 morts et plus d\u2019un millier d\u2019arrestations, il fallait oser qualifier ce scrutin de pacifique et d\u2019exemplaire, la CEDEAO l\u2019a fait. Mais comment proclamer la fin d\u2019une crise qui couve encore ? Et que dire de la stabilit\u00e9 \u00e9voqu\u00e9e pour l\u00e9gitimer l\u2019\u00e9chec d\u00e9mocratique ? Loin de garantir un long fleuve tranquille, ce type d\u2019\u00e9lection, selon des processus d\u00e9sormais bien connus, pr\u00e9pare toujours les conditions de l\u2019instabilit\u00e9 de demain.<\/p>\n<h5 class=\"wp-block-heading\"><strong>Paix et soumission<\/strong><\/h5>\n<p>Alassane Ouattara, d\u00e9tenteur de tous les pouvoirs r\u00e9galiens, a organis\u00e9 cette \u00e9lection pour se faire r\u00e9\u00e9lire dans un fauteuil. Chaque \u00e9tape a \u00e9t\u00e9 minutieusement verrouill\u00e9e. La Commission \u00e9lectorale ind\u00e9pendante (CEI) a refus\u00e9 de r\u00e9viser la liste \u00e9lectorale avant la pr\u00e9sidentielle. Le Conseil constitutionnel n\u2019a valid\u00e9 que 5 candidats sur 60, excluant les deux chefs des principaux partis d\u2019opposition : Laurent Gbagbo du PPA\u2011CI et Tidjane Thiam du PDCI, ne conservant que ceux incapables de menacer le pr\u00e9sident sortant. Pour preuve : aucun des quatre pr\u00e9tendants n\u2019a d\u00e9pass\u00e9 la barre symbolique des 5%. D\u2019ailleurs, d\u00e8s ao\u00fbt 2025, bien avant que la campagne \u00e9lectorale ne commence, la victoire au premier tour d\u2019Alassane Ouattara \u00e9tait d\u00e9j\u00e0 assur\u00e9e. \u00c0 cette date, la CEI a avanc\u00e9 les l\u00e9gislatives au 27 d\u00e9cembre. Or, comment savait elle qu\u2019il n\u2019y aurait pas de second tour ? Car si celui-ci devait avoir lieu, il aurait d\u00fb se tenir le 29 novembre, rendant impossible tout autre scrutin dans un d\u00e9lai inf\u00e9rieur \u00e0 un mois. Cela fait donc longtemps que les d\u00e9s \u00e9taient jet\u00e9s, pip\u00e9s.<\/p>\n<p>Selon des diplomates occidentaux \u00e0 Abidjan, conscient que ce quatri\u00e8me mandat n\u2019allait pas de soi pour ses partenaires, Alassane Ouattara, leur avait assur\u00e9 que l\u2019\u00e9lection serait \u00abapais\u00e9e\u00bb \u2013 pour rappel, en 2020 le bilan du 3\u00e8me mandat avait \u00e9t\u00e9 de 85 morts. \u2013 Parall\u00e8lement aux man\u0153uvres institutionnelles, les autorit\u00e9s ont donc opt\u00e9 pour un maintien de l\u2019ordre \u00absoft\u00bb conjuguant l\u2019hyper-surveillance des opposants et la r\u00e9pression judiciaire. D\u00e8s juillet 2025, de nombreux cadres du PDCI et du PPA-CI ont \u00e9t\u00e9 pr\u00e9ventivement incarc\u00e9r\u00e9s et les arrestations se sont poursuivies jusqu\u2019\u00e0 aujourd\u2019hui.<\/p>\n<p>Aucun Ivoirien n\u2019a \u00e9t\u00e9 dupe de ce \u00abcoup d\u2019\u00c9tat civil\u00bb, comme le qualifie Laurent Gbagbo. Les soutiens du pr\u00e9sident sortant s\u2019en r\u00e9jouissent, les opposants le d\u00e9noncent et la majorit\u00e9 silencieuse se r\u00e9signe. En effet, Alassane Ouattara a impos\u00e9 \u00e0 ses concitoyens un pacte corn\u00e9lien : la paix contre la soumission. S\u2019opposer au quatri\u00e8me mandat, contester l\u2019exclusion des candidats signifie s\u2019exposer \u00e0 la r\u00e9pression et risquer de plonger le pays dans le chaos. Ce compromis de servitude volontaire repose sur les traumatismes de la guerre de 2011. \u00c0 Abidjan, durant toute la p\u00e9riode pr\u00e9\u00e9lectorale, les souvenirs de ce conflit \u00e9taient omnipr\u00e9sents. Interrog\u00e9s au hasard des rencontres sur leur choix ou sur les conditions du scrutin, les Ivoiriens r\u00e9pondaient invariablement : \u00abOn veut la paix\u00bb. \u00abOn ne veut pas revivre 2011\u00bb.<\/p>\n<p>Inconsciemment, par calcul ou encore par immaturit\u00e9 politique, les quatre candidats qui ont accompagn\u00e9 cet ersatz \u00e9lectoral : Simone Ehivet, pr\u00e9sidente du MGC, Jean-Louis Billon, dissident du PDCI, Ahoua Don Mello, transfuge du PPA\u2011CI, et Henriette Lagou, pr\u00e9sidente de GP Paix, ont cautionn\u00e9 ce compromis hobbesien. Ils ont valid\u00e9 la logique s\u00e9curit\u00e9 contre servitude volontaire impos\u00e9e par le pr\u00e9sident sortant. Charles Bl\u00e9 Goud\u00e9, soutien de Simone Ehivet, l\u2019a d\u2019ailleurs fort bien r\u00e9sum\u00e9 lorsqu\u2019il a d\u00e9clar\u00e9 pendant la campagne \u00e9lectorale : \u00ab<em>Ce que nous demandons aux Ivoiriens, c\u2019est de donner leurs voix, pas leurs vies<\/em>\u00bb.<\/p>\n<h5 class=\"wp-block-heading\"><strong>L\u2019opposition en d\u00e9construction<\/strong><\/h5>\n<p>Face \u00e0 ces rouleaux compresseurs, l\u2019opposition incarn\u00e9e par le Front Commun, une coalition r\u00e9unissant le PPA\u2011CI et le PDCI, s\u2019est retrouv\u00e9e confront\u00e9e \u00e0 de nombreuses difficult\u00e9s. Pourtant, jamais ces deux partis, autrefois rivaux, n\u2019avaient \u00e9t\u00e9 aussi unis dans une lutte commune. Sur le papier, ils avaient un boulevard devant eux puisque les groupes ethniques qui leur sont traditionnellement affili\u00e9s repr\u00e9sentent deux tiers de la population ivoirienne. (Hors immigration, tr\u00e8s importante en C\u00f4te d\u2019Ivoire : officiellement 22%, mais officieusement beaucoup plus, notamment avec les r\u00e9fugi\u00e9s des pays du Sahel, comme le Burkina Faso, en proie aux groupes arm\u00e9s djihadistes.)<\/p>\n<p>Le 9 ao\u00fbt, les deux partis avaient organis\u00e9 une manifestation unitaire rassemblant, selon les organisateurs, quelque 500\u00a0000 personnes. Le 16 ao\u00fbt, lors d\u2019un meeting \u00e0 Yopougon, Laurent Gbagbo a r\u00e9\u00e9dit\u00e9 la performance. Forts de ces succ\u00e8s retentissants, les deux \u00e9quipes ont \u00e9t\u00e9 convaincues qu\u2019elles pouvaient compter sur un soul\u00e8vement populaire. Ont-elles \u00e9t\u00e9 trop confiantes ? Participer \u00e0 un \u00e9v\u00e9nement autoris\u00e9 et encadr\u00e9 n\u2019est pas du m\u00eame ordre que de participer \u00e0 une marche interdite et ainsi risquer de se faire arr\u00eater. La marche du 11 octobre l\u2019a d\u00e9montr\u00e9, non seulement elle a \u00e9t\u00e9 un fiasco, mais le choix peu judicieux du trajet a conduit \u00e0 ce que les Forces de D\u00e9fense et de S\u00e9curit\u00e9 cueillent les rares manifestants comme des \u00abfruits m\u00fbrs\u00bb, avec plus de 700 arrestations \u00e0 la cl\u00e9. Certaines personnes d\u00e9j\u00e0 jug\u00e9es pour leur participation ont \u00e9t\u00e9 condamn\u00e9es \u00e0 36 mois de prison.<\/p>\n<p>\u00c0 l\u2019int\u00e9rieur du pays, des tentatives de blocages et de soul\u00e8vements ont \u00e9galement eu lieu. Le pouvoir a d\u00e9ploy\u00e9 44\u00a0000 forces de D\u00e9fense et de S\u00e9curit\u00e9 qui ont adopt\u00e9 la tactique dite \u00abde l\u2019\u00e9touffement des \u00e9tincelles\u00bb, intervenant rapidement sur chaque d\u00e9part de feu. \u00c0 Yamoussoukro, apr\u00e8s l\u2019incendie de la CEI locale, les autorit\u00e9s ont impos\u00e9 un couvre-feu et d\u00e9ploy\u00e9 des blind\u00e9s. Dans plusieurs autres villes, des incidents ont entra\u00een\u00e9 morts et bless\u00e9s, mais les \u00e9v\u00e9nements les plus douloureux se sont produits \u00e0 Nahio, en pays b\u00e9t\u00e9, dans la r\u00e9gion du Haut-Sassandra. Dans ce fief de Laurent Gbagbo, les autochtones oppos\u00e9s au 4\u00e8me mandat ont d\u00e9cid\u00e9 d\u2019emp\u00eacher le bon d\u00e9roulement du scrutin ; les allog\u00e8nes pro-Ouattara de la commune sont intervenus et ont bastonn\u00e9 les manifestants. Bilan : 5 morts, dont une femme \u00e9gorg\u00e9e et un homme br\u00fbl\u00e9 vif, 26 bless\u00e9s par balle et deux \u00e0 la machette. Ce drame illustre la mani\u00e8re dont les diff\u00e9rends politiques peuvent d\u00e9g\u00e9n\u00e9rer en affrontements communautaires. Dans un pays o\u00f9 la r\u00e9conciliation n\u2019a jamais eu lieu ; dans un pays o\u00f9 il n\u2019y a jamais eu de justice pour les victimes des massacres de 2011 ; dans un pays o\u00f9 les probl\u00e8mes fonciers entre autochtones et allog\u00e8nes n\u2019ont jamais \u00e9t\u00e9 aussi importants, le risque que ces \u00e9v\u00e9nements se reproduisent ici ou ailleurs n\u2019est pas mineur.<\/p>\n<p>Devant les morts, les bless\u00e9s, les arrestations et la victoire proclam\u00e9e d\u2019Alassane Ouattara le Front commun doit se rendre \u00e0 l\u2019\u00e9vidence : il a \u00e9chou\u00e9. Pourtant, Laurent Gbagbo a r\u00e9p\u00e9t\u00e9 comme un mantra : \u00abil n\u2019y aura pas de 4\u00e8me mandat\u00bb. Tidjane Thiam avait promis de \u00ablib\u00e9rer la C\u00f4te d\u2019Ivoire en 7 jours\u00bb. Certes, ils ont \u00e9t\u00e9 confront\u00e9s \u00e0 une hyper-surveillance et \u00e0 l\u2019incarc\u00e9ration de leurs meilleurs \u00e9l\u00e9ments, mais la coalition a aussi p\u00e2ti de son manque de strat\u00e9gie, des fragilit\u00e9s internes, des luttes intestines \u00e0 l\u2019int\u00e9rieur de chacun des partis. Cerise sur le g\u00e2teau, au beau milieu de la bataille, \u00e0 deux jours du scrutin, alors que tout le pays \u00e9tait tendu comme un arc, Laurent Gbagbo a maladroitement ouvert une crise de succession en \u00e9voquant, dans un entretien avec Alain Foka, sa prochaine retraite. Tidjane Thiam fait face, lui, \u00e0 une fronde au sein de son parti qui lui reproche d\u2019avoir dirig\u00e9 la lutte depuis Paris, par peur de subir les foudres des autorit\u00e9s ivoiriennes. Au passage, le pouvoir n\u2019est pas mieux loti. Alassane Ouattara commence son dernier mandat, il est \u00e2g\u00e9, fatigu\u00e9, dans son camp les pr\u00e9tendants au tr\u00f4ne sont nombreux \u00e0 guetter les failles\u2026<\/p>\n<h5 class=\"wp-block-heading\"><strong>La col\u00e8re des vaincus<\/strong><\/h5>\n<p>Dans ce contexte, les \u00e9lections l\u00e9gislatives s\u2019annoncent comme une nouvelle source de tension. Pour ne pas perdre leurs avantages, la majorit\u00e9 des cadres des deux partis d\u2019opposition se disent favorables \u00e0 une participation. Sur les r\u00e9seaux sociaux, les militants, eux, s\u2019y opposent avec vigueur. Pour ceux qui refusent de se soumettre, aller aux \u00e9lections reviendrait \u00e0 reconna\u00eetre l\u2019\u00e9lection d\u2019Alassane Ouattara. Ils crient \u00e0 la capitulation, \u00e0 la trahison. Tidjane Thiam a d\u00e9j\u00e0 annonc\u00e9 que le PDCI affronterait cette nouvelle bataille, tandis que le PPA-CI h\u00e9site encore. Il a d\u2019ores et d\u00e9j\u00e0 programm\u00e9 une marche pour le 8 novembre.<\/p>\n<p>D\u00e9j\u00e0 <strong>affaiblis<\/strong> par leur \u00e9chec et leurs probl\u00e8mes internes, en participant aux l\u00e9gislatives, les partis politiques prennent le risque de se couper de leur base et ainsi de se d\u00e9l\u00e9gitimer aux yeux de leurs soutiens. Cela a en quelque sorte d\u00e9j\u00e0 commenc\u00e9, le succ\u00e8s grandissant de l\u2019activiste Pulch\u00e9rie Gbalet, qui campe sur des positions radicales, en est le symbole. Faute d\u2019incarnation, cette col\u00e8re pourrait emprunter d\u2019autres chemins. Dans un pays qui a \u00e9t\u00e9 coup\u00e9 en deux par des groupes arm\u00e9s pendant dix ans, o\u00f9 les injustices fonci\u00e8res restent pr\u00e9occupantes et o\u00f9 les fractures entre autochtones et allog\u00e8nes demeurent vives, faut-il vraiment tenter l\u2019aventure ? Par ailleurs, ce n\u2019est pas le seul danger. Tous les pays qui ont connu des \u00e9lections insinc\u00e8res ont fini, t\u00f4t ou tard, par en payer le prix fort. Pour ne citer que les exemples ouest africains : le coup d\u2019\u00c9tat de 2020 au Mali a suivi les \u00e9lections contest\u00e9es de 2018 ; celui du Niger, en 2023, est venu dans le sillage de la pr\u00e9sidentielle de 2021, etc. Les processus sont bien connus et ne devraient plus surprendre personne.<\/p>\n<p>source : <a target=\"_blank\" href=\"https:\/\/iveris.eu\/capitulation-democratique-a-livoirienne\/\">IVERIS<\/a><\/p>\n<div class=\"sharedaddy sd-block sd-like jetpack-likes-widget-wrapper jetpack-likes-widget-unloaded\" id=\"like-post-wrapper-237719536-493191-69103b01dac35\" data-src=\"https:\/\/widgets.wp.com\/likes\/?ver=15.0.2#blog_id=237719536&amp;post_id=493191&amp;origin=reseauinternational.net&amp;obj_id=237719536-493191-69103b01dac35\" data-name=\"like-post-frame-237719536-493191-69103b01dac35\" data-title=\"Aimer ou rebloguer\">\n<h3 class=\"sd-title\">J\u2019aime \u00e7a\u00a0:<\/h3>\n<p><span class=\"button\"><span>J\u2019aime<\/span><\/span> <span class=\"loading\">chargement\u2026<\/span><\/p>\n<p><span class=\"sd-text-color\"\/><a target=\"_blank\" class=\"sd-link-color\"\/><\/div>\n<p><meta itemscope=\"\" itemprop=\"mainEntityOfPage\" itemtype=\"https:\/\/schema.org\/WebPage\" itemid=\"https:\/\/reseauinternational.net\/capitulation-democratique-a-livoirienne\/\"\/><meta itemprop=\"headline\" content=\"Capitulation d\u00e9mocratique \u00e0 l\u2019ivoirienne\"\/><span style=\"display: none;\" itemprop=\"author\" itemscope=\"\" itemtype=\"https:\/\/schema.org\/Person\"><meta itemprop=\"name\" content=\"R\u00e9seau International\"\/><\/span><span style=\"display: none;\" itemprop=\"image\" itemscope=\"\" itemtype=\"https:\/\/schema.org\/ImageObject\"><meta itemprop=\"url\" content=\"https:\/\/i0.wp.com\/reseauinternational.net\/wp-content\/uploads\/2025\/11\/Sans-titre-23-4.png?fit=800%2C467&amp;ssl=1\"\/><meta itemprop=\"width\" content=\"800\"\/><meta itemprop=\"height\" content=\"467\"\/><\/span><span style=\"display: none;\" itemprop=\"publisher\" itemscope=\"\" itemtype=\"https:\/\/schema.org\/Organization\"><span style=\"display: none;\" itemprop=\"logo\" itemscope=\"\" itemtype=\"https:\/\/schema.org\/ImageObject\"><meta itemprop=\"url\" content=\"https:\/\/reseauinternational.net\/wp-content\/uploads\/2022\/06\/Capture-de\u0301cran-2022-06-14-a\u0300-16.51.07.png\"\/><\/span><meta itemprop=\"name\" content=\"R\u00e9seau International\"\/><\/span><meta itemprop=\"datePublished\" content=\"2025-11-09T07:55:10+00:00\"\/><meta itemprop=\"dateModified\" content=\"2025-11-09T07:55:35+00:00\"\/><\/div>\n<p><br \/>\n<br \/><a href=\"https:\/\/reseauinternational.net\/capitulation-democratique-a-livoirienne\/\" target=\"_blank\"\">Source link <\/a><\/p>\n","protected":false},"excerpt":{"rendered":"<p>Campagne de dons Octobre 2025 Appel aux dons \u2013 Votre soutien nous est indispensable pour continuer \u00e0 vous fournir le meilleur de l\u2019information internationale alternative. C\u2019est gr\u00e2ce \u00e0 vos dons&hellip; <\/p>\n","protected":false},"author":1,"featured_media":19118,"comment_status":"open","ping_status":"open","sticky":false,"template":"","format":"standard","meta":{"footnotes":""},"categories":[1],"tags":[],"class_list":["post-19117","post","type-post","status-publish","format-standard","has-post-thumbnail","hentry","category-non-classe"],"_links":{"self":[{"href":"https:\/\/monde25.info\/index.php\/wp-json\/wp\/v2\/posts\/19117","targetHints":{"allow":["GET"]}}],"collection":[{"href":"https:\/\/monde25.info\/index.php\/wp-json\/wp\/v2\/posts"}],"about":[{"href":"https:\/\/monde25.info\/index.php\/wp-json\/wp\/v2\/types\/post"}],"author":[{"embeddable":true,"href":"https:\/\/monde25.info\/index.php\/wp-json\/wp\/v2\/users\/1"}],"replies":[{"embeddable":true,"href":"https:\/\/monde25.info\/index.php\/wp-json\/wp\/v2\/comments?post=19117"}],"version-history":[{"count":0,"href":"https:\/\/monde25.info\/index.php\/wp-json\/wp\/v2\/posts\/19117\/revisions"}],"wp:featuredmedia":[{"embeddable":true,"href":"https:\/\/monde25.info\/index.php\/wp-json\/wp\/v2\/media\/19118"}],"wp:attachment":[{"href":"https:\/\/monde25.info\/index.php\/wp-json\/wp\/v2\/media?parent=19117"}],"wp:term":[{"taxonomy":"category","embeddable":true,"href":"https:\/\/monde25.info\/index.php\/wp-json\/wp\/v2\/categories?post=19117"},{"taxonomy":"post_tag","embeddable":true,"href":"https:\/\/monde25.info\/index.php\/wp-json\/wp\/v2\/tags?post=19117"}],"curies":[{"name":"wp","href":"https:\/\/api.w.org\/{rel}","templated":true}]}}