{"id":19122,"date":"2025-11-09T09:34:38","date_gmt":"2025-11-09T08:34:38","guid":{"rendered":"https:\/\/monde25.info\/index.php\/2025\/11\/09\/149-000-jeunes-belges-a-sengager-dans-le-service-volontaire-militaire-rt-en-francais\/"},"modified":"2025-11-09T09:34:38","modified_gmt":"2025-11-09T08:34:38","slug":"149-000-jeunes-belges-a-sengager-dans-le-service-volontaire-militaire-rt-en-francais","status":"publish","type":"post","link":"https:\/\/monde25.info\/index.php\/2025\/11\/09\/149-000-jeunes-belges-a-sengager-dans-le-service-volontaire-militaire-rt-en-francais\/","title":{"rendered":"149 000 jeunes Belges \u00e0 s\u2019engager dans le service volontaire militaire \u2014 RT en fran\u00e7ais"},"content":{"rendered":"<p> <br \/>\n<br \/><img decoding=\"async\" src=\"https:\/\/mf.b37mrtl.ru\/french\/images\/2025.11\/thumbnail\/69104c0287f3ec2f6620db75.jpg\" \/><\/p>\n<div>\n<p class=\"text__summary\">\n                                        La Belgique a envoy\u00e9 149 000 lettres \u00e0 des jeunes de 17 ans pour les inviter \u00e0 s\u2019engager dans l\u2019arm\u00e9e et effectuer une ann\u00e9e de service militaire volontaire, a annonc\u00e9 le ministre belge de la D\u00e9fense, Theo Francken. L\u2019opposition a critiqu\u00e9 cette initiative, la qualifiant de \u00abmilitarisation de la soci\u00e9t\u00e9\u00bb.\n                                    <\/p>\n<div class=\"rtcode\">\n<blockquote class=\"twitter-tweet\">\n<p lang=\"nl\" dir=\"ltr\">149.000 brieven gingen gisteren op de post. Alle 17-jarigen van het land worden warm gemaakt voor Defensie in het algemeen en voor het vrijwillige militaire dienstjaar in het bijzonder. <\/p>\n<p>Let\u2019s go! <a target=\"_blank\" href=\"https:\/\/twitter.com\/BelgiumDefence?ref_src=twsrc%5Etfw\">@BelgiumDefence<\/a><a target=\"_blank\" href=\"https:\/\/t.co\/UaStbvIHuC\">pic.twitter.com\/UaStbvIHuC<\/a><\/p>\n<p>\u2014 Theo Francken (@FranckenTheo) <a target=\"_blank\" href=\"https:\/\/twitter.com\/FranckenTheo\/status\/1987093569317093735?ref_src=twsrc%5Etfw\">November 8, 2025<\/a><\/p><\/blockquote>\n<\/div>\n<\/div>\n<p><script async src=\"\/\/platform.twitter.com\/widgets.js\" charset=\"utf-8\"><\/script><br \/>\n<br \/><br \/>\n<br \/><a href=\"https:\/\/francais.rt.com\/news\/127220-149-000-jeunes-belges-sengager-service-volontaire-militaire\" target=\"_blank\"\">Source link <\/a><\/p>\n","protected":false},"excerpt":{"rendered":"<p>La Belgique a envoy\u00e9 149 000 lettres \u00e0 des jeunes de 17 ans pour les inviter \u00e0 s\u2019engager dans l\u2019arm\u00e9e et effectuer une ann\u00e9e de service militaire volontaire, a annonc\u00e9&hellip; <\/p>\n","protected":false},"author":1,"featured_media":19123,"comment_status":"open","ping_status":"open","sticky":false,"template":"","format":"standard","meta":{"footnotes":""},"categories":[1],"tags":[],"class_list":["post-19122","post","type-post","status-publish","format-standard","has-post-thumbnail","hentry","category-non-classe"],"_links":{"self":[{"href":"https:\/\/monde25.info\/index.php\/wp-json\/wp\/v2\/posts\/19122","targetHints":{"allow":["GET"]}}],"collection":[{"href":"https:\/\/monde25.info\/index.php\/wp-json\/wp\/v2\/posts"}],"about":[{"href":"https:\/\/monde25.info\/index.php\/wp-json\/wp\/v2\/types\/post"}],"author":[{"embeddable":true,"href":"https:\/\/monde25.info\/index.php\/wp-json\/wp\/v2\/users\/1"}],"replies":[{"embeddable":true,"href":"https:\/\/monde25.info\/index.php\/wp-json\/wp\/v2\/comments?post=19122"}],"version-history":[{"count":0,"href":"https:\/\/monde25.info\/index.php\/wp-json\/wp\/v2\/posts\/19122\/revisions"}],"wp:featuredmedia":[{"embeddable":true,"href":"https:\/\/monde25.info\/index.php\/wp-json\/wp\/v2\/media\/19123"}],"wp:attachment":[{"href":"https:\/\/monde25.info\/index.php\/wp-json\/wp\/v2\/media?parent=19122"}],"wp:term":[{"taxonomy":"category","embeddable":true,"href":"https:\/\/monde25.info\/index.php\/wp-json\/wp\/v2\/categories?post=19122"},{"taxonomy":"post_tag","embeddable":true,"href":"https:\/\/monde25.info\/index.php\/wp-json\/wp\/v2\/tags?post=19122"}],"curies":[{"name":"wp","href":"https:\/\/api.w.org\/{rel}","templated":true}]}}