{"id":19124,"date":"2025-11-09T12:19:38","date_gmt":"2025-11-09T11:19:38","guid":{"rendered":"https:\/\/monde25.info\/index.php\/2025\/11\/09\/et-le-gagnant-est-benyamin-netanyahou-par-gilbert-achcar-le-monde-diplomatique-novembre-2025\/"},"modified":"2025-11-09T12:19:38","modified_gmt":"2025-11-09T11:19:38","slug":"et-le-gagnant-est-benyamin-netanyahou-par-gilbert-achcar-le-monde-diplomatique-novembre-2025","status":"publish","type":"post","link":"https:\/\/monde25.info\/index.php\/2025\/11\/09\/et-le-gagnant-est-benyamin-netanyahou-par-gilbert-achcar-le-monde-diplomatique-novembre-2025\/","title":{"rendered":"Et le gagnant est\u2026 Benyamin Netanyahou, par Gilbert Achcar (Le Monde diplomatique, novembre 2025)"},"content":{"rendered":"<p> <br \/>\n<\/p>\n<div>\n<p class=\"crayon article-surtitre-68921 surtitre\">La bande de Gaza sous tutelle am\u00e9ricaine<\/p>\n<div class=\"crayon article-chapo-68921 chapo\">\n<p>D\u00e9ploiement d\u2019une force int\u00e9rimaire sous l\u2019\u00e9gide des \u00c9tats-Unis, retour d\u2019une Autorit\u00e9 palestinienne \u00ab<small class=\"fine\">\u00a0<\/small>r\u00e9form\u00e9e<small class=\"fine\">\u00a0<\/small>\u00bb, projets de mise en valeur \u00e9conomique\u00a0: l\u2019accord forg\u00e9 pour Gaza par l\u2019administration Trump suscite une impression de d\u00e9j\u00e0-vu. Pr\u00e9sent\u00e9 par la Maison Blanche et ses relais comme un succ\u00e8s diplomatique exceptionnel, il sert d\u2019abord la partie isra\u00e9lienne, et laisse bien des questions en suspens.<\/p>\n<\/div><\/div>\n<div couleurfade=\"f3f0e6\" couleurclaire=\"eeeadc\" couleurpale=\"ebdfac\" couleurmi=\"897b42\" couleurfoncee=\"806b18\" couleursombre=\"221e10\" couleurfond=\"66614c\" couleurtexte=\"ffffff\">\n<div class=\"enapercu\">\n<figure class=\"spip_document_35088 spip_documents spip_documents_center xl\" style=\"width:890px;\">\n<div class=\"limage\">\n<p>\t\t\t<img loading=\"lazy\" decoding=\"async\" src=\"https:\/\/www.monde-diplomatique.fr\/\/local\/cache-vignettes\/L890xH885\/16_2581.hr-eb7da.jpg?1761839447\" width=\"890\" height=\"885\" class=\"spip_logos\" alt=\"JPEG - 171.6\u00a0kio\"\/><\/p><\/div><figcaption>\n<p>Mohammed Joha. \u2013 \u00ab<small class=\"fine\">\u00a0<\/small>Where Shall We Go<small class=\"fine\">\u00a0<\/small>? #2<small class=\"fine\">\u00a0<\/small>\u00bb (O\u00f9 pouvons-nous aller<small class=\"fine\">\u00a0<\/small>? n\u00b0\u00a02), 2024<\/p>\n<p>\u00a9 Mohammed Joha\n<\/p>\n<\/figcaption><\/figure>\n<p><span class=\"mot-lettrine\"><span class=\"lettrine\">M<\/span>\u00eame<\/span> pour le roi de l\u2019emphase qu\u2019est M.\u00a0Donald Trump, l\u2019affirmation selon laquelle son \u00ab<small class=\"fine\">\u00a0<\/small>accord de paix<small class=\"fine\">\u00a0<\/small>\u00bb pour Gaza serait de nature \u00e0 \u00e9tablir une \u00ab<small class=\"fine\">\u00a0<\/small>paix \u00e9ternelle<small class=\"fine\">\u00a0<\/small>\u00bb au Proche-Orient est particuli\u00e8rement extravagante. Le contraste est, en effet, extr\u00eame entre cette pr\u00e9tention \u00e0 l\u2019\u00e9ternit\u00e9 et le \u00ab<small class=\"fine\">\u00a0<\/small>plan de paix<small class=\"fine\">\u00a0<\/small>\u00bb le plus b\u00e2cl\u00e9 de l\u2019histoire du conflit isra\u00e9lo-arabe. Le document en vingt points annonc\u00e9 par M.\u00a0Trump \u00e0 la Maison Blanche le 29\u00a0septembre dernier, en pr\u00e9sence du premier ministre isra\u00e9lien Benyamin Netanyahou, laisse en suspens des questions cruciales. Son seul volet concret porte sur la lib\u00e9ration des vingt otages isra\u00e9liens encore en vie d\u00e9tenus par le Hamas et ses alli\u00e9s en \u00e9change de la lib\u00e9ration par Isra\u00ebl de 250 prisonniers palestiniens condamn\u00e9s \u00e0 perp\u00e9tuit\u00e9, et de 1\u00a0700 Gazaouis arr\u00eat\u00e9s apr\u00e8s le 7\u00a0octobre\u00a02023 et d\u00e9tenus depuis lors sans inculpation, autrement dit en tant qu\u2019otages eux aussi.<\/p>\n<p>Outre cet \u00e9change, le plan ressasse des \u00e9l\u00e9ments qui sont en cours de discussion depuis les premiers mois de la guerre dans l\u2019enclave palestinienne\u00a0: l\u2019\u00e9limination militaire et politique du Hamas<small class=\"fine\">\u00a0<\/small>; la perspective d\u2019un retrait \u2014 partiel, graduel et conditionnel \u2014 des troupes isra\u00e9liennes<small class=\"fine\">\u00a0<\/small>; la mise des Gazaouis sous la coupe d\u2019une Autorit\u00e9 palestinienne \u00ab<small class=\"fine\">\u00a0<\/small>r\u00e9form\u00e9e<small class=\"fine\">\u00a0<\/small>\u00bb (<i>\u00ab<small class=\"fine\">\u00a0<\/small>revitalis\u00e9e<small class=\"fine\">\u00a0<\/small>\u00bb,<\/i> avait dit M.\u00a0Joseph Biden alors qu\u2019il \u00e9tait encore pr\u00e9sident), apr\u00e8s un contr\u00f4le int\u00e9rimaire exerc\u00e9 par une force internationale principalement compos\u00e9e de troupes r\u00e9gionales. Les nouveaut\u00e9s dans le plan de M.\u00a0Trump rel\u00e8vent sans surprise de desseins qui lui sont propres\u00a0: peu apr\u00e8s sa seconde investiture, le pr\u00e9sident am\u00e9ricain \u2014 guid\u00e9 par l\u2019instinct de promoteur immobilier qui impr\u00e8gne fortement sa politique \u00e9trang\u00e8re \u2014 avait exprim\u00e9 son d\u00e9sir de s\u2019approprier la bande de terre afin d\u2019en faire une \u00ab<small class=\"fine\">\u00a0<\/small>Riviera<small class=\"fine\">\u00a0<\/small>\u00bb.<\/p>\n<h3 class=\"spip\">Renouveau des mandats coloniaux<\/h3>\n<p>En vertu du nouveau plan, Gaza devrait \u00eatre plac\u00e9e sous la tutelle d\u2019un \u00ab<small class=\"fine\">\u00a0<\/small>conseil de\u00a0(\u2026)<\/p>\n<\/p><\/div>\n<p>Taille de l\u2019article complet\u00a0:\u00a0<span>2\u00a0438<\/span>\u00a0mots.<\/p>\n<div class=\"promo_dispo_article\">\n<h2 class=\"avantbloc\">\n\tCet article est r\u00e9serv\u00e9 aux\u00a0abonn\u00e9s<\/p>\n<\/h2>\n<div class=\"abo_inst\">\n\t<strong>Lyc\u00e9es, biblioth\u00e8ques, administrations, entreprises,<\/strong><br \/>\n\tacc\u00e9dez \u00e0 la base de donn\u00e9es en ligne de tous les articles du <i>Monde diplomatique<\/i> de 1954 \u00e0 nos\u00a0jours.<br \/>\n\t<a target=\"_blank\" id=\"pw-institutions\" class=\"suivi\" href=\"https:\/\/www.monde-diplomatique.fr\/archives\/institutions\">Retrouvez cette\u00a0offre sp\u00e9cifique<\/a>.\n<\/div>\n<\/div><\/div>\n<div>\n<p class=\"nom\">Gilbert Achcar<\/p>\n<p>\n\t\t\t\t\tProfesseur \u00e9m\u00e9rite \u00e0 l\u2019\u00c9cole des \u00e9tudes orientales et africaines (SOAS), universit\u00e9 de Londres. Auteur de\u00a0<i>Gaza, g\u00e9nocide annonc\u00e9. Un tournant dans l\u2019histoire mondiale,<\/i> La Dispute, Paris, 2025.<\/p>\n<\/p><\/div>\n<p><br \/>\n<br \/><a href=\"https:\/\/www.monde-diplomatique.fr\/2025\/11\/ACHCAR\/68921\" target=\"_blank\"\">Source link <\/a><\/p>\n","protected":false},"excerpt":{"rendered":"<p>La bande de Gaza sous tutelle am\u00e9ricaine D\u00e9ploiement d\u2019une force int\u00e9rimaire sous l\u2019\u00e9gide des \u00c9tats-Unis, retour d\u2019une Autorit\u00e9 palestinienne \u00ab\u00a0r\u00e9form\u00e9e\u00a0\u00bb, projets de mise en valeur \u00e9conomique\u00a0: l\u2019accord forg\u00e9 pour Gaza&hellip; <\/p>\n","protected":false},"author":1,"featured_media":19125,"comment_status":"open","ping_status":"open","sticky":false,"template":"","format":"standard","meta":{"footnotes":""},"categories":[1],"tags":[],"class_list":["post-19124","post","type-post","status-publish","format-standard","has-post-thumbnail","hentry","category-non-classe"],"_links":{"self":[{"href":"https:\/\/monde25.info\/index.php\/wp-json\/wp\/v2\/posts\/19124","targetHints":{"allow":["GET"]}}],"collection":[{"href":"https:\/\/monde25.info\/index.php\/wp-json\/wp\/v2\/posts"}],"about":[{"href":"https:\/\/monde25.info\/index.php\/wp-json\/wp\/v2\/types\/post"}],"author":[{"embeddable":true,"href":"https:\/\/monde25.info\/index.php\/wp-json\/wp\/v2\/users\/1"}],"replies":[{"embeddable":true,"href":"https:\/\/monde25.info\/index.php\/wp-json\/wp\/v2\/comments?post=19124"}],"version-history":[{"count":0,"href":"https:\/\/monde25.info\/index.php\/wp-json\/wp\/v2\/posts\/19124\/revisions"}],"wp:featuredmedia":[{"embeddable":true,"href":"https:\/\/monde25.info\/index.php\/wp-json\/wp\/v2\/media\/19125"}],"wp:attachment":[{"href":"https:\/\/monde25.info\/index.php\/wp-json\/wp\/v2\/media?parent=19124"}],"wp:term":[{"taxonomy":"category","embeddable":true,"href":"https:\/\/monde25.info\/index.php\/wp-json\/wp\/v2\/categories?post=19124"},{"taxonomy":"post_tag","embeddable":true,"href":"https:\/\/monde25.info\/index.php\/wp-json\/wp\/v2\/tags?post=19124"}],"curies":[{"name":"wp","href":"https:\/\/api.w.org\/{rel}","templated":true}]}}