{"id":19129,"date":"2025-11-09T13:58:49","date_gmt":"2025-11-09T12:58:49","guid":{"rendered":"https:\/\/monde25.info\/index.php\/2025\/11\/09\/suicide-des-agriculteurs-un-risque-toujours-tres-eleve-selon-la-mutualite-sociale-agricole\/"},"modified":"2025-11-09T13:58:49","modified_gmt":"2025-11-09T12:58:49","slug":"suicide-des-agriculteurs-un-risque-toujours-tres-eleve-selon-la-mutualite-sociale-agricole","status":"publish","type":"post","link":"https:\/\/monde25.info\/index.php\/2025\/11\/09\/suicide-des-agriculteurs-un-risque-toujours-tres-eleve-selon-la-mutualite-sociale-agricole\/","title":{"rendered":"Suicide des agriculteurs\u00a0: un risque toujours tr\u00e8s \u00e9lev\u00e9 selon la Mutualit\u00e9 sociale agricole"},"content":{"rendered":"<p> <br \/>\n<br \/><img loading=\"lazy\" decoding=\"async\" src=\"https:\/\/reporterre.net\/local\/cache-vignettes\/L700xH467\/image-from-rawpixel-id-3335591-jpeg_1_1_-dbc46.jpg?1762517333\" class=\"spip_logo\" width=\"700\" height=\"467\" alt=\"\" \/><\/p>\n<p>Le risque suicidaire reste nettement plus \u00e9lev\u00e9 chez les agriculteurs que dans le reste de la population, selon le rapport \u00ab<small class=\"fine d-inline\">\u00a0<\/small>Charges et produits<small class=\"fine d-inline\">\u00a0<\/small>\u00bb de la Mutualit\u00e9 sociale agricole (<span class=\"caps\">MSA<\/span>) relay\u00e9 le 6\u00a0novembre par Ouest-France. <br class=\"autobr\" \/><br \/>\nEntre 2019 et 2022, la <span class=\"caps\">MSA<\/span> observe un \u00ab<small class=\"fine d-inline\">\u00a0<\/small>surrisque suicidaire de plus en plus marqu\u00e9 chez les actifs et toujours tr\u00e8s \u00e9lev\u00e9 chez les non-salari\u00e9s<small class=\"fine d-inline\">\u00a0<\/small>\u00bb. En 2022, les assur\u00e9s agricoles \u00e2g\u00e9s de 15 \u00e0 64\u00a0ans pr\u00e9sentaient un risque de suicide sup\u00e9rieur de 46<small class=\"fine d-inline\">\u00a0<\/small>% \u00e0 celui des autres\u00a0(\u2026)<\/p>\n<p>                    <a target=\"_blank\" href=\"https:\/\/reporterre.net\/Suicide-des-agriculteurs-un-risque-toujours-tres-eleve-selon-la-Mutualite-sociale-agricole?utm_source=RSS&amp;utm_medium=RSS\">Lire la suite<\/a><\/p>\n<p>                    &#8211;<br \/>\n                        <a target=\"_blank\" href=\"https:\/\/reporterre.net\/Breves-20\" rel=\"directory\">En bref<\/a><\/p>\n<p>                    \/<br \/>\n                        <a target=\"_blank\" href=\"https:\/\/reporterre.net\/Agriculture\" rel=\"tag\">Agriculture<\/a><br \/>\n<br \/><br \/>\n<br \/><a href=\"https:\/\/reporterre.net\/Suicide-des-agriculteurs-un-risque-toujours-tres-eleve-selon-la-Mutualite-sociale-agricole\" target=\"_blank\"\">Source link <\/a><\/p>\n","protected":false},"excerpt":{"rendered":"<p>Le risque suicidaire reste nettement plus \u00e9lev\u00e9 chez les agriculteurs que dans le reste de la population, selon le rapport \u00ab\u00a0Charges et produits\u00a0\u00bb de la Mutualit\u00e9 sociale agricole (MSA) relay\u00e9&hellip; <\/p>\n","protected":false},"author":1,"featured_media":0,"comment_status":"open","ping_status":"open","sticky":false,"template":"","format":"standard","meta":{"footnotes":""},"categories":[1],"tags":[],"class_list":["post-19129","post","type-post","status-publish","format-standard","hentry","category-non-classe"],"_links":{"self":[{"href":"https:\/\/monde25.info\/index.php\/wp-json\/wp\/v2\/posts\/19129","targetHints":{"allow":["GET"]}}],"collection":[{"href":"https:\/\/monde25.info\/index.php\/wp-json\/wp\/v2\/posts"}],"about":[{"href":"https:\/\/monde25.info\/index.php\/wp-json\/wp\/v2\/types\/post"}],"author":[{"embeddable":true,"href":"https:\/\/monde25.info\/index.php\/wp-json\/wp\/v2\/users\/1"}],"replies":[{"embeddable":true,"href":"https:\/\/monde25.info\/index.php\/wp-json\/wp\/v2\/comments?post=19129"}],"version-history":[{"count":0,"href":"https:\/\/monde25.info\/index.php\/wp-json\/wp\/v2\/posts\/19129\/revisions"}],"wp:attachment":[{"href":"https:\/\/monde25.info\/index.php\/wp-json\/wp\/v2\/media?parent=19129"}],"wp:term":[{"taxonomy":"category","embeddable":true,"href":"https:\/\/monde25.info\/index.php\/wp-json\/wp\/v2\/categories?post=19129"},{"taxonomy":"post_tag","embeddable":true,"href":"https:\/\/monde25.info\/index.php\/wp-json\/wp\/v2\/tags?post=19129"}],"curies":[{"name":"wp","href":"https:\/\/api.w.org\/{rel}","templated":true}]}}