{"id":19130,"date":"2025-11-09T14:31:36","date_gmt":"2025-11-09T13:31:36","guid":{"rendered":"https:\/\/monde25.info\/index.php\/2025\/11\/09\/a-valence-si-la-pluie-ne-vient-pas-du-ciel\/"},"modified":"2025-11-09T14:31:36","modified_gmt":"2025-11-09T13:31:36","slug":"a-valence-si-la-pluie-ne-vient-pas-du-ciel","status":"publish","type":"post","link":"https:\/\/monde25.info\/index.php\/2025\/11\/09\/a-valence-si-la-pluie-ne-vient-pas-du-ciel\/","title":{"rendered":"\u00c0 Valence, si la pluie ne vient pas du ciel\u2026"},"content":{"rendered":"<p> <br \/>\n<\/p>\n<div>\n<ol class=\"campaign-loop campaign-list\">\n<li id=\"campaign-482494\" class=\"post-482494 campaign type-campaign status-publish hentry campaign-has-goal campaign-has-not-achieved-goal campaign-has-end-date campaign-has-not-ended\">\n\t<a target=\"_blank\" href=\"https:\/\/reseauinternational.net\/campaigns\/campagne-de-dons-septembre-octobre-2025\/\"><\/p>\n<h3>Campagne de dons Octobre 2025<\/h3>\n<p>\t\t\t<\/a><\/p>\n<p>\n\tAppel aux dons \u2013 Votre soutien nous est indispensable pour continuer \u00e0 vous fournir le meilleur de l\u2019information internationale alternative. C\u2019est gr\u00e2ce \u00e0 vos dons que nous pourrons maintenir le cap pour une information plurielle et r\u00e9ellement alternative. Nous comptons sur vous.<\/p>\n<p>\n<span class=\"amount\">20 011,00\u00a0\u20ac<\/span> de l\u2019objectif de <span class=\"goal-amount\">25 000,00\u00a0\u20ac<\/span> atteint<\/p>\n<\/li>\n<\/ol>\n<h6 class=\"wp-block-heading\"><strong>\u00ab<em>La Lluvia No Viene Del Cielo<\/em>\u00bb<\/strong> <\/h6>\n<h6 class=\"wp-block-heading\"><strong>Si la pluie ne tombe pas du ciel, alors qui a inond\u00e9 Valence ?<\/strong><\/h6>\n<p>par <strong>Alyssa Rangel<\/strong><\/p>\n<h5 class=\"wp-block-heading\"><strong>La diff\u00e9rence entre une Espagne mondialis\u00e9e et l\u2019Isra\u00ebl mondialis\u00e9<\/strong><\/h5>\n<p><em>Cet article a \u00e9t\u00e9 publi\u00e9 pour la premi\u00e8re fois dans Culture Wars, magazine mensuel, num\u00e9ro 44, n\u00b0 2, de janvier 2025. Il a \u00e9t\u00e9 enrichi dans la version ci-dessous.<\/em><\/p>\n<p>\u00c0 la fin du mois de septembre 2024, de nombreux Am\u00e9ricains, dont moi-m\u00eame, suivaient l\u2019actualit\u00e9 concernant les inondations dans l\u2019ouest de la Caroline du Nord. Comme d\u2019autres Floridiens, je savais que la fa\u00e7on dont l\u2019ouragan Helene avait parcouru une si longue distance n\u2019\u00e9tait pas naturelle. Les ouragans ont besoin de l\u2019oc\u00e9an pour gagner en puissance et maintenir cette force. Les habitants de Caroline du Nord consid\u00e9raient clairement Alexander Mayorkas, de <a target=\"_blank\" href=\"https:\/\/fr.wikipedia.org\/wiki\/Federal_Emergency_Management_Agency\">la FEMA<\/a>, comme le m\u00e9chant de l\u2019histoire. Mayorkas est le secr\u00e9taire am\u00e9ricain \u00e0 la S\u00e9curit\u00e9 int\u00e9rieure qui emp\u00eachait l\u2019aide et les fournitures d\u2019atteindre la population d\u00e9vast\u00e9e des montagnes. \u00c0 la mi-octobre, l\u2019ouragan Milton a frapp\u00e9 Tampa, la victime initiale de l\u2019ouragan Helene, et a travers\u00e9 le centre de la Floride, o\u00f9 se trouve ma famille mexicaine imm\u00e9diate et \u00e9largie. Ayant d\u00e9j\u00e0 observ\u00e9 le comportement inhabituel de l\u2019ouragan Helene, j\u2019ai senti que Milton \u00e9tait \u00e9galement dirig\u00e9 par l\u2019homme et qu\u2019il serait exceptionnellement dangereux. Les habitants de Tampa ont \u00e9vacu\u00e9 les lieux en masse. Non seulement la trajectoire rectiligne de l\u2019ouragan Milton entre Tampa et la c\u00f4te atlantique \u00e9tait inhabituelle, mais il a \u00e9galement provoqu\u00e9 des inondations sans pr\u00e9c\u00e9dent et 150 tornades. Selon PBS News, 3,4 millions de b\u00e2timents se sont retrouv\u00e9s sans \u00e9lectricit\u00e9 et 230 personnes ont \u00e9t\u00e9 tu\u00e9es. Avant l\u2019arriv\u00e9e de l\u2019ouragan, 125 maisons avaient d\u00e9j\u00e0 \u00e9t\u00e9 d\u00e9truites, \u00ab<em>dont beaucoup \u00e9taient des mobile homes dans des communaut\u00e9s pour personnes \u00e2g\u00e9es<\/em>\u00bb. Lorsque j\u2019ai vu l\u2019ouragan se diriger vers ma famille, j\u2019ai pens\u00e9 que le Walt Disney World de Bob Iger \u00e9tait pr\u00eat \u00e0 s\u2019\u00e9tendre dans ses contr\u00e9es recul\u00e9es o\u00f9 des rednecks et des Mexicains vivaient dans des mobile homes sur des terrains de plusieurs hectares. Beaucoup de ces familles vivent gr\u00e2ce \u00e0 leurs cartes de cr\u00e9dit. Elles sont install\u00e9es l\u00e0 depuis des g\u00e9n\u00e9rations, car il s\u2019agissait \u00e0 l\u2019origine d\u2019\u00e9leveurs de b\u00e9tail et de cueilleurs d\u2019oranges qui continuaient \u00e0 exploiter des fermes en amateurs. Lorsque la CIA aidait Walt Disney \u00e0 acheter des terrains dans le centre de la Floride, c\u2019est un \u00e9leveur de porcs qui a contrari\u00e9 leurs plans et a tenu bon. (Voir mon article sur Walt Disney dans le magazine <em>Culture Wars<\/em> de juin 2022)<\/p>\n<p>Je savais qu\u2019en maintenant un ouragan au-dessus du centre de la Floride, le gouvernement pouvait endommager suffisamment les maisons, en particulier les toits, pour rendre leur reconstruction impossible dans le contexte \u00e9conomique actuel. La preuve que les logements mobiles \u00e9taient l\u2019une des cibles en Floride est que la FEMA avait des hectares de Mobile Homes pr\u00eates \u00e0 \u00eatre distribu\u00e9es. Les employ\u00e9s de la FEMA avaient incit\u00e9 les habitants de Caroline du Nord \u00e0 lire les petits caract\u00e8res (litt\u00e9ralement) car les aides de la FEMA sont des condamnations financi\u00e8res \u00e0 mort ; si vous ne remboursez pas le pr\u00eat, on vous confisque tous vos biens. \u00c0 ce stade, j\u2019avais d\u00e9j\u00e0 achet\u00e9 un billet d\u2019avion pour l\u2019Espagne afin d\u2019y travailler \u00e0 distance pendant un mois. Alors que je pr\u00e9parais mon voyage, j\u2019ai appris que Valence avait connu des conditions m\u00e9t\u00e9orologiques extr\u00eames et des inondations d\u00e9vastatrices. En suivant les commentaires locaux sur l\u2019\u00e9v\u00e9nement, il m\u2019est apparu \u00e9vident que les \u00e9v\u00e9nements entourant les inondations \u00e0 Valence \u00e9taient tr\u00e8s similaires \u00e0 ceux qui s\u2019\u00e9taient produits dans l\u2019ouest de la Caroline du Nord. Une vaste appropriation de terres \u00e9tait en cours, et la g\u00e9o-ing\u00e9nierie climatique en \u00e9tait au c\u0153ur. J\u2019ai d\u00e9cid\u00e9 de me rendre \u00e0 Valence pour approfondir la question de la g\u00e9o-ing\u00e9nierie climatique. Alors que je d\u00e9collais pour Madrid, j\u2019ai regard\u00e9 en arri\u00e8re et j\u2019ai vu qu\u2019un \u00abcyclone explosif se formait pr\u00e8s du nord de la Californie\u00bb.<\/p>\n<p>Finalement, l\u2019histoire qui s\u2019est dessin\u00e9e impliquait les suspects habituels, mais elle impliquait aussi, de mani\u00e8re providentielle et surprenante, Isabelle, la reine d\u2019Espagne, dont le proc\u00e8s en canonisation a r\u00e9cemment \u00e9t\u00e9 remis sur le tapis\u00a0! Je ne m\u2019attendais pas \u00e0 ce que mon voyage en Espagne me fasse d\u00e9couvrir les personnes, les villes et les \u00e9v\u00e9nements \u00e9troitement li\u00e9s \u00e0 la reine Isabelle de Castille, mais la juxtaposition circonstancielle de la vie de la reine Isabelle et des \u00e9v\u00e9nements mondiaux uniques que nous vivons actuellement a mis en lumi\u00e8re la source du probl\u00e8me auquel nous sommes confront\u00e9s.<\/p>\n<p>Cet article est \u00e0 lire de toute urgence, car les choses \u00e9voluent tr\u00e8s rapidement et nous devons comprendre et discerner les diff\u00e9rentes id\u00e9ologies et guerres dans lesquelles nous sommes impliqu\u00e9s.<\/p>\n<h5 class=\"wp-block-heading\"><strong>Isabelle la Catholique et ses projets<\/strong><\/h5>\n<p>Le 13 d\u00e9cembre 1474, la ville royale de S\u00e9govie, avec son ch\u00e2teau ou alc\u00e1zar inoubliable, ouvrait ses portes, pour laisser sortir la princesse Isabelle premi\u00e8re de Castille avec sa suite.<\/p>\n<p>Son fr\u00e8re, le roi Henri IV, \u00e9tait d\u00e9c\u00e9d\u00e9 et le tr\u00f4ne de Castille \u00e9tait vacant. La belle princesse, qui \u00e9tait \u00e9galement consid\u00e9r\u00e9e \u00e0 juste titre comme une catholique pieuse et d\u00e9vote, se rendit en grande c\u00e9r\u00e9monie dans le narthex de l\u2019\u00e9glise royale Saint-Michel o\u00f9 elle fut proclam\u00e9e reine, car elle \u00e9tait l\u2019unique h\u00e9riti\u00e8re des territoires et du tr\u00f4ne. Le cort\u00e8ge suivait une \u00e9p\u00e9e brandie en l\u2019air, symbolisant la pl\u00e9nitude du pouvoir d\u2019Isabelle. La proclamation eut lieu dans le narthex et non plus loin \u00e0 l\u2019int\u00e9rieur de l\u2019\u00e9glise, car il s\u2019agissait d\u2019un acte civil et non religieux. Pourtant, cette reine vaillante et vertueuse \u00e9tait le pont harmonieux entre les cours terrestres et c\u00e9lestes.<\/p>\n<p>L\u2019historien Thomas Walsh explique que du d\u00e9but des ann\u00e9es 700 \u00e0 la fin des ann\u00e9es 1600, la chr\u00e9tient\u00e9 \u00e9tait engag\u00e9e dans une super-croisade d\u00e9fensive qui avait commenc\u00e9 avec les migrations barbares qui \u00ab<em>avaient \u00e9teint la lumi\u00e8re de Rome<\/em>\u00bb, de sorte que l\u2019on peut dire que le \u00abmilitarisme\u00bb pieux des \u00abanc\u00eatres m\u00e9di\u00e9vaux\u00bb d\u2019Isabelle lui fut impos\u00e9. Elle \u00e9tait \u00e0 la fois sainte et guerri\u00e8re, qualit\u00e9s que les Rois Catholiques ont transmises aux Europ\u00e9ens. \u00c0 la naissance d\u2019Isabelle, vingt ans s\u2019\u00e9taient \u00e9coul\u00e9s depuis le martyre de Sainte Jeanne d\u2019Arc. La France et l\u2019Angleterre avaient achev\u00e9 leur guerre de Cent Ans, une guerre au cours de laquelle deux dynasties rivales s\u2019\u00e9taient affront\u00e9es jusqu\u2019\u00e0 l\u2019\u00e9puisement pour le tr\u00f4ne de France. Jusqu\u2019\u00e0 cette \u00e9poque, les monarchies fran\u00e7aise, anglaise et espagnole \u00e9taient \u00e9troitement li\u00e9es. La reine Isabelle, par exemple, donna naissance \u00e0 Catherine, reine d\u2019Angleterre, \u00e0 Alcal\u00e1 de Henares, en Espagne.<\/p>\n<p>Le couronnement d\u2019Isabelle unit les royaumes d\u2019Aragon et de Castille, car elle \u00e9tait mari\u00e9e \u00e0 son cousin, le roi Ferdinand, qu\u2019elle appelait \u00able roi, mon seigneur\u00bb. Des ann\u00e9es plus tard, elle financera non seulement le voyage de Christophe Colomb vers l\u2019Am\u00e9rique et la cr\u00e9ation de l\u2019urbanisme pour la cit\u00e9 \u00abid\u00e9ale\u00bb avec son h\u00f4pital, son \u00e9glise, ses lois, son agriculture et son \u00e9ducation, mais elle veillera \u00e9galement \u00e0 ce que \u00abses Indiens\u00bb soient trait\u00e9s comme de v\u00e9ritables sujets de Son Altesse Royale. La reine est all\u00e9e jusqu\u2019\u00e0 suspendre toute exp\u00e9dition vers les Am\u00e9riques pendant trois ans, jusqu\u2019\u00e0 ce que la question de la personnalit\u00e9 juridique des Indiens soit tranch\u00e9e. Elle les fit venir pr\u00e8s d\u2019elle, et constata par elle-m\u00eame qu\u2019ils \u00e9taient des \u00eatres humains. Elle interdit alors qu\u2019ils soient achet\u00e9s ou vendus, ou trait\u00e9s comme des sujets de seconde zone. Trois jours avant de mourir \u00e0 Medina del Campo, la reine Isabelle, gravement malade, pensait \u00e0 nous (Mexicains et autres sujets hispanoam\u00e9ricains), \u00abses Indiens\u00bb, et \u00e9crivait dans une annexe \u00e0 son dernier testament :<\/p>\n<p>\u00ab<em>Qu\u2019ils ne subissent aucun pr\u00e9judice, ni en leur personne ni quant \u00e0 leurs biens, mais qu\u2019au contraire, on leur fasse bon traitement et justice, et s\u2019ils ont subi quelque pr\u00e9judice, qu\u2019on y rem\u00e9die et qu\u2019on leur fournisse ce dont ils ont besoin\u2026<\/em>\u00bb<\/p>\n<p>Elle demanda aux \u00e9v\u00eaques et aux eccl\u00e9siastiques d\u2019\u00e9duquer ses nouveaux compatriotes et encouragea le m\u00e9tissage des races par le mariage, ce qui la distinguait l\u2019entreprise d\u2019un projet colonial proprement dit, \u00e0 laquelle l\u2019Espagne n\u2019a jamais souscrit. L\u2019extension du tr\u00f4ne espagnol \u00e9tait si organique et juste que les Incas consid\u00e9raient Charles Quint comme l\u2019h\u00e9ritier et le prolongement de leur propre dynastie.<\/p>\n<p>Symbole de cette union des races, de la religion, de la justice et de la charit\u00e9, le premier \u00e9v\u00eaque de la ville natale de ma famille paternelle, Michoac\u00e1n, au Mexique, qui s\u2019appelait \u00e0 l\u2019origine Valladolid, \u00e9tait l\u2019avocat bien-aim\u00e9 et bien connu \u00abTata Vasco\u00bb. Comme la reine, Tata Vasco \u00e9tait n\u00e9 \u00e0 Madrigal de las Altas Torres, une ville fortifi\u00e9e pr\u00e8s d\u2019Avila et de Valladolid, et avait \u00e9t\u00e9 baptis\u00e9 dans les fonts baptismaux de la paroisse San Nicol\u00e1s. Il avait \u00e9t\u00e9 \u00e9lev\u00e9 \u00e0 l\u2019\u00e9v\u00each\u00e9 directement depuis l\u2019\u00e9tat la\u00efc dans les ann\u00e9es 1530, \u00e0 la demande de la population mexicaine locale et de l\u2019\u00e9v\u00eaque Zum\u00e1rraga lui-m\u00eame, \u00e0 qui Notre-Dame de Guadalupe \u00e9tait r\u00e9cemment apparue de mani\u00e8re miraculeuse dans une \u0153uvre d\u2019art divin clairement marqu\u00e9e par le symbolisme \u00e9tabli en Espagne autour de l\u2019Immacul\u00e9e Conception. De nombreux historiens s\u2019accordent \u00e0 dire que l\u2019\u00e9v\u00eaque \u00abTata\u00bb Vasco fut historiquement le plus efficace dans la construction des cit\u00e9s chr\u00e9tiennes utopiques que la reine, l\u2019\u00c9glise et le Ciel appelaient de leurs v\u0153ux. Un h\u00f4pital qu\u2019il fonda avec ses propres deniers au Mexique \u00e9tait encore en activit\u00e9 jusqu\u2019\u00e0 une date r\u00e9cente.<\/p>\n<p>Cinq cent cinquante ans plus tard, les villes autrefois fortifi\u00e9es de S\u00e9govie et d\u2019Ar\u00e9valo c\u00e9l\u00e8brent encore la proclamation du r\u00e8gne d\u2019Isabelle avec des reconstitutions th\u00e9\u00e2trales, de la musique m\u00e9di\u00e9vale, de la ie locale et des conf\u00e9rences, car les Espagnols aiment toujours cette reine catholique et parce que la vie de la reine Isabelle de Castille est si \u00ab<em>dramatique, si fascinante, qu\u2019elle n\u2019a pas besoin d\u2019\u00eatre embellie<\/em>\u00bb. Selon l\u2019historien William Thomas Walsh, Isabelle \u00e9tait une femme crois\u00e9e qui \u00ab<em>a chang\u00e9 le cours de la civilisation et la face du monde<\/em>\u00bb. L\u2019un des actes les plus controvers\u00e9s de son r\u00e8gne est aujourd\u2019hui la mise en \u0153uvre de l\u2019expulsion des juifs. Ce seul fait devrait mettre un terme \u00e0 sa cause en b\u00e9atification (\u00e9tape pr\u00e9alable \u00e0 la canonisation), mais nous reviendrons sur ce point \u00e0 la fin de notre histoire.<\/p>\n<p>En assistant \u00e0 l\u2019une des conf\u00e9rences mentionn\u00e9es pr\u00e9c\u00e9demment \u00e0 S\u00e9govie le 7 d\u00e9cembre 2024, j\u2019ai appris qu\u2019en plus de se consacrer \u00e0 l\u2019am\u00e9lioration de l\u2019art, de la musique et du patrimoine public, la reine avait restaur\u00e9 36 arches massives de l\u2019aqueduc romain que les musulmans avaient d\u00e9truites lors d\u2019un si\u00e8ge de la ville. \u00c0 ce jour, l\u2019aqueduc de S\u00e9govie reste la principale attraction touristique de la ville, m\u00eame si celle-ci poss\u00e8de d\u2019autres merveilles architecturales, notamment la derni\u00e8re cath\u00e9drale gothique. Le style gothique, embl\u00e9matique de la chr\u00e9tient\u00e9, fut sp\u00e9cifiquement choisi plut\u00f4t que les variantes de style Renaissance en plein essor \u00e0 l\u2019\u00e9poque. Pourquoi la reine avait-elle consacr\u00e9 ses ressources \u00e0 la restauration de lieux publics et de monast\u00e8res ? Qu\u2019est-ce qui pousse une reine \u00e0 agir, \u00e0 aimer et \u00e0 d\u00e9fendre sa nation, ses terres, ses sujets, ses indig\u00e8nes et Dieu d\u2019une mani\u00e8re inimaginable parmi les politiciens d\u2019aujourd\u2019hui ? Qu\u2019est-ce qui s\u2019oppose au type de mondialisation religieuse que les Espagnols ont accompli par le cat\u00e9chisme, sous les \u00abrois catholiques\u00bb et par les mariages catholiques ?<\/p>\n<p>Et pourquoi la reine a-t-elle expuls\u00e9 de ses territoires les juifs qui ne voulaient pas pratiquer la morale chr\u00e9tienne, mais pas les indig\u00e8nes et avant eux les musulmans ? Concentrons-nous sur la situation actuelle de l\u2019Espagne tout en rappelant les paroles de B. Castiglione qui disait que ceux qui connaissaient la reine confirmaient qu\u2019elle r\u00e9gnait avec la gr\u00e2ce et l\u2019autorit\u00e9 de Dieu : \u00ab<em>Afirman cuantos la conocieron haberse hallado en ella una manera tan divina de gobernar que casi parec\u00eda que su voluntad val\u00eda por un mandamiento<\/em>\u00bb.<\/p>\n<h5 class=\"wp-block-heading\"><strong>Les bombardements d\u2019infrastructures<\/strong><\/h5>\n<p>Les infrastructures hydrauliques espagnoles sont \u00e0 nouveau menac\u00e9es en raison des objectifs de mondialisation de l\u2019Agenda 2030 de l\u2019Europe, qui pr\u00e9voient une r\u00e9duction imm\u00e9diate de la population et l\u2019asservissement des peuples et des ressources. Dans le cadre d\u2019un acte de d\u00e9membrement orchestr\u00e9, du 25 au 30 octobre 2024, les infrastructures hydrauliques de Valence, l\u2019une des villes les plus importantes du pays, ville portuaire et certainement le centre agricole le plus important d\u2019Espagne, ont \u00e9t\u00e9 intentionnellement \u00abpulv\u00e9ris\u00e9es\u00bb. Cela a entra\u00een\u00e9 des pertes imm\u00e9diates en vies humaines et en moyens de subsistance \u00e0 Valence et dans 70 de ses municipalit\u00e9s en raison d\u2019inondations graves.<\/p>\n<p>Cependant, Valence n\u2019a pas \u00e9t\u00e9 la seule ville touch\u00e9e, des inondations graves se sont \u00e9galement produites dans de nombreuses villes \u00e0 l\u2019est et au sud de Madrid, jusqu\u2019\u00e0 M\u00e1laga. Lorsque les Espagnols appel\u00e8rent leur monarque \u00e0 l\u2019aide, Philippe VI admit qu\u2019il n\u2019avait aucun pouvoir r\u00e9el. La preuve en est que le roi est l\u00e9galement autoris\u00e9 \u00e0 mobiliser l\u2019arm\u00e9e en cas d\u2019\u00e9tat d\u2019urgence, ce qu\u2019il n\u2019a pas fait. La raison de l\u2019impuissance du roi est que, le 6 d\u00e9cembre 1978, l\u2019Espagne a pris une d\u00e9cision qui s\u2019est av\u00e9r\u00e9e fatale. Les Espagnols ont choisi la d\u00e9mocratie en approuvant une Constitution qui usurpait m\u00eame la souverainet\u00e9 de Dieu. Lorsque les Espagnols ont reproch\u00e9 \u00e0 l\u2019arm\u00e9e de ne pas \u00eatre venue \u00e0 leur secours, le colonel Pedro Ba\u00f1os a r\u00e9pondu que les citoyens ne devaient pas impliquer l\u2019arm\u00e9e dans cette affaire, car celle-ci avait ob\u00e9i aux ordres de leurs \u00ab<em>politiciens d\u00e9mocratiquement \u00e9lus<\/em>\u00bb, qui, a-t-il soulign\u00e9, avaient \u00e9t\u00e9 \u00e9lus par ces m\u00eames citoyens indign\u00e9s. Ces m\u00eames politiciens avaient soutenu la guerre de Zelensky en Ukraine au d\u00e9triment de leurs propres citoyens, notamment en augmentant le prix de l\u2019essence de deux euros le litre.<\/p>\n<p>Avec l\u2019aide de son mari Jose Manuel Sanz, Pilar Esquinas suit sans rel\u00e2che depuis des ann\u00e9es la manipulation et le contr\u00f4le des sources d\u2019eau douce en Espagne, notamment par le biais de son organisation Aguaiuris. Esquinas est une avocate comp\u00e9tente qui se consacre \u00e0 la d\u00e9fense de causes judiciaires li\u00e9es notamment \u00e0 l\u2019eau, et elle surveille les bassins fluviaux de l\u2019est de l\u2019Espagne. Selon elle et selon les sites officiels, les rivi\u00e8res, canaux, tunnels et voies navigables souterraines de l\u2019Espagne sont \u00e9troitement li\u00e9s par un r\u00e9seau d\u2019aqueducs naturels et artificiels. La quantit\u00e9 d\u2019eau qui passe d\u2019un cours d\u2019eau \u00e0 l\u2019autre dans le cas de Valence est surveill\u00e9e depuis 1911 et contr\u00f4l\u00e9e par la Confederaci\u00f3n Hidrogr\u00e1fica del J\u00facar. Le mouvement de l\u2019eau est connu avec pr\u00e9cision et signal\u00e9 en temps r\u00e9el gr\u00e2ce \u00e0 des compteurs qui enregistrent en permanence ce mouvement. L\u2019objectif officiel d\u00e9clar\u00e9 de la Conf\u00e9d\u00e9ration pour ces compteurs \u00e9tait de d\u00e9tecter les changements soudains et d\u2019\u00e9viter les d\u00e9bordements.<\/p>\n<p>Neuf jours apr\u00e8s les inondations catastrophiques, Pilar Esquinas a photographi\u00e9 et film\u00e9 le fait qu\u2019un grand et important r\u00e9servoir situ\u00e9 le long du <strong>fleuve Turia<\/strong>, El Embalse de Benag\u00e9ber, \u00e9galement appel\u00e9 El Embalse del General\u00edsimo (car Franco avait construit de nombreux barrages importants et prot\u00e9g\u00e9 les cours d\u2019eau dans les ann\u00e9es 1950), \u00e9tait toujours en train de se vider. La vid\u00e9o montre des terres \u00e9mergeant sous les eaux peu profondes et un bateau qui s\u2019est \u00e9chou\u00e9 quelques jours auparavant lors de la rapide vidange du r\u00e9servoir. Ceci est important car Benag\u00e9ber est le barrage le plus en amont des autres r\u00e9servoirs, \u00e0 environ deux heures de route de Valence. Contrairement \u00e0 ce qui est visible sur le site du barrage, le site web officiel de la Confederaci\u00f3n Hidrogr\u00e1fica del J\u00facar montre que le barrage est rest\u00e9 \u00e0 environ 44% de sa capacit\u00e9 pendant toute la p\u00e9riode de fortes pluies des trois derniers jours d\u2019octobre, ce qui peut signifier qu\u2019il a lib\u00e9r\u00e9 de l\u2019eau pour maintenir son niveau \u00e0 44%, mais cela est peu probable compte tenu des donn\u00e9es ci-dessous. Il n\u2019\u00e9tait pas non plus n\u00e9cessaire de rester \u00e0 44%, car tout au long de l\u2019ann\u00e9e, le barrage avait \u00e9t\u00e9 maintenu \u00e0 plus de 60% de sa capacit\u00e9 jusqu\u2019\u00e0 la p\u00e9riode de s\u00e9cheresse, o\u00f9 le niveau d\u2019eau est tomb\u00e9 \u00e0 moins de 50% de sa capacit\u00e9. Le pire, selon Esquinas, est que le protocole n\u2019a pas \u00e9t\u00e9 suivi et que les villes en aval n\u2019ont pas \u00e9t\u00e9 averties qu\u2019une grande quantit\u00e9 d\u2019eau allait \u00eatre lib\u00e9r\u00e9e.<\/p>\n<p>Le prochain barrage important en aval de Benag\u00e9ber est celui de Loriguilla. Le r\u00e9servoir appel\u00e9 Loriguilla n\u2019\u00e9tait rempli qu\u2019\u00e0 52% de sa capacit\u00e9 maximale lorsqu\u2019il a lib\u00e9r\u00e9 2,24 milliards de litres d\u2019eau, toujours selon le site web de la Conf\u00e9d\u00e9ration, d\u2019apr\u00e8s les donn\u00e9es officielles. Plus en aval, l\u2019Embalse de Buseo, un autre grand barrage cens\u00e9 n\u2019\u00eatre rempli qu\u2019\u00e0 10% de sa capacit\u00e9, a inexplicablement cess\u00e9 d\u2019enregistrer des donn\u00e9es du 29 octobre au 13 novembre.<\/p>\n<p>Plus au sud, le long d\u2019un autre fleuve, et apparemment sans lien avec les barrages d\u00e9j\u00e0 mentionn\u00e9s, le niveau d\u2019eau du plus grand barrage de Contreras, un barrage de taille industrielle sur <strong>le fleuve Cabriel<\/strong>, n\u2019\u00e9tait rempli qu\u2019\u00e0 54% de sa capacit\u00e9 le 31 octobre, selon les donn\u00e9es officielles de la Conf\u00e9d\u00e9ration, mais les personnes pr\u00e9sentes sur place ont film\u00e9 qu\u2019il \u00e9tait peu rempli neuf jours apr\u00e8s les inondations. Le barrage aurait d\u00fb \u00eatre rempli \u00e0 environ 80% de sa capacit\u00e9, au moins, afin de sauver des vies, et selon le site officiel de la Confederaci\u00f3n Hidrogr\u00e1fica del J\u00facar, le barrage \u00e9tait g\u00e9n\u00e9ralement maintenu \u00e0 60% \u00e0 70% de sa capacit\u00e9. J\u2019ai moi-m\u00eame vu cet impressionnant barrage 23 jours apr\u00e8s l\u2019inondation, lors de mon retour de Valence. Le r\u00e9servoir semblait relativement peu profond.<\/p>\n<p>Le 25 octobre, cinq jours avant la catastrophe, Pilar et son mari avaient fait l\u2019aller-retour en voiture sous une pluie torrentielle depuis le barrage de Contreras. Il pleuvait si fort qu\u2019ils avaient d\u00fb s\u2019arr\u00eater pour se r\u00e9fugier dans une station-service. Ce jour-l\u00e0, le mari de Pilar, Jose Manuel Sanz, avait remarqu\u00e9 que les radars m\u00e9t\u00e9orologiques locaux de l\u2019AEMET ne montraient aucun nuage dans la r\u00e9gion ni le fait qu\u2019il pleuvait \u00e0 verse. Le m\u00eame jour, un agriculteur, El Payetero, a remarqu\u00e9 et fait savoir que les radars m\u00e9t\u00e9orologiques ne fonctionnaient pas et a averti que cela pourrait avoir des cons\u00e9quences. Cependant, ces radars n\u2019\u00e9taient pas les seuls \u00e0 \u00eatre hors service, ceux de Murcie, du golfe de Cadix et de Mor\u00f3n de la Frontera, ainsi que ceux d\u2019Alicante ne fonctionnaient pas non plus.<\/p>\n<p>Apr\u00e8s les inondations, Pilar et son mari ont enregistr\u00e9 des vid\u00e9os accablantes montrant que l\u2019eau avait \u00e9t\u00e9 lib\u00e9r\u00e9e \u00absauvagement\u00bb, ou \u00ab<em>a la bestia<\/em>\u00bb, car le 6 d\u00e9cembre, non seulement le barrage \u00e9tait encore visiblement peu rempli, comme le montraient les enregistrements pr\u00e9c\u00e9dents, mais en se rendant en aval du barrage, on pouvait voir que l\u2019eau avait atteint des hauteurs incroyables et avait d\u00e9bord\u00e9 du lit de la rivi\u00e8re, et pourtant, les gens n\u2019avaient pas \u00e9t\u00e9 avertis de l\u2019arriv\u00e9e de l\u2019eau.<\/p>\n<p>Le long du <strong>fleuve Magro<\/strong>, El Embalse de Forata, le barrage le plus proche de Valence et de l\u2019endroit o\u00f9 les pr\u00e9cipitations ont \u00e9t\u00e9 les plus importantes, car selon l\u2019AEMET, plus de 750 l\/m2 sont tomb\u00e9s le 29 octobre \u00e0 Chiva, est pass\u00e9 de 14% \u00e0 96% de sa capacit\u00e9 et a donc lib\u00e9r\u00e9 6,2 milliards de litres jusqu\u2019\u00e0 ce que le niveau de l\u2019eau redescende \u00e0 79% de sa capacit\u00e9. Selon la NASA, pr\u00e8s de 60 cm de pluie sont tomb\u00e9s sur Chiva en 8 heures. Les autorit\u00e9s ont admis avoir lib\u00e9r\u00e9 l\u2019eau, mais ont d\u00e9cid\u00e9 de ne pas l\u2019annoncer au public. Le maire d\u2019Algamesi a d\u00e9clar\u00e9 publiquement que ni lui ni le public n\u2019avaient \u00e9t\u00e9 inform\u00e9s qu\u2019un \u00abtsunami\u00bb se dirigeait vers leur ville. Le maire a d\u00e9clar\u00e9 que les vagues qui ont d\u00e9ferl\u00e9 ne correspondaient pas \u00e0 la quantit\u00e9 de pluie tomb\u00e9e ces jours-l\u00e0. Il a reconnu qu\u2019il incombait \u00e0 la Confederaci\u00f3n Hidrogr\u00e1fica del J\u00facar d\u2019avertir la ville, ainsi qu\u2019au gouvernement f\u00e9d\u00e9ral.<\/p>\n<p>\u00c0 la t\u00e9l\u00e9vision publique, Teresa Ribera, responsable de toutes les conf\u00e9d\u00e9rations hydrologiques et l\u2019une des trois vice-premi\u00e8res ministres espagnoles, a \u00e9t\u00e9 tenue pour responsable de l\u2019ouverture des vannes du barrage de Forata. Ribera \u00e9tait alors en passe d\u2019\u00eatre \u00e9lue \u00e0 bulletin secret au poste de commissaire d\u2019Ursula von der Leyen pour l\u2019Union europ\u00e9enne. Elle a pris ses fonctions le 1er d\u00e9cembre en tant que premi\u00e8re vice-pr\u00e9sidente ex\u00e9cutive charg\u00e9e de la \u00ab<em>transition propre, juste et comp\u00e9titive<\/em>\u00bb, ce qui implique de favoriser certaines entreprises qui se disent \u00e9cologiques. Gr\u00e2ce \u00e0 sa nouvelle nomination, Teresa Ribera a pris en charge la politique de concurrence de l\u2019UE, \u00ab<em>traditionnellement l\u2019un des fiefs les plus puissants de Bruxelles<\/em>\u00bb. Dans une interview accord\u00e9e au <em>Guardian<\/em> un mois avant les inondations, elle \u00ab<em>d\u00e9plorait<\/em>\u00bb le \u00ab<em>d\u00e9ni<\/em>\u00bb et le \u00ab<em>retardisme<\/em>\u00bb en mati\u00e8re de changement climatique, tels que ceux \u00ab<em>affich\u00e9s par le PDG de la compagnie \u00e9nerg\u00e9tique espagnole Repsol<\/em>\u00bb.<\/p>\n<p>Finalement, la cha\u00eene de commandement, qui \u00e9tait n\u00e9cessairement au courant de la lib\u00e9ration des barrages locaux autour de Valence, a d\u00e9cid\u00e9 de rester silencieuse du 25 au 29 octobre. L\u2019AEMET, qui travaille en \u00e9troite collaboration avec la NASA, n\u2019indiquait m\u00eame pas qu\u2019il pleuvait abondamment. Cela est remarquable car la Confederaci\u00f3n Hidrogr\u00e1fica del J\u00facar n\u2019\u00e9tait pas la seule conf\u00e9d\u00e9ration concern\u00e9e, puisque des inondations catastrophiques de type tsunami se sont produites dans d\u2019autres conf\u00e9d\u00e9rations du syst\u00e8me hydraulique, qui ont \u00e9galement n\u00e9cessit\u00e9 la lib\u00e9ration de l\u2019eau des barrages et la divulgation de cette information. Les inondations se sont poursuivies jusqu\u2019\u00e0 Malaga, au sud, le long du Rio Benamargosa, jusqu\u2019\u00e0 la mi-novembre.<\/p>\n<h5 class=\"wp-block-heading\"><strong>Palantir<\/strong><\/h5>\n<p>Selon Pilar Esquinas, ces inondations destructrices se produisent au moment m\u00eame o\u00f9 le Congr\u00e8s et le S\u00e9nat approuvent la commercialisation de l\u2019eau en Espagne. D\u2019importants investissements ont \u00e9t\u00e9 r\u00e9alis\u00e9s par des entreprises \u00e9trang\u00e8res, accompagn\u00e9s d\u2019une appropriation de terres impliquant des entreprises associ\u00e9es \u00e0 l\u2019universit\u00e9 de Californie et \u00e0 la Silicon Valley, qui souhaitent faire de Valence une ville intelligente, autrement dit un \u00c9tat policier, car dans les soci\u00e9t\u00e9s sans argent liquide et sans essence, \u00e9quip\u00e9es du wifi, votre carte de cr\u00e9dit, votre maison, votre r\u00e9frig\u00e9rateur et votre v\u00e9hicule peuvent \u00eatre d\u00e9sactiv\u00e9s \u00e0 tout moment.<\/p>\n<p>Les membres de l\u2019entreprise impliqu\u00e9e dans l\u2019accaparement des terres ont des liens financiers avec <strong>Jared Kushner, le gendre de Trump<\/strong>, car Kushner est en partie propri\u00e9taire d\u2019OpenGov, une entreprise fond\u00e9e et dirig\u00e9e par Joe Lonsdale et d\u2019autres juifs. OpenGov est l\u2019un des nombreux projets juifs li\u00e9s \u00e0 l\u2019Internet des objets (IoT) qui visent \u00e0 stocker et \u00e0 contr\u00f4ler les informations cruciales de chaque individu, de chaque entreprise (y compris les banques) et de chaque gouvernement dans leur logiciel de cloud. L\u2019objectif est de tout rationaliser et de r\u00e9duire le besoin d\u2019employ\u00e9s r\u00e9mun\u00e9r\u00e9s dans le monde entier. Kushner a admis avoir investi dans des appartements en copropri\u00e9t\u00e9 en Ukraine. Il a \u00e9galement sugg\u00e9r\u00e9 qu\u2019\u00ab<em>Isra\u00ebl devrait \u00e9vacuer les civils pendant qu\u2019il \u00abnettoie\u00bb la bande<\/em>\u00bb de terre appel\u00e9e Gaza, car il s\u2019agit d\u2019un terrain en bord de mer de grande valeur. Kushner a fait valoir que les Palestiniens pourraient \u00eatre d\u00e9plac\u00e9s vers un petit espace d\u00e9sertique (Gaza devant \u00eatre ras\u00e9e au bulldozer) jusqu\u2019\u00e0 la fin de la reconstruction. Que pense Kushner des terrains en bord de mer de Valence ? Comme nous le verrons, le tourisme \u00e0 Valence et le \u00abchangement climatique\u00bb sont intimement li\u00e9s dans l\u2019esprit de ces oligarques.<\/p>\n<p>Parmi les entreprises qui pr\u00e9voient de reconstruire Valence, celle qui est le plus souvent mentionn\u00e9e par les Valenciens est Palantir. Palantir est une plateforme logicielle d\u00e9di\u00e9e \u00e0 l\u2019analyse de m\u00e9gadonn\u00e9es. Elle a \u00e9t\u00e9 fond\u00e9e par trois juifs, Alex C. Karp, Joe Lonsdale (pensez \u00e0 l\u2019espace cloud) et Stephen Cohen. Peter Thiel, qui n\u2019est pas ouvertement juif, est n\u00e9 en Allemagne de l\u2019Ouest, c\u2019est le fondateur de PayPal et il a des liens avec la CIA. Selon <em>TRTWorld<\/em>, Palantir a \u00e9t\u00e9 lanc\u00e9e gr\u00e2ce \u00e0 des investissements de la CIA par l\u2019interm\u00e9diaire de sa \u00ab<em>soci\u00e9t\u00e9 de capital-risque In-Q-Tel, qui investit dans des entreprises qui renforcent sa port\u00e9e, son pouvoir et sa capacit\u00e9 d\u2019espionnage<\/em>\u00bb. La CIA elle-m\u00eame est dirig\u00e9e par des personnages comme Robert Maxwell depuis sa cr\u00e9ation, pratiquant c\u00e9l\u00e8bre du chantage, du vol et du meurtre.<\/p>\n<p>Apr\u00e8s que les canaux d\u2019irrigation de Valence aient \u00e9t\u00e9 d\u00e9truits et obstru\u00e9s par la boue, le pr\u00e9sident Pedro Sanchez a refus\u00e9 de d\u00e9clarer l\u2019\u00e9tat d\u2019urgence. Au lieu de cela, il a emp\u00each\u00e9 les \u00e9quipes de secours et de recherche d\u2019arriver dans les villes touch\u00e9es. Les gens n\u2019ont pas \u00e9t\u00e9 autoris\u00e9s \u00e0 rechercher ou \u00e0 identifier leurs morts, et l\u2019arm\u00e9e n\u2019est pas arriv\u00e9e \u00e0 temps pour reconstruire imm\u00e9diatement les infrastructures. \u00ab<em>Nous sommes en guerre<\/em>\u00bb, a d\u00e9clar\u00e9 Pilar Esquinas, \u00ab<em>et nous sommes perdus en tant que nation et civilisation si nous permettons cela<\/em>\u00bb.<\/p>\n<p>Ce qui a \u00e9t\u00e9 d\u00e9mantel\u00e9, c\u2019est l\u2019institution juridique la plus ancienne d\u2019Europe, car le tribunal de distribution de l\u2019eau de Valence, le Tribunal de las Aguas, a \u00e9t\u00e9 perfectionn\u00e9 pendant la <em>Reconquista<\/em> (avant le XVIe si\u00e8cle). Il a rev\u00eatu une importance et une priorit\u00e9 primordiales, en particulier depuis le r\u00e8gne du roi Jaime Ier. Ce Tribunal est c\u00e9l\u00e8bre dans toute l\u2019Espagne et a \u00e9t\u00e9 d\u00e9clar\u00e9 \u00abPatrimonio de la Humanidad\u00bb. Cette institution juridique impliquait la distribution \u00e9quitable de l\u2019eau gr\u00e2ce \u00e0 des contrats conclus volontairement et librement. Les d\u00e9cisions finales concernant la distribution de l\u2019eau tenaient compte de l\u2019environnement et de l\u2019histoire, car en Espagne, rien ne se fait sans tenir compte du plaisir, du confort, de la beaut\u00e9 et de la culture. Cette institution ancienne a \u00e9t\u00e9 litt\u00e9ralement bombard\u00e9e lorsque trois de ses huit syst\u00e8mes de distribution d\u2019eau ont \u00e9t\u00e9 obstru\u00e9s et d\u00e9truits de l\u2019int\u00e9rieur par la pression de l\u2019eau. C\u2019\u00e9tait le seul moyen de d\u00e9manteler le v\u00e9n\u00e9rable Tribunal, et il est peu probable qu\u2019il soit e r\u00e9tabli un jour.<\/p>\n<p>Et ce n\u2019est pas seulement l\u2019infrastructure hydraulique de Valence qui est attaqu\u00e9e. Des centaines de barrages et de cours d\u2019eau, grands et petits, ont \u00e9t\u00e9 d\u00e9truits ou intentionnellement n\u00e9glig\u00e9s dans toute l\u2019Espagne et dans de nombreux autres pays, en particulier apr\u00e8s la pand\u00e9mie de Covid, sous peine d\u2019amendes et en violation de la loi. Selon Pedro Brufao, expert en droits de l\u2019eau et juge, la destruction des infrastructures \u00abobsol\u00e8tes\u00bb est en cours depuis trois d\u00e9cennies afin de respecter les normes impos\u00e9es par les Nations unies\u00a0! Un rapide coup d\u2019\u0153il aux activit\u00e9s internationales de Pedro Brufao montre qu\u2019il est impliqu\u00e9 dans de nombreux fiefs juifs, dont celui d\u2019Alexander Soros, l\u2019un des cinq enfants de George Soros, et l\u2019American Jewish World Service, par le biais d\u2019International Rivers, afin d\u2019emp\u00eacher la construction de barrages, y compris les barrages locaux qui visent \u00e0 exploiter et \u00e0 produire de l\u2019\u00e9nergie locale. Brufao est personnellement impliqu\u00e9 financi\u00e8rement dans la destruction de barrages dans le monde entier afin de permettre aux rivi\u00e8res de couler librement partout. \u00c0 tout le moins, International Rivers tente de r\u00e9duire la taille des projets de construction de barrages. L\u2019un des objectifs des barrages est de ralentir le mouvement de l\u2019eau et des d\u00e9bris lourds. Lorsque ces barri\u00e8res sont supprim\u00e9es, les rivi\u00e8res en crue voient leur d\u00e9bit se pr\u00e9cipiter plus facilement vers les villes et sont beaucoup plus destructrices.<\/p>\n<p>Si les Valenciens ne parviennent pas \u00e0 restaurer les infrastructures dans un d\u00e9lai de trois ans, ils perdront leurs privil\u00e8ges en mati\u00e8re d\u2019eau. Un mois seulement avant l\u2019arriv\u00e9e des inondations meurtri\u00e8res, Palantir avait Valencia et son tribunal de l\u2019eau dans son champ de vision. Global Omnium et Capitalidad Verde Europea 2024 ont remis un petit ch\u00e8que de 9 873 euros \u00e0 Francisco Almenar, pr\u00e9sident du Tribunal de las Aguas, le 9 septembre, lors de la Semaine du climat des villes de Valence, sp\u00e9cifiquement pour la r\u00e9duction des \u00e9missions de CO2 gr\u00e2ce \u00e0 HortiGo2, un projet directement supervis\u00e9 par Global Omnium. Le vecteur de ce transfert de ch\u00e8que \u00e9tait la Fundacion Aguas de Valencia. Le ch\u00e8que a \u00e9t\u00e9 remis au Tribunal au si\u00e8ge de Global Omnium en pr\u00e9sence de repr\u00e9sentants de l\u2019Ayuntamiento de Valence, ainsi que du pr\u00e9sident de la Federaci\u00f3n Nacional de Comunidades de Regantes et du repr\u00e9sentant de Valence pour le tourisme, l\u2019innovation et les investissements (Turismo, Innovaci\u00f3n e inversiones).<\/p>\n<p><strong>Global Omnium<\/strong> utilisait tr\u00e8s sp\u00e9cifiquement HortiGO2 pour payer le Tribunal afin de se d\u00e9barrasser des \u00e9missions de CO2 qu\u2019elle imputait \u00e0 \u00ab<em>la actividad tur\u00edstica de la ciudad de Valencia<\/em>\u00bb (le tourisme de Valence). En r\u00e9alit\u00e9, l\u2019empreinte carbone humaine est pratiquement nulle par rapport \u00e0 la taille de la Terre. Par cons\u00e9quent, ce qu\u2019ils contr\u00f4lent et limitent, c\u2019est l\u2019agriculture. Les champs d\u2019oliviers, par exemple, ont \u00e9t\u00e9 remplac\u00e9s par des champs de panneaux solaires. Mais plus pr\u00e9cis\u00e9ment, les \u00eatres humains produisent du CO2 lorsqu\u2019ils respirent. R\u00e9duire le CO2 revient \u00e0 \u00e9liminer les \u00eatres humains et les infrastructures. R\u00e9trospectivement, Global Omnium, le plus grand service public d\u2019approvisionnement en eau d\u2019Espagne, remettait un ch\u00e8que au Tribunal en pr\u00e9vision des inondations \u00e0 venir. Global Omnium a vu le jour \u00e0 Valence en raison de l\u2019histoire de cette ville en mati\u00e8re de distribution d\u2019eau. Global Omnium s\u2019est d\u00e9velopp\u00e9e gr\u00e2ce \u00e0 GoAigua pour contr\u00f4ler les services d\u2019eau au Moyen-Orient, en Europe, en Afrique, en Am\u00e9rique latine et en Am\u00e9rique du Nord. La soci\u00e9t\u00e9 de services publics travaille avec les soci\u00e9t\u00e9s GoAigua et Xylem pour \u00ab<em>aider \u00e0 lib\u00e9rer la valeur cach\u00e9e des donn\u00e9es<\/em>\u00bb afin que les soci\u00e9t\u00e9s de services publics puissent calculer combien de milliards de gallons d\u2019eau ne sont pas factur\u00e9s, sans avoir recours \u00e0 des employ\u00e9s. GoAigua et Xylem se consid\u00e8rent toutes deux comme des entreprises technologiques pionni\u00e8res qui cherchent \u00e0 \u00ab<em>tirer parti des derni\u00e8res innovations en mati\u00e8re de comptage intelligent<\/em>\u00bb. \u00c0 l\u2019instar de Palantir, GoAigua est une \u00ab<em>entreprise de logiciels et d\u2019analyse<\/em>\u00bb qui esp\u00e8re briser les \u00ab<em>silos informationnels<\/em>\u00bb<a target=\"_blank\" href=\"https:\/\/www.stormwater.com\/home\/company\/21134116\/goaigua\">[29]<\/a>, ce qui signifie qu\u2019elle souhaite disposer de vos donn\u00e9es et ne plus avoir affaire \u00e0 de petites entreprises. Selon Stormwater Solutions, le centre de toute cette surveillance de l\u2019eau est Valence, o\u00f9 GoAigua dispose d\u2019une \u00ab<em>copie virtuelle en temps r\u00e9el<\/em>\u00bb de l\u2019ensemble de son syst\u00e8me afin de \u00ab<em>produire des sc\u00e9narios hypoth\u00e9tiques dans le pass\u00e9, le pr\u00e9sent et l\u2019avenir, am\u00e9liorant ainsi notre contr\u00f4le et notre r\u00e9silience \u00e0 des niveaux sans pr\u00e9c\u00e9dent<\/em>\u00bb<a target=\"_blank\" href=\"https:\/\/www.stormwater.com\/home\/company\/21134116\/goaigua\">[29]<\/a>. Et malgr\u00e9 toute sa technologie avanc\u00e9e de compteurs intelligents, Global Omnium n\u2019a pas \u00e9t\u00e9 en mesure d\u2019avertir ses clients que leurs entreprises et leurs vies \u00e9taient sur le point d\u2019\u00eatre d\u00e9truites\u2026<\/p>\n<p><strong>GoAigua<\/strong> traite et int\u00e8gre les donn\u00e9es pour alimenter Xylem afin que Global Omnium puisse avoir une \u00ab<em>vue en temps r\u00e9el de l\u2019\u00e9tat des processus et des infrastructures des services publics<\/em>\u00bb en mati\u00e8re d\u2019eau potable, d\u2019eaux us\u00e9es, d\u2019irrigation, d\u2019agriculture et de ressources en eau. GoAigua est soutenu par la plateforme IoT Big Data pour contr\u00f4ler la surveillance automatis\u00e9e dans le monde entier et \u00ab<em>contr\u00f4ler les op\u00e9rations<\/em>\u00bb. La question est de savoir qui synth\u00e9tise, analyse, organise et contr\u00f4le l\u2019IoT (Internet des objets) ? Comme mentionn\u00e9 pr\u00e9c\u00e9demment, l\u2019objectif de Palantir est de contr\u00f4ler l\u2019IoT. Comme l\u2019a d\u00e9clar\u00e9 Alexander C. Karp, PDG (juif) de Palantir, \u00e0 ses actionnaires cinq jours apr\u00e8s la destruction des municipalit\u00e9s de Valence : \u00ab<em>Le monde est en pleine r\u00e9volution de l\u2019IA men\u00e9e par les \u00c9tats-Unis, qui remod\u00e8le les industries et les \u00e9conomies, et nous sommes au c\u0153ur de cette r\u00e9volution. \u2026 Nous sommes dans le si\u00e8cle du logiciel, et nous avons l\u2019intention de conqu\u00e9rir l\u2019ensemble du march\u00e9<\/em>\u00bb.<\/p>\n<p>Certaines preuves indiquent que les compagnies d\u2019assurance n\u2019\u00e9taient pas dispos\u00e9es \u00e0 renouveler ou \u00e0 prendre en charge l\u2019infrastructure ferroviaire espagnole apr\u00e8s l\u2019expiration de ses polices le 31 ao\u00fbt. Oscar Puente, ministre des Transports et de la Mobilit\u00e9 durable, aurait d\u00fb agir rapidement pour convaincre une compagnie d\u2019assurance d\u2019accepter ne serait-ce que la moiti\u00e9 de la couverture pr\u00e9c\u00e9dente sign\u00e9e en 2020. Cette couverture de base \u00e9tait n\u00e9cessaire pour b\u00e9n\u00e9ficier de l\u2019assurance du CCS (Consorcio de Compensaci\u00f3n de Seguros) en cas d\u2019\u00e9v\u00e9nements extraordinaires tels que les <a target=\"_blank\" href=\"https:\/\/fr.wikipedia.org\/wiki\/Inondations_de_2024_en_Espagne\">Dana<\/a> (d\u00e9pressions isol\u00e9es en haute altitude). Le fait que M. Puente se soit content\u00e9 de la moiti\u00e9 de la couverture indique qu\u2019il a sign\u00e9 par n\u00e9cessit\u00e9 extr\u00eame et en sachant que les inondations allaient se produire.<\/p>\n<h5 class=\"wp-block-heading\"><strong>Netflix \u00e0 Valence<\/strong><\/h5>\n<p>D\u2019autres preuves indiquant que les inondations de Valence ont non seulement \u00e9t\u00e9 provoqu\u00e9es, mais aussi cibl\u00e9es sur le centre-ville de Valence, ont \u00e9t\u00e9 fournies par Netflix, une soci\u00e9t\u00e9 cr\u00e9\u00e9e par une personnalit\u00e9 juive de New York, Marc Randolph, qui en est toujours le PDG. Marc Bernays Randolph a la particularit\u00e9 d\u2019\u00eatre le neveu de Sigmund Freud et d\u2019Edward Bernays, connu comme le \u00ab<em>p\u00e8re des relations publiques<\/em>\u00bb et de la propagande. Bernays avait travaill\u00e9 pour les plus grandes entreprises am\u00e9ricaines et a aid\u00e9 la CIA \u00e0 renverser des gouvernements. Bernays \u00e9tait sp\u00e9cialis\u00e9 dans la \u00ab<em>cristallisation de l\u2019opinion publique<\/em>\u00bb<em>, la<\/em> psychologie des foules et l\u2019instinct gr\u00e9gaire. Avec une telle exp\u00e9rience en psychologie, il est probable que Marc Randolph avait un objectif en t\u00eate lorsqu\u2019il a sorti <em>Respira<\/em> exactement deux mois avant les inondations meurtri\u00e8res de Valence.<\/p>\n<p>Netflix a lanc\u00e9 la premi\u00e8re saison d\u2019une s\u00e9rie intitul\u00e9e <em>Respira<\/em> le 30 ao\u00fbt 2024. <em>Respira<\/em> signifie \u00abRespire\u00bb, mais le titre anglais de la s\u00e9rie est <em>Breathless<\/em> (\u00ab\u00c0 vous couper le souffle\u00bb). Le huiti\u00e8me \u00e9pisode, intitul\u00e9 \u00abDANA\u00bb en portugais, \u00abGota Fria\u00bb en espagnol et \u00abCold Drop\u00bb en anglais, a \u00e9t\u00e9 tourn\u00e9 \u00e0 Valence et d\u00e9peignait avec pr\u00e9cision les inondations soudaines qui allaient se produire \u00e0 Valence \u00e0 la veille d\u2019Halloween. Pablo Plaza, qui a jou\u00e9 le r\u00f4le d\u2019un figurant dans la s\u00e9rie, a averti que la guerre nucl\u00e9aire entre Trump et Poutine \u00e9tait dans l\u2019\u00e9pisode \u00abAtomic Monkey\u00bb de l\u2019une des prochaines saisons de <em>Respira<\/em> et a d\u00e9clar\u00e9 qu\u2019il allait s\u2019acheter une combinaison anti-radiations. Je me suis demand\u00e9 \u00e0 quelle fr\u00e9quence il comptait la porter.<\/p>\n<p>M\u00eame s\u2019il n\u2019\u00e9tait qu\u2019un figurant dans la s\u00e9rie, Pablo Plaza n\u2019a pas imm\u00e9diatement fait le rapprochement. D\u2019autres Espagnols l\u2019ont fait. L\u2019\u00e9pisode \u00abGota Fria\u00bb pr\u00e9disait la quantit\u00e9 exacte de pluie qui s\u2019est finalement abattue sur Valence : 400 l\/m2 et plus. Bien qu\u2019il y ait eu ce que les habitants appellent une \u00abbulle\u00bb de protection autour de Valence (ce que j\u2019expliquerai plus tard), de nombreuses villes ont \u00e9t\u00e9 inond\u00e9es et d\u00e9truites, tout comme des v\u00e9hicules et des entreprises familiales. Mon guide \u00e0 Valence n\u2019arr\u00eatait pas de r\u00e9p\u00e9ter que l\u2019on aurait dit qu\u2019une bombe avait \u00e9t\u00e9 largu\u00e9e, et c\u2019\u00e9tait effectivement le cas. Les portes de garage \u00e9taient pli\u00e9es vers le haut, les voies ferr\u00e9es avaient \u00e9t\u00e9 emport\u00e9es, de grands ponts s\u2019\u00e9taient effondr\u00e9s alors que des gens les traversaient, et les commerces \u00e9taient d\u00e9sormais vides et d\u00e9truits. Les fen\u00eatres de nombreuses r\u00e9sidences du rez-de-chauss\u00e9e \u00e9taient bris\u00e9es, et des masses de v\u00e9hicules \u00e9cras\u00e9s s\u2019entassaient dans des terrains vagues que nous appelions des cimeti\u00e8res de v\u00e9hicules. Vingt jours plus tard, lorsque je suis arriv\u00e9 \u00e0 Valence, les transports souterrains \u00e9taient toujours hors service et les \u00e9quipes de recherche continuaient \u00e0 chercher des corps dans un plan d\u2019eau douce appel\u00e9 la Albufera de Valencia, situ\u00e9 \u00e0 16 km du centre-ville de Valence, pr\u00e8s de la mer. Au-dessus de l\u2019Albufera, de la petite \u00e9quipe militaire, de l\u2019\u00e9quipe de recherche n\u00e9erlandaise et de leurs chiens, le ciel bleu clair \u00e9tait stri\u00e9 de couches de chemtrails aux motifs complexes.<\/p>\n<p>L\u2019\u00e9pisode \u00abGota Fria\u00bb de Netflix tourne autour d\u2019un h\u00f4pital qui accueille les bless\u00e9s de cette catastrophe climatique. Le terme \u00abchangement climatique\u00bb est utilis\u00e9 par un infirmier \u00e9l\u00e9gant et s\u00e9duisant qui frotte doucement sa main sur les larges \u00e9paules de son ami infirmier ignorant et intol\u00e9rant, qui ne fait pas la diff\u00e9rence entre une forte pluie et la quantit\u00e9 d\u2019eau qui devrait tomber pendant cette <em>Gota Fria<\/em> particuli\u00e8re. L\u2019infirmier intelligent dit au macho \u00abGallegos\u00bb : \u00abTu n\u2019as jamais vu \u00e7a de ta vie\u00bb. Gallegos, pour \u00eatre clair, fait r\u00e9f\u00e9rence \u00e0 quelqu\u2019un originaire de Galice, et les Galiciens ont tendance \u00e0 aimer la pluie, mais c\u2019\u00e9tait aussi un terme utilis\u00e9 par les Am\u00e9ricains pour d\u00e9signer les Espagnols en g\u00e9n\u00e9ral (avec une connotation m\u00e9prisante, proche de \u00abdemeur\u00e9\u00bb). Des secondes p\u00e9nibles s\u2019\u00e9coulent tandis que le public attend que la lumi\u00e8re se fasse dans la t\u00eate du Galicien.<\/p>\n<p>Apr\u00e8s les inondations qui ont eu lieu \u00e0 Valence, les Espagnols ont publi\u00e9 une vid\u00e9o comparant des sc\u00e8nes de l\u2019\u00e9pisode Netflix avec des images de l\u2019\u00e9v\u00e9nement r\u00e9el, qui montraient des personnes \u00e2g\u00e9es dans une maison de retraite assises tranquillement dans leurs fauteuils roulants, \u00e9tudiant attentivement l\u2019eau sale qui montait autour de leurs genoux. On se demande ce qui leur est arriv\u00e9, car l\u2019eau a fini par monter de 2 \u00e0 2,5 m\u00e8tres. Les images, qui ressemblaient beaucoup \u00e0 celles diffus\u00e9es en direct en France quelques semaines auparavant, montraient des v\u00e9hicules emport\u00e9s par le courant \u00e0 une vitesse incroyable, avec de nombreux passagers perch\u00e9s sur le toit de leur voiture, et des phares dont la lumi\u00e8re rebondissait dans les vagues agit\u00e9es. Dans le centre de la France, les sauveteurs ont particip\u00e9 \u00e0 2300 op\u00e9rations, \u00ab<em>dont certaines ont permis de sauver des vies<\/em>\u00bb, lors des plus importantes inondations depuis 40 ans. L\u2019Italie, dans les r\u00e9gions de Catane, de Toscane et de Ligurie, a \u00e9galement connu des crues soudaines g\u00e9n\u00e9ralis\u00e9es et des dommages importants aux infrastructures en juin 2024. Le sud de l\u2019Allemagne, ainsi que le sud du Br\u00e9sil et le Texas, ont connu des inondations d\u00e9vastatrices en mai 2024. L\u2019UE a d\u00e9clar\u00e9 qu\u2019elle distribuerait 112 millions d\u2019euros d\u2019aide \u00e0 l\u2019Allemagne et 4 millions \u00e0 l\u2019Italie.<\/p>\n<p>Contrairement aux \u00c9tats-Unis, l\u2019\u00e9conomie espagnole est domin\u00e9e par une grande vari\u00e9t\u00e9 de petites entreprises g\u00e9r\u00e9es par une poign\u00e9e d\u2019employ\u00e9s consciencieux, charmants, \u00e9l\u00e9gants, gentils, intelligents et sens\u00e9s, poss\u00e9dant toutes les qualit\u00e9s que l\u2019on esp\u00e9rait trouver aux \u00c9tats-Unis lorsqu\u2019on pouvait encore recourir \u00e0 la phrase : \u00abPuis-je parler \u00e0 votre responsable ?\u00bb en cas de probl\u00e8me. De plus, les employ\u00e9s espagnols sont des personnes charitables et g\u00e9n\u00e9reuses. Ces petites entreprises sont principalement situ\u00e9es au rez-de-chauss\u00e9e des immeubles d\u2019habitation qui constituent le centre de chaque ville. Un autre fait important est que les villes espagnoles sont propres et pav\u00e9es de pierres et de briques travaill\u00e9es. Selon un membre de la Guardia Civil, les villes espagnoles sont les plus s\u00fbres d\u2019Europe. Les centres-villes sont praticables \u00e0 pied et sont tr\u00e8s fr\u00e9quent\u00e9s le soir. Une grande partie du stationnement se fait dans des garages souterrains. Les inondations ont eu lieu \u00e0 un moment o\u00f9 la circulation \u00e9tait dense, car les gens rentraient du travail ou sortaient pour vaquer \u00e0 leurs occupations du soir. L\u2019eau qui s\u2019est engouffr\u00e9e ne provenait pas d\u2019une augmentation r\u00e9guli\u00e8re des pr\u00e9cipitations, mais d\u2019un afflux de boue rouge et de d\u00e9bris. Par cons\u00e9quent, les moteurs des \u00e9quipements, des voitures et des appareils \u00e9lectrom\u00e9nagers ont \u00e9t\u00e9 d\u00e9truits, m\u00eame si les civils ont r\u00e9ussi \u00e0 s\u2019\u00e9chapper. Vingt jours apr\u00e8s l\u2019inondation, des villes comme Paiporta grouillaient encore de civils h\u00e9b\u00e9t\u00e9s, de b\u00e9n\u00e9voles, de militaires et d\u2019ouvriers transportant des seaux remplis de salet\u00e9s hors de leurs commerces. Les petites villes comme Algemes\u00ed manquaient de b\u00e9n\u00e9voles, mais s\u2019affairaient n\u00e9anmoins \u00e0 nettoyer leur centre-ville. Cependant, brillant au soleil, \u00e0 c\u00f4t\u00e9 d\u2019un parking Toyota d\u00e9vast\u00e9 et d\u2019autres concessions d\u00e9truites, se trouvait un McDonald\u2019s, dont le trottoir en marbre brillait non seulement de mille feux, mais o\u00f9 un nouveau rev\u00eatement \u00e9tait en cours de pose. La question est de savoir qui va reconstruire dans le contexte \u00e9conomique actuel ? Et : y a-t-il un lien entre la destruction de Valence et la destruction des biens immobiliers c\u00f4tiers de premier choix \u00e0 Gaza ? Selon la cha\u00eene d\u2019information espagnole <a target=\"_blank\" href=\"http:\/\/rtvp.es\/\">rtvp.es<\/a>, le 9 d\u00e9cembre, Isra\u00ebl a r\u00e9cemment d\u00e9truit plus de 17 h\u00f4pitaux \u00e0 Gaza pour faire place \u00e0 de nouveaux immeubles en bord de mer.<\/p>\n<p>Comme beaucoup le savent, la c\u00f4te parall\u00e8le de Valence, de l\u2019autre c\u00f4t\u00e9 de la M\u00e9diterran\u00e9e, a un climat tr\u00e8s similaire \u00e0 celui de J\u00e9rusalem, de la Floride et de la Californie. Les feuilles vert fonc\u00e9 des orangers et des kakis de Valence contrastaient fortement avec la ville recouverte de boue. Valence serait un pont parfait entre Isra\u00ebl et Hollywood. Hollywood a pris le contr\u00f4le de Walt Disney et donc de la Floride par l\u2019interm\u00e9diaire des\u00a0magnats juifs Michael Eisner (PDG), Bob Iger (PDG) et Harvey Weinstein (class\u00e9 R-Hollywood). Le journaliste Nauzet Morgade a soulign\u00e9 que la Silicon Valley investit massivement \u00e0 Valence depuis au moins 10 ans. La Silicon Valley est \u00e9galement dirig\u00e9e par des personnalit\u00e9s juives, comme les fondateurs de Google et Facebook.<\/p>\n<p>En fin de compte, cependant, le contr\u00f4le des c\u00f4tes espagnoles jusqu\u2019\u00e0 Gibraltar, propri\u00e9t\u00e9 britannique, est n\u00e9cessaire sur le plan militaire pour contr\u00f4ler la mer M\u00e9diterran\u00e9e. Certains ont soulign\u00e9 que la guerre de Zelensky en Ukraine est une bataille pour le contr\u00f4le d\u2019importants ports de la mer Noire. Au moment o\u00f9 nous parlons, Isra\u00ebl s\u2019empare des c\u00f4tes libanaises par des bombardements continus. En outre, Valence abrite d\u2019\u00e9normes tours et forts historiques embl\u00e9matiques, ainsi que le Saint Graal.<\/p>\n<p>Pablo Corrado, homme d\u2019affaires dipl\u00f4m\u00e9 et agr\u00e9\u00e9, d\u00e9veloppeur d\u2019IA, qui a v\u00e9cu l\u2019\u00e9v\u00e9nement \u00e0 Paiporta, pr\u00e8s de Valence, et qui a jou\u00e9 un r\u00f4le essentiel dans le sauvetage de sa femme et de ses beaux-parents qui vivaient au premier \u00e9tage, a expliqu\u00e9 que les militaires qui sont finalement arriv\u00e9s ont fait \u00e9tat de 2500 morts, alors que \u00ab<em>les m\u00e9dias n\u2019ont rapport\u00e9 que 217 morts apr\u00e8s le premier jour et que ce chiffre n\u2019a jamais augment\u00e9 par la suite<\/em>\u00bb. Des militaires m\u2019ont dit directement qu\u2019il y avait eu beaucoup plus de morts que ce qui avait \u00e9t\u00e9 annonc\u00e9. Le m\u00eame ouvrier a rapport\u00e9 que m\u00eame s\u2019il ne pleuvait pas, un torrent d\u2019eau a commenc\u00e9 \u00e0 entrer dans la ville \u00e0 18 heures, et \u00e0 21 heures, il avait atteint son niveau maximal, \u00e0 environ 2 m\u00e8tres. Avec ce chiffre, il faut garder \u00e0 l\u2019esprit que les Espagnols sont en moyenne plus petits que les Am\u00e9ricains, en particulier les femmes et les personnes \u00e2g\u00e9es, et que leurs voitures sont g\u00e9n\u00e9ralement plus basses et plus compactes. Afin d\u2019\u00eatre t\u00e9moin oculaire de cet \u00e9v\u00e9nement important, je me suis rendue dans la ville 20 jours plus tard et j\u2019ai photographi\u00e9 les traces laiss\u00e9es par le niveau de l\u2019eau sur les murs. La marque droite visible d\u2019argile rouge, qui n\u2019a certainement \u00e9t\u00e9 laiss\u00e9e qu\u2019apr\u00e8s le d\u00e9but du retrait des eaux, s\u2019\u00e9levait \u00e0 au moins deux m\u00e8tres \u00e0 Paiporta et dans d\u2019autres villes, mais atteignait jusqu\u2019\u00e0 deux m\u00e8tres cinquante dans les rues situ\u00e9es \u00e0 un niveau inf\u00e9rieur, et trois fois plus si vous vous trouviez dans un garage souterrain. Pablo Corrado m\u2019a racont\u00e9 :<\/p>\n<p>\u00ab<em>Mon beau-p\u00e8re \u00e9tait en train de poser les briques du trottoir devant sa maison lorsque l\u2019eau a commenc\u00e9 \u00e0 s\u2019engouffrer. Voyant l\u2019eau, il a commenc\u00e9 \u00e0 l\u2019utiliser pour son m\u00e9lange de ciment, et je lui ai dit : \u00abQu\u2019est-ce que tu fais ? Rentre \u00e0 l\u2019int\u00e9rieur\u00bb. Nous nous sommes rapidement retrouv\u00e9s avec de l\u2019eau jusqu\u2019aux genoux, mais \u00e0 l\u2019ext\u00e9rieur, l\u2019eau \u00e9tait mont\u00e9e jusqu\u2019\u00e0 mi-hauteur de la fen\u00eatre. Je lui ai dit que nous devions le d\u00e9placer, lui et sa femme, \u00e0 mon \u00e9tage au cas o\u00f9 la fen\u00eatre se briserait. J\u2019ai \u00e9galement appel\u00e9 ma femme pour lui dire de ne pas revenir en ville \u00e0 cause des inondations, mais elle ne m\u2019a pas cru. Elle a essay\u00e9 de rentrer en voiture, mais elle s\u2019est rapidement retrouv\u00e9e \u00e0 flotter, incapable de man\u0153uvrer le v\u00e9hicule, et a d\u00fb sortir. Et voil\u00e0 comment sa voiture a fini<\/em>\u00bb.<\/p>\n<p>Corrado a sorti son t\u00e9l\u00e9phone et a montr\u00e9 \u00e0 Ismael Gramage, mon guide valencien, homme d\u2019affaires et scientifique, qui a r\u00e9sum\u00e9 les statistiques de la conf\u00e9d\u00e9ration de l\u2019eau, et \u00e0 moi-m\u00eame une photo du v\u00e9hicule noir de sa femme, une sorte de mini-fourgonnette. Il \u00e9tait retourn\u00e9.<\/p>\n<p>\u00abGota Fria\u00bb se traduit le plus facilement en anglais par l\u2019expression \u00abcold sweat\u00bb (sueur froide). Pourtant, en pr\u00e9vision de ce nouveau type de temps, le terme a \u00e9t\u00e9 inexplicablement chang\u00e9 en <em>DANA<\/em>. <em>Gota Fria<\/em> \u00e9tait le terme utilis\u00e9 par les Espagnols pour d\u00e9crire le ph\u00e9nom\u00e8ne de pluie intense qui se d\u00e9veloppait en mer et se d\u00e9versait sur la terre. Cependant, ce qui est inhabituel dans ce cas, c\u2019est que la pluie s\u2019est d\u00e9velopp\u00e9e au-dessus de la terre, ce qui, comme vous le diront les Valenciens, n\u2019arrive jamais. Les habitants des r\u00e9gions plus enclav\u00e9es, comme ceux d\u2019Ar\u00e9valo, m\u2019ont expliqu\u00e9 que le terme \u00abDANA\u00bb leur \u00e9tait \u00e9galement impos\u00e9 pour d\u00e9signer ce qui a toujours \u00e9t\u00e9 appel\u00e9 \u00abborrasca\u00bb (bourrasque).<\/p>\n<h5 class=\"wp-block-heading\"><strong>Maldito Clima<\/strong><\/h5>\n<p><a target=\"_blank\" href=\"https:\/\/plumenclume.com\/2025\/11\/07\/a-valence-si-la-pluie-ne-vient-pas-du-ciel-par-alyssa-rangel\/Nace%20Maldito%20Clima%20para%20combatir%20la%20desinformaci%C3%B3n%20clim%C3%A1tica\"><em>Maldito Clima<\/em><\/a> (Maudit climat) est une page du site <a target=\"_blank\" href=\"http:\/\/maldita.es\/\">http:\/\/maldita.es<\/a> (site de \u00abv\u00e9rification des faits\u00bb) \u00a0d\u00e9di\u00e9e \u00e0 la lutte contre la d\u00e9sinformation et \u00e0 faire taire toute \u00a0r\u00e9flexion sur les technologies d\u2019ing\u00e9nierie climatique\u00a0; cette page a r\u00e9pondu aux accusations selon lesquelles les inondations auraient \u00e9t\u00e9 provoqu\u00e9es en niant simplement cette affirmation. Ce site web a \u00e9galement d\u00e9clar\u00e9 que la th\u00e9orie du complot (bas\u00e9e sur le primat n\u00e9gatif, la tendance psychologique \u00e0 privil\u00e9gier\u00a0les exp\u00e9riences n\u00e9gatives), qui, selon l\u2019auteur (ou les auteurs), postule que les \u00e9lites planifient des catastrophes naturelles et de grandes trag\u00e9dies, puis informent le public des \u00e9v\u00e9nements \u00e0 venir par le biais de la fiction, \u00e9tait totalement infond\u00e9e car \u00ab\u00e0 aucun moment\u00bb il n\u2019avait \u00e9t\u00e9 \u00e9tabli par la moindre preuve que la DANA ait \u00e9t\u00e9 provoqu\u00e9e par l\u2019homme. Je r\u00e9pondrais qu\u2019il est plus probable que les \u00e9lites se racontent publiquement des histoires de ce genre afin de planifier, de se vanter ou de s\u2019avertir mutuellement. <em>Maldito Clima<\/em> s\u2019en est ensuite pris aux termes m\u00eames utilis\u00e9s pour d\u00e9crire le ph\u00e9nom\u00e8ne, affirmant que \u00abGota Fria\u00bb et \u00abDANA\u00bb ne sont pas des termes tr\u00e8s scientifiques ni pr\u00e9cis pour d\u00e9crire des \u00e9v\u00e9nements m\u00e9t\u00e9orologiques, avant d\u2019admettre que les m\u00e9dias ont remplac\u00e9 le terme <em>Gota Fria<\/em> par <em>DANA<\/em> \u00ab<em>bien qu\u2019ils ne d\u00e9signent pas la m\u00eame chose<\/em>\u00bb. C\u2019est vrai, les Valenciens ont manifest\u00e9 une confusion \u00e9vidente face au changement soudain de terminologie et au changement soudain dans le comportement de la \u00abGota Fria\u00bb. Cette manipulation du langage \u00e9tait n\u00e9cessaire pour emp\u00eacher les Espagnols de comparer ce qu\u2019ils savent des \u00e9v\u00e9nements typiques de la \u00abGota Fria\u00bb avec l\u2019\u00e9v\u00e9nement exceptionnel qui s\u2019est produit. Le message \u00e9tait clair : \u00ab<em>Vous ne savez pas. Vous ne pouvez pas savoir. \u00abC\u2019est nous qui savons\u00bb et \u00abArr\u00eatez de parler\u00bb<\/em>\u00bb.<\/p>\n<p><em>Maldito Clima<\/em> affirme ensuite cat\u00e9goriquement qu\u2019il n\u2019existe aucune preuve de manipulation climatique par l\u2019utilisation de chemtrails, de la technologie HAARP ou de quoi que ce soit provenant \u00abdu Maroc\u00bb. Pourtant, l\u2019article n\u2019explique pas comment ni pourquoi la technologie HAARP et le Maroc ont \u00e9t\u00e9 cit\u00e9s ensemble dans la m\u00eame phrase, et encore moins pourquoi ils n\u2019avaient rien \u00e0 voir avec l\u2019\u00e9v\u00e9nement. La raison pour laquelle ils sont utilis\u00e9s dans la m\u00eame phrase est que les Valenciens indiquaient que la technologie HAARP existait au Maroc et \u00e9tait \u00e0 l\u2019origine des tremblements de terre d\u00e9vastateurs qui ont frapp\u00e9 le Maroc en 2023, tuant 2950 personnes, en blessant plus de 5000 et laissant 380 000 personnes sans abri. Le tremblement de terre de magnitude 6,8 avait frapp\u00e9 un an plus t\u00f4t, le 8 septembre 2023.<\/p>\n<p>Le Maroc est important car il contr\u00f4le \u00e9galement les c\u00f4tes de la M\u00e9diterran\u00e9e et se trouve \u00e0 proximit\u00e9 du d\u00e9troit de Gibraltar, qui appartient \u00e0 la Grande-Bretagne. Apr\u00e8s le tremblement de terre au Maroc, l\u2019arm\u00e9e espagnole est arriv\u00e9e en quelques heures pour aider \u00e0 la reconstruction. Ce fait a suscit\u00e9 l\u2019indignation un an plus tard, lorsque l\u2019arm\u00e9e espagnole n\u2019a pas \u00e9t\u00e9 envoy\u00e9e \u00e0 Valence. L\u2019\u00c9tat l\u2019avait exig\u00e9. L\u2019\u00c9tat \u00e9tait-il donc impliqu\u00e9 dans la cause du tremblement de terre ? Comme nous le verrons, l\u2019une des tactiques de la guerre moderne consiste \u00e0 provoquer une catastrophe, puis \u00e0 venir en aide aux victimes.<\/p>\n<ul class=\"wp-block-list\">\n<li>Apr\u00e8s un court article cens\u00e9 expliquer la catastrophe \u00abnaturelle\u00bb, l\u2019auteur assure \u00e0 ses lecteurs que <a target=\"_blank\" href=\"http:\/\/maldita.es\/\">Maldita.es<\/a> se consacre \u00e0 d\u00e9m\u00ealer les mensonges et la d\u00e9sinformation concernant la DANA. Il est n\u00e9cessaire, poursuit l\u2019auteur (ou les auteurs), de ne suivre que les sites d\u2019information officiels et de ne pas partager de d\u00e9sinformation. Comme sur d\u2019autres pages web consacr\u00e9es sp\u00e9cifiquement \u00e0 la d\u00e9sinformation, <a target=\"_blank\" href=\"http:\/\/maldita.es\/\">Maldita.es<\/a> conseille au lecteur de lui envoyer toutes les informations douteuses sur Whatsapp (+34 644 222 93 19) afin d\u2019obtenir la v\u00e9rification des mensonges ou des <em>bulas<\/em> (rumeurs). Les pages web du site se terminent par le conseil \u00abHazte maldito, Hazte maldita\u00bb, ce qui peut se traduire \u00a0par \u00abAdh\u00e8re \u00e0 <a target=\"_blank\" href=\"http:\/\/maldita.es\/\">Maldita.es<\/a>\u00bb, ou \u00abSois plus malin avec nous\u00bb ou encore \u00abMaudite soit l\u2019Espagne\u00bb. Aux \u00c9tats-Unis, les publicit\u00e9s f\u00e9d\u00e9rales ont v\u00e9hicul\u00e9 le m\u00eame message pendant plus d\u2019un mois apr\u00e8s les catastrophes de Valence et de Caroline du Nord.<\/li>\n<\/ul>\n<h5 class=\"wp-block-heading\"><strong>Injections d\u2019a\u00e9rosols dans la stratosph\u00e8re, \u00e9galement appel\u00e9es <em>chemtrails<\/em><\/strong><\/h5>\n<p>Avant d\u2019examiner les preuves recueillies par les Valenciens pour d\u00e9montrer que ce nouveau ph\u00e9nom\u00e8ne m\u00e9t\u00e9orologique \u00e9tait orchestr\u00e9 ou provoqu\u00e9 par l\u2019homme, nous devons d\u2019abord nous demander si la modification du climat est bien quelque chose de r\u00e9el. Peut-elle cibler des endroits sp\u00e9cifiques, et pourquoi est-elle si myst\u00e9rieuse ? Pourquoi, par exemple, les chemtrails, qui sont quotidiens et abondants en Am\u00e9rique, en Grande-Bretagne, en Allemagne, en France, en Espagne et dans d\u2019autres pays, sont-ils si myst\u00e9rieux ? Qu\u2019en est-il des instruments moins observ\u00e9s, tels que les antennes HAARP ou ces usines cl\u00f4tur\u00e9es que les Am\u00e9ricains longent en voiture et qui rejettent des panaches de nuages blancs dans l\u2019air 24 heures sur 24 ?<\/p>\n<p>Kristen Meghan, v\u00e9t\u00e9ran et sp\u00e9cialiste de l\u2019environnement dans l\u2019arm\u00e9e de l\u2019air am\u00e9ricaine pendant neuf ans, a expliqu\u00e9 dans une interview accord\u00e9e \u00e0 <em><a target=\"_blank\" href=\"http:\/\/kla.tv\/\">kla.tv<\/a><\/em> le 6 juillet 2024 que ses coll\u00e8gues appelaient l\u2019ing\u00e9nierie climatique \u00abg\u00e9o-ing\u00e9nierie\u00bb. Meghan travaillait dans un bureau d\u2019ing\u00e9nierie bio-environnementale qui approuvait les produits chimiques utilis\u00e9s dans les \u00abinjections d\u2019a\u00e9rosols stratosph\u00e9riques\u00bb, ce que les civils appellent \u00abchemtrails\u00bb, mais elle a d\u00fb enqu\u00eater elle-m\u00eame sur l\u2019objectif r\u00e9el des produits chimiques qu\u2019elle approuvait.<\/p>\n<p>Selon Kristen Meghan, la \u00abg\u00e9o-ing\u00e9nierie\u00bb n\u2019est pas seulement un myst\u00e8re pour les civils, mais les faits sont cach\u00e9s et dissimul\u00e9s m\u00eame pour les responsables de l\u2019arm\u00e9e de l\u2019air comme elle. Meghan, dont le travail consistait \u00e0 \u00e9valuer les \u00e9quipements de protection individuelle n\u00e9cessaires pour manipuler et transporter correctement les produits chimiques dangereux, a commenc\u00e9 \u00e0 soup\u00e7onner l\u2019objectif de ces m\u00eames produits chimiques et s\u2019est demand\u00e9 : \u00abPourquoi modifierions-nous le climat en utilisant des mati\u00e8res dangereuses dans notre atmosph\u00e8re ?\u00bb Apr\u00e8s avoir approfondi la question, Meghan a d\u00fb faire marche arri\u00e8re. Lors de l\u2019interview avec <em><a target=\"_blank\" href=\"http:\/\/kla.tv\/\">kla.tv<\/a><\/em>, elle a expliqu\u00e9 qu\u2019il existe plusieurs formes de modification du temps, qu\u2019elle a qualifi\u00e9es de g\u00e9o-ing\u00e9nierie. Meghan a d\u00e9clar\u00e9 avoir \u00ab<em>sp\u00e9cifiquement rep\u00e9r\u00e9 ce qui concerne<\/em> <em>l\u2019injection d\u2019a\u00e9rosols dans la stratosph\u00e8re<\/em>\u00bb, qui est d\u00e9sormais ouvertement et publiquement d\u00e9fendue comme utile pour lutter contre le \u00abchangement climatique\u00bb, m\u00eame si son objectif est en fait de provoquer le changement climatique. Lorsque l\u2019interviewer lui a demand\u00e9 quels types de produits chimiques \u00e9taient inject\u00e9s dans l\u2019atmosph\u00e8re, Meghan a \u00e9num\u00e9r\u00e9 les m\u00e9taux pulv\u00e9ris\u00e9s sous forme de nanoparticules, notamment l\u2019aluminium, les sulfates, le baryum, le chrome, \u00ab<em>et maintenant<\/em>\u00bb, a-t-elle d\u00e9clar\u00e9 avec un air perplexe, \u00ab<em>l\u2019iodure d\u2019argent<\/em>\u00bb. Apparemment, le produit chimique utilis\u00e9 dans les <em>chemtrails<\/em> n\u2019\u00e9tait pas celui que Meghan avait recens\u00e9 lorsqu\u2019elle travaillait pour le Bureau d\u2019ing\u00e9nierie bio-environnementale, mais pourquoi devrions-nous nous attendre \u00e0 ce que les entreprises int\u00e9ress\u00e9es ou l\u2019arm\u00e9e admettent pulv\u00e9riser quotidiennement des produits chimiques dangereux sur les civils, entra\u00eenant la perte de vies, de moyens de subsistance et de culture ? Pendant la pand\u00e9mie, par exemple, le gouvernement espagnol a affirm\u00e9 sur son site web officiel que les chemtrails lib\u00e9r\u00e9s dans l\u2019atmosph\u00e8re \u00e9taient un type de d\u00e9sinfectant contre la Covid pour le public. Comme disent les Espagnols, \u00ab<em>pura bula<\/em>\u00bb (du baratin).<\/p>\n<p>Meghan a fait valoir que la quantit\u00e9 et la forme de ces substances ne sont pas sans danger ; il s\u2019agit du type de produits chimiques qu\u2019on lui a appris \u00e0 \u00e9liminer de l\u2019environnement en tant que \u00absubstances toxiques\u00bb qui ne peuvent \u00eatre filtr\u00e9es par les stations d\u2019\u00e9puration des eaux us\u00e9es. Elle a d\u00e9clar\u00e9 que les survols continus provoquaient des maladies neurologiques et des probl\u00e8mes respiratoires. Meghan a soulign\u00e9 : \u00ab<em>Ce ne sont pas de petites quantit\u00e9s<\/em>\u00bb, et cela se retrouve dans les aliments et le sol. Meghan a ensuite \u00e9voqu\u00e9 les graves inondations qui ont eu lieu en Californie et a recommand\u00e9 aux parties int\u00e9ress\u00e9es de se pencher \u00e9galement sur la technologie HAARP des \u00c9tats-Unis, ou antennes du programme de recherche aurorale active \u00e0 haute fr\u00e9quence, qui ont \u00e9t\u00e9 initialement construites \u00e0 Gakona, en Alaska, par l\u2019arm\u00e9e de l\u2019air et la marine am\u00e9ricaines afin d\u2019\u00e9tudier l\u2019ionosph\u00e8re et de tester les effets du chauffage ou de l\u2019envoi d\u2019ondes radio dans cette partie de l\u2019atmosph\u00e8re \u00e0 l\u2019aide d\u2019un \u00ab<em>\u00e9metteur haute puissance et haute fr\u00e9quence<\/em>\u00bb. Le programme a ensuite \u00e9t\u00e9 transf\u00e9r\u00e9 \u00e0 l\u2019universit\u00e9 d\u2019Alaska \u00e0 Fairbanks, mais le site web du HAARP admet qu\u2019il y a toujours des panneaux de l\u2019arm\u00e9e de l\u2019air autour de la technologie, car les 1158 acres (au moins) appartiennent toujours \u00e0 l\u2019arm\u00e9e de l\u2019air. Aujourd\u2019hui, le HAARP en Alaska admet collaborer avec les ing\u00e9nieurs des syst\u00e8mes radar de la NASA pour \u00e9tudier, entre autres, l\u2019int\u00e9rieur des ast\u00e9ro\u00efdes \u00e0 l\u2019aide d\u2019ondes radio qui sont ensuite capt\u00e9es par les cinq continents. \u00c0 la suite du \u00abcyclone explosif\u00bb qui a frapp\u00e9 le nord de la Californie en novembre et du s\u00e9isme de magnitude 7 survenu le 5 d\u00e9cembre 2024, je me pose la question\u00a0: si l\u2019int\u00e9rieur des ast\u00e9ro\u00efdes et la r\u00e9partition de leur poids peuvent \u00eatre d\u00e9termin\u00e9s dans le but de modifier leur trajectoire, pourquoi HAARP nie-t-il que les failles et les plaques tectoniques sont \u00e9tudi\u00e9es dans le but de modifier \u00e9ventuellement leurs mouvements ? Le site web officiel de HAARP admet qu\u2019il existe deux couches de l\u2019atmosph\u00e8re qui \u00ab<em>produisent le climat terrestre<\/em>\u00bb, mais affirme ensuite qu\u2019il n\u2019envisagerait pas d\u2019intervenir ni sur la \u00ab<em>troposph\u00e8re ni sur la stratosph\u00e8re<\/em>\u00bb. Cela est peut-\u00eatre vrai, mais nous avons la preuve que le secr\u00e9taire am\u00e9ricain \u00e0 la D\u00e9fense, William S. Cohen, fils d\u2019un immigrant (juif) russe, a d\u00e9clar\u00e9 dans un discours prononc\u00e9 \u00e0 l\u2019universit\u00e9 de G\u00e9orgie en 1997 que les tremblements de terre et les volcans pouvaient \u00eatre d\u00e9clench\u00e9s \u00e0 distance gr\u00e2ce \u00e0 l\u2019utilisation d\u2019\u00abondes \u00e9lectromagn\u00e9tiques\u00bb. Cela correspond \u00e0 l\u2019intention d\u00e9clar\u00e9e dans le brevet am\u00e9ricain n\u00b0 4 686 605 du 11 ao\u00fbt 1987.<\/p>\n<p>En r\u00e9alit\u00e9, la technologie de modification du temps est utilis\u00e9e depuis la Seconde Guerre mondiale. Nous avons des preuves tir\u00e9es du <em>Daily News<\/em>, un journal de Charlotte Amalie, dans les \u00celes Vierges am\u00e9ricaines, n\u00b0 8075 du 17 septembre 1947, que l\u2019arm\u00e9e, la marine et la General Electric Company collaboraient \u00e0 une \u00ab<em>exp\u00e9rience m\u00e9t\u00e9orologique audacieuse<\/em>\u00bb appel\u00e9e Project Cirrus pour \u00e9tudier les ouragans. Le m\u00eame journal a admis que l\u2019iodure d\u2019argent avait \u00e9t\u00e9 utilis\u00e9 \u00e0 Tucson de 1950 \u00e0 1952 dans le cadre d\u2019une exp\u00e9rience qui a permis d\u2019augmenter les pr\u00e9cipitations de 120 \u00e0 125%.<\/p>\n<p>Un rapport historique ult\u00e9rieur sur le projet Cirrus publi\u00e9 en 1952 confirmait de la m\u00eame mani\u00e8re que le 13 octobre 1947, General Electric, ainsi que l\u2019arm\u00e9e am\u00e9ricaine, le Bureau de recherche navale et le Bureau m\u00e9t\u00e9orologique am\u00e9ricain avaient largu\u00e9 200 livres de glace carbonique dans un cyclone tropical \u00e0 350 miles \u00e0 l\u2019est de Jacksonville, en Floride : \u00ab<em>Peu apr\u00e8s l\u2019ensemencement, l\u2019ouragan a brusquement bifurqu\u00e9 vers le sud-est des \u00c9tats-Unis<\/em>\u00bb. L\u2019\u00e9quipage a rapport\u00e9 :<\/p>\n<p>\u00ab<em>Au lieu de se dissiper, la temp\u00eate a brusquement bifurqu\u00e9 de pr\u00e8s de 130 degr\u00e9s vers l\u2019ouest et s\u2019est abattue sur [Savanah] en G\u00e9orgie, o\u00f9 elle a caus\u00e9 2 millions de dollars de d\u00e9g\u00e2ts. Des menaces de poursuites judiciaires ont rapidement suivi, les habitants de G\u00e9orgie reprochant au gouvernement d\u2019\u00eatre responsable de ces ravages<\/em>\u00bb.<\/p>\n<p>Le 1er mai 1955, Irving Langmuir, directeur du d\u00e9partement de recherche atmosph\u00e9rique de General Electric, a confirm\u00e9 dans le <em>Lincoln Journal Star<\/em> que cette exp\u00e9rience avait bien eu lieu le 13 octobre 1947 et a admis que les inondations de la rivi\u00e8re Kansas en 1951 pouvaient \u00e9galement \u00eatre attribu\u00e9es \u00e0 l\u2019ensemencement des nuages.<\/p>\n<p>Les exp\u00e9riences se sont poursuivies et, en 1965, le projet Stormfury a cibl\u00e9 l\u2019ouragan Betsy pour l\u2019ensemencer. Au lieu de frapper la Caroline du Sud comme pr\u00e9vu, \u00ab<em>la temp\u00eate s\u2019est arr\u00eat\u00e9e<\/em>\u00bb et \u00ab<em>a travers\u00e9 les Bahamas<\/em>\u00bb et \u00ab<em>le sud de la Floride<\/em>\u00bb. Les photos des ravages caus\u00e9s par l\u2019ouragan Betsy montrent des v\u00e9hicules submerg\u00e9s jusqu\u2019au toit.<\/p>\n<p>Les brevets technologiques constituent une preuve suppl\u00e9mentaire de la g\u00e9o-ing\u00e9nierie. Le brevet am\u00e9ricain 3613992 de 1971 prot\u00e8ge les satellites influen\u00e7ant le climat. Le brevet am\u00e9ricain 4686605 de 1987, d\u00e9pos\u00e9 par Bernard Eastlund, concerne un appareil permettant de \u00ab<em>modifier une r\u00e9gion de l\u2019atmosph\u00e8re, de l\u2019ionosph\u00e8re et\/ou de la magn\u00e9tosph\u00e8re terrestres<\/em>\u00bb. Le brevet am\u00e9ricain 5003186A de 1991 pour l\u2019ensemencement stratosph\u00e9rique Welsbach est cens\u00e9 \u00abr\u00e9duire\u00bb le r\u00e9chauffement climatique en manipulant la chaleur et donc la pression.<\/p>\n<p>Le 28 avril 1997, le secr\u00e9taire am\u00e9ricain \u00e0 la D\u00e9fense, William S. Cohen, a non seulement admis que les ondes \u00e9lectromagn\u00e9tiques pouvaient d\u00e9clencher des tremblements de terre et des activit\u00e9s volcaniques, comme mentionn\u00e9 ci-dessus, mais il a \u00e9galement d\u00e9clar\u00e9 que \u00ab<em>certains scientifiques<\/em>\u00bb mettaient au point des agents pathog\u00e8nes et des insectes \u00ab<em>sp\u00e9cifiques \u00e0 certaines ethnies<\/em>\u00bb qui pouvaient d\u00e9truire des cultures sp\u00e9cifiques. Il est important de souligner, pour mon argumentation, que le p\u00e8re de Cohen s\u2019est assur\u00e9 que son fils soit \u00ab<em>\u00e9lev\u00e9 dans la religion juive, fr\u00e9quente une synagogue et suive \u00e9galement des cours \u00e0 l\u2019\u00e9cole h\u00e9bra\u00efque en vue de sa bar mitzvah<\/em>\u00bb.<\/p>\n<p>Co\u00efncidence ou non, de 1972 \u00e0 1989, alors que l\u2019Espagne connaissait l\u2019apog\u00e9e sur son sol d\u2019un terrorisme soutenu par la CIA, elle subissait \u00e9galement des inondations catastrophiques dans le bassin du Segura, sur les c\u00f4tes sud-est et dans d\u2019autres villes importantes. Si tel est le cas, cela co\u00efnciderait avec la guerre des \u00c9tats-Unis au Vietnam, au cours de laquelle la CIA avait \u00a0assassin\u00e9 le pr\u00e9sident catholique et aristocratique du Sud-Vietnam, Ngo Dinh Diem. L\u2019op\u00e9ration Popeye men\u00e9e par les \u00c9tats-Unis au Nord-Vietnam a donn\u00e9 lieu \u00e0 plus de 2600 missions d\u2019ensemencement des nuages qui ont prolong\u00e9 la saison de la mousson et auraient augment\u00e9 les pr\u00e9cipitations de 30%. Le terrorisme en Espagne a commenc\u00e9 de mani\u00e8re tr\u00e8s publique avec l\u2019assassinat spectaculaire, en 1973, du successeur du g\u00e9n\u00e9ral Franco, Luis Carrero Blanco. Apr\u00e8s une r\u00e9union de huit heures au cours de laquelle Blanco n\u2019avait pas r\u00e9ussi \u00e0 s\u2019entendre avec le secr\u00e9taire d\u2019\u00c9tat am\u00e9ricain Henry Kissinger sur les armes nucl\u00e9aires et d\u2019autres questions, la voiture de Blanco a explos\u00e9 \u00e0 cent m\u00e8tres (un p\u00e2t\u00e9 de maisons) de l\u2019ambassade am\u00e9ricaine. Elle a \u00e9t\u00e9 projet\u00e9e \u00e0 environ deux m\u00e8tres dans les airs et a atterri \u00e0 l\u2019int\u00e9rieur des murs d\u2019un monast\u00e8re.<\/p>\n<p>Les inondations de 1982 et la \u00abRiada\u00bb du 4 novembre 1987, de Valence \u00e0 Orihuela (au-del\u00e0 de la ville d\u2019Alicante) par exemple (crue), sont encore comm\u00e9mor\u00e9es. Un agriculteur qui devait avoir une cinquantaine d\u2019ann\u00e9es lorsque les inondations se sont produites et qui n\u2019avait pas dormi pendant quatre jours, terrifi\u00e9 \u00e0 l\u2019id\u00e9e de perdre ses troupeaux, se souvient que sa m\u00e8re \u00e2g\u00e9e avait mentionn\u00e9 qu\u2019elle n\u2019avait jamais connu d\u2019inondations semblables de toute sa vie. Un restaurant marocain que j\u2019ai visit\u00e9 dans le centre de Valence en novembre 2024 marque encore l\u2019endroit o\u00f9 l\u2019eau est mont\u00e9e ce jour-l\u00e0 en 1987 avec un carreau \u00e0 environ 2,7 m\u00e8tres au-dessus du sol sur lequel est inscrit \u00ab<em>Hasta Aqu\u00ed Lleg\u00f3 el Agua<\/em>\u00bb (l\u2019eau est mont\u00e9e jusqu\u2019ici). Ce jour-l\u00e0, l\u2019arm\u00e9e espagnole a aid\u00e9 activement les citoyens \u00e0 \u00e9vacuer et les a sortis des eaux \u00e0 l\u2019aide d\u2019h\u00e9licopt\u00e8res. En 2024, l\u2019arm\u00e9e, qui est stationn\u00e9e \u00e0 proximit\u00e9, n\u2019est arriv\u00e9e qu\u2019un jour plus tard. De nombreux Valenciens affirment qu\u2019ils ne sont arriv\u00e9s qu\u2019une semaine plus tard, et qu\u2019il s\u2019agissait principalement de b\u00e9n\u00e9voles, ce qui signifie qu\u2019ils ne disposaient pas du mat\u00e9riel n\u00e9cessaire pour reconstruire les infrastructures. Cet acte, qui ressemble fortement aux \u00e9v\u00e9nements survenus dans l\u2019ouest de la Caroline du Nord, d\u00e9note une intention malveillante de la part du gouvernement. Les personnes pr\u00e9sentes sur le terrain en Caroline du Nord, telles que les Christian Rangers, Louisiana Cajun Navy et Save Our Allies, peuvent t\u00e9moigner que l\u2019objectif de la FEMA semblait \u00eatre de laisser p\u00e9rir le plus de personnes possible. Peu d\u2019efforts ont \u00e9t\u00e9 d\u00e9ploy\u00e9s \u00e0 Valence et en Caroline du Nord pour r\u00e9cup\u00e9rer les corps des victimes dans les coul\u00e9es de boue et lors des inondations soudaines qui ont suivi l\u2019ouverture des barrages remplis d\u2019eau, car si les personnes disparues ne sont pas retrouv\u00e9es et identifi\u00e9es, elles ne peuvent pas \u00eatre ajout\u00e9es au nombre officiel de morts. Dans le cas de la Caroline du Nord, les ressources ont souvent \u00e9t\u00e9 confisqu\u00e9es et les b\u00e9n\u00e9voles ont \u00e9t\u00e9 refoul\u00e9s.<\/p>\n<p>Il est important de noter qu\u2019\u00e0 l\u2019\u00e9poque, la FEMA \u00e9tait sous le contr\u00f4le d\u2019Alejandro N. Mayorkas, secr\u00e9taire du d\u00e9partement am\u00e9ricain de la S\u00e9curit\u00e9 int\u00e9rieure (comme c\u2019est le cas depuis l\u2019ouragan Katrina). Bien que Mayorkas soit n\u00e9 \u00e0 La Havane, \u00e0 Cuba, et soit pr\u00e9sent\u00e9 comme un Hispanique, il est n\u00e9 de parents juifs et a grandi \u00e0 Beverly Hills, \u00e0 Los Angeles, en Californie. Interrog\u00e9 sur la Caroline du Nord, Mayorkas a r\u00e9pondu : \u00ab<em>Mon Dieu, vous savez<\/em>\u00bb, les \u00c9tats-Unis n\u2019\u00e9taient pas pr\u00eats \u00e0 faire face \u00e0 \u00ab<em>la gravit\u00e9 et la fr\u00e9quence des ph\u00e9nom\u00e8nes m\u00e9t\u00e9orologiques extr\u00eames<\/em>\u00bb qui \u00ab<em>n\u2019ont fait que s\u2019intensifier au fil des ans<\/em>\u00bb. Non seulement Mayorkas est impliqu\u00e9 dans le meurtre de civils, comme George Soros, mais il a \u00e9galement \u00e9t\u00e9 accus\u00e9 de rediriger des ressources vers des immigrants ill\u00e9gaux.<\/p>\n<p>Dans \u00ab<em>Unleashing the Storm : The Secret History of Weather as a Weapon<\/em>\u00bb (D\u00e9cha\u00eener la temp\u00eate : l\u2019histoire secr\u00e8te de la m\u00e9t\u00e9o comme arme), Joey Gilbert fournit des preuves d\u00e9classifi\u00e9es provenant du d\u00e9partement d\u2019\u00c9tat am\u00e9ricain et de la CIA concernant les op\u00e9rations militaires am\u00e9ricaines qui avaient manipul\u00e9 les conditions m\u00e9t\u00e9orologiques pendant la guerre. De 1967 \u00e0 1972, l\u2019op\u00e9ration Popeye a utilis\u00e9 de l\u2019iodure d\u2019argent pour provoquer des pr\u00e9cipitations au Nord-Vietnam. Parmi les autres \u00ab<em>op\u00e9rations m\u00e9t\u00e9orologiques notables<\/em>\u00bb, on peut citer : le projet Stormfury (1962-1983) pour contr\u00f4ler les ouragans ; le programme sovi\u00e9tique Snow Seeding (ann\u00e9es 1940-1950), la bataille d\u2019Angleterre (1940) et le programme Fog Control (ann\u00e9es 1940) pendant la Seconde Guerre mondiale pour dissimuler les op\u00e9rations alli\u00e9es telles que le d\u00e9barquement en Normandie. Joey Gilbert note dans ses sources que le Trait\u00e9 de 1977 des Nations unies sur l\u2019interdiction des techniques de modification de l\u2019environnement (ENMOD) et les \u00abAudiences sur la modification du climat\u00bb qui ont eu lieu \u00e0 Washington, D.C. ont d\u00e9fini les techniques de modification de l\u2019environnement comme des techniques qui manipulent d\u00e9lib\u00e9r\u00e9ment \u00ab<em>la dynamique, la composition ou la structure de la Terre, y compris sa biote, sa lithosph\u00e8re, son hydrosph\u00e8re et son atmosph\u00e8re<\/em>\u00bb.<\/p>\n<p>Joey Gilbert souligne \u00e9galement que la modification du climat est accessible au public. Si, par exemple, vous souhaitez une journ\u00e9e ensoleill\u00e9e pour votre r\u00e9ception de mariage haut de gamme ou un temps parfait pendant votre lune de miel\/vos vacances, vous pouvez contacter une agence de voyage bas\u00e9e au Royaume-Uni, Oliver\u2019s Travels, et acheter leurs services d\u2019ensemencement des nuages qui, pour 100 000 dollars, vous garantissent un ciel d\u00e9gag\u00e9 (mais uniquement en France), sauf en cas de \u00abcatastrophe naturelle\u00bb. Selon le site web <em>The State Journal-Register<\/em>, les nuages de pluie potentiels sont dispers\u00e9s \u00e0 l\u2019avance par l\u2019agence de voyage lorsque \u00abl\u2019iodure d\u2019argent\u00bb provoque la condensation des nuages et la chute de la pluie. Un site web de <em>CNN<\/em> a annonc\u00e9 en 2016 que l\u2019entreprise facturait 150 000 dollars et exigeait un pr\u00e9avis de six semaines. Toutefois, selon le site web de <em>CNN<\/em>, ce sont des sels tels que le chlorure de sodium qu\u2019Oliver\u2019s Travels dispersait directement dans les \u00ab<em>cumulus imposants<\/em>\u00bb ou \u00ab<em>cumulonimbus<\/em>\u00bb, ainsi que de la \u00ab<em>fum\u00e9e<\/em>\u00bb. On peut commencer \u00e0 soup\u00e7onner que quelque chose ne va pas dans ces explications scientifiques lorsqu\u2019on consid\u00e8re le fait que quelque chose est dispers\u00e9 toute la journ\u00e9e et tous les jours au-dessus des grandes et petites villes par ciel bleu clair.<\/p>\n<p>Une autre histoire de chemtrails est celle de Christopher W. En janvier 2023, un pilote de la Lufthansa a \u00e9t\u00e9 licenci\u00e9 apr\u00e8s qu\u2019une enqu\u00eate a r\u00e9v\u00e9l\u00e9 qu\u2019il n\u2019avait pas activ\u00e9 le syst\u00e8me de chemtrails pendant plus de trente vols intra-europ\u00e9ens par scrupule. La Lufthansa est la compagnie a\u00e9rienne la plus riche d\u2019Europe et l\u2019un des membres fondateurs de la plus grande alliance a\u00e9rienne mondiale, Star Alliance. Le pilote de 36 ans, en proie \u00e0 un conflit int\u00e9rieur, a port\u00e9 l\u2019affaire devant le tribunal de Nuremberg, ce qui a co\u00fbt\u00e9 \u00e0 Lufthansa des centaines de millions d\u2019euros pour ce retard (plus que les fonds d\u2019aide accord\u00e9s \u00e0 l\u2019Italie et \u00e0 Valence r\u00e9unis), ainsi qu\u2019une perte dans l\u2019activit\u00e9 d\u2019ensemencement des nuages de Lufthansa en 2024, qui a \u00e9t\u00e9 transf\u00e9r\u00e9e \u00e0 son concurrent Ryanair, la compagnie qui dessert des destinations plus int\u00e9ressantes comme le Maroc, Isra\u00ebl, l\u2019Italie et Londres.<\/p>\n<p>Selon Joey Gilbert, l\u2019utilisation de chemtrails pour modifier le temps est \u00e9galement attest\u00e9e par le recours de la Chine \u00e0 des programmes de modification climatique afin de \u00ab<em>garantir des conditions favorables<\/em>\u00bb pour les Jeux olympiques de P\u00e9kin en 2008. De plus, l\u2019Organisation m\u00e9t\u00e9orologique mondiale (OMM) a d\u00e9clar\u00e9 que des \u00ab<em>technologies de modification climatique<\/em>\u00bb \u00e9taient utilis\u00e9es dans plus de 50 pays.<\/p>\n<p>Les sceptiques affirment que le monde est trop vaste pour que l\u2019on puisse manipuler le temps. D\u2019un autre c\u00f4t\u00e9, ce qui s\u2019est pass\u00e9 \u00e0 Valence venait de se produire en Caroline du Nord le mois pr\u00e9c\u00e9dent, y compris l\u2019ouverture inutile des vannes d\u2019un barrage. Dans le cas de la Caroline du Nord, le barrage du lac Lure a \u00e9t\u00e9 ouvert en raison d\u2019un \u00abrisque de rupture\u00bb, une affirmation qui s\u2019est av\u00e9r\u00e9e fausse par la suite. Les Espagnols ne pointaient toutefois pas seulement du doigt les chemtrails\/l\u2019ensemencement des nuages, mais aussi d\u2019autres technologies associ\u00e9es. Les Valenciens affirmaient que diverses antennes HAARP et militaires \u00e9taient situ\u00e9es dans les environs et auraient contribu\u00e9 au \u00abg\u00e9nocide\u00bb. L\u2019un de ces champs d\u2019antennes HAARP se trouvait apparemment au Maroc, soup\u00e7onn\u00e9 d\u2019avoir provoqu\u00e9 le tremblement de terre qui avait frapp\u00e9 ce pays un an plus t\u00f4t, le 8 septembre 2023. \u00c0 cette \u00e9poque, HAARP \u00e9tait \u00e9galement li\u00e9 aux tremblements de terre en Turquie, en Syrie et en Indon\u00e9sie.<\/p>\n<p>Au cours du m\u00eame mois, le Maroc a connu un tremblement de terre qui a fait pr\u00e8s de 3000 morts, tandis que la Gr\u00e8ce connaissait les \u00ab<em>pires pr\u00e9cipitations de son \u00abhistoire\u00bb<\/em>\u00bb. Les pluies ont touch\u00e9 Volos, P\u00e9lion, Trikala, Karditsa et la plaine de Thessalie. Selon la NASA, qui observait le tout depuis l\u2019espace gr\u00e2ce \u00e0 ses satellites et \u00e0 ceux de ses partenaires, il y a d\u2019abord eu des \u00ab<em>vagues de chaleur et des incendies<\/em>\u00bb inhabituelles, puis des \u00ab<em>pluies torrentielles<\/em>\u00bb qui se sont concentr\u00e9es sur la r\u00e9gion de Thessalie et ont provoqu\u00e9 \u00ab<em>des inondations catastrophiques en Espagne, en Gr\u00e8ce, en Bulgarie et en Turquie<\/em>\u00bb. Au cours de la temp\u00eate de quatre jours qui a commenc\u00e9 le 4 septembre et s\u2019est concentr\u00e9e sur la Gr\u00e8ce, \u00ab<em>les eaux ont submerg\u00e9 les maisons, transform\u00e9 les rues en rivi\u00e8res d\u00e9cha\u00een\u00e9es et emport\u00e9 des voitures jusqu\u2019\u00e0 la mer<\/em>\u00bb. La NASA a affirm\u00e9 que la temp\u00eate avait \u00e9t\u00e9 caus\u00e9e par un syst\u00e8me de haute pression pris en sandwich entre deux zones de basse pression, ce qui a provoqu\u00e9 76 cm de pluie, soit plus que la moyenne annuelle. La NASA conclut son rapport en admettant que la quantit\u00e9 totale de pluie n\u2019a pas pu \u00eatre enregistr\u00e9e car \u00ab<em>les stations m\u00e9t\u00e9orologiques ont cess\u00e9 de transmettre en raison de coupures de courant<\/em>\u00bb. De m\u00eame, dans le cas de Valence, les radars m\u00e9t\u00e9orologiques \u00e9taient hors service avant que la temp\u00eate ne se produise. Exactement un an plus tard, une mer de poissons morts et en d\u00e9composition obstruait les cours d\u2019eau grecs, ce qui a entra\u00een\u00e9 une \u00ab<em>baisse drastique du nombre de visiteurs<\/em>\u00bb. Cette attaque contre le tourisme a \u00e9t\u00e9 attribu\u00e9e aux inondations de 2023, lorsque des poissons d\u2019eau douce ont \u00e9t\u00e9 emport\u00e9s dans l\u2019oc\u00e9an, mais j\u2019aurais plut\u00f4t tendance \u00e0 l\u2019attribuer \u00e0 une explosion sous-marine. En 2024, nous avons eu des explosions volcaniques en Islande (sept depuis d\u00e9cembre 2023) et en Indon\u00e9sie les 27 octobre et novembre 2024, dates qui co\u00efncident avec les inondations catastrophiques en Espagne. Autre co\u00efncidence \u00a0dans toutes ces catastrophes simultan\u00e9es est que le public n\u2019en entend pas parler.<\/p>\n<p>Lorsque Zaid Musa Badwan, ing\u00e9nieur en m\u00e9catronique de l\u2019UNAM au Mexique, \u00e9galement PDG et cofondateur de Mediprint (impression 3D), a \u00e9t\u00e9 interrog\u00e9 sur le projet HAARP dans une interview accord\u00e9e en 2020 \u00e0\u00a0<em>!Qu\u00e9 tal Fernanda!<\/em>, il a commenc\u00e9 par expliquer que l\u2019histoire de l\u2019humanit\u00e9 est l\u2019histoire des guerres et que, par cons\u00e9quent, la technologie est toujours financ\u00e9e pour avoir des applications militaires. Les guerres acc\u00e9l\u00e8rent \u00e9galement la cr\u00e9ation de nouvelles technologies qui entra\u00eenent ensuite des changements g\u00e9opolitiques importants. Badwan a expliqu\u00e9 que comparer les technologies m\u00e9t\u00e9orologiques pass\u00e9es et actuelles revient \u00e0 comparer la diff\u00e9rence entre combattre avec un avion supersonique et un avion conventionnel, entre une mitrailleuse et un fusil, ou entre une bombe nucl\u00e9aire et une grenade \u00e0 main. Nous disposons, explique Badwan, de suffisamment d\u2019armes nucl\u00e9aires pour d\u00e9truire la plan\u00e8te enti\u00e8re 17 fois, mais les armes nucl\u00e9aires sont obsol\u00e8tes et les nouvelles armes importantes doivent rester cach\u00e9es, non seulement en ce qui concerne leur d\u00e9ploiement, mais aussi leur existence m\u00eame, a-t-il d\u00e9clar\u00e9 en r\u00e9f\u00e9rence au projet HAARP.<\/p>\n<p>La technologie HAARP repose sur une antenne radio gigantesque, dont le but \u00e9tait de communiquer avec des sous-marins nucl\u00e9aires situ\u00e9s en profondeur sous la mer. L\u2019objectif d\u00e9clar\u00e9 de ce projet de 300 millions de dollars \u00e9tait \u00e9galement de permettre aux Marines et \u00e0 l\u2019US Air Force d\u2019\u00ab\u00e9tudier l\u2019ionosph\u00e8re\u00bb. \u00c9trangement, le produit final, les antennes HAARP, ne fonctionnent qu\u2019\u00e0 0,5% de leur capacit\u00e9. Pourquoi, demande Badwan, cr\u00e9er quelque chose qui ne fonctionne qu\u2019\u00e0 moins de 1% de sa capacit\u00e9 ? Aujourd\u2019hui, les antennes \u00e9mettent des fr\u00e9quences vers des points sp\u00e9cifiques de l\u2019ionosph\u00e8re afin de la r\u00e9chauffer. Cela est important car l\u2019ionosph\u00e8re est la couche qui contr\u00f4le le climat et influence les autres couches. Contrairement \u00e0 l\u2019explication de Badwan, le site web de HAARP insiste sur le fait que les ondes radio \u00e9mises par HAARP ne contr\u00f4lent \u00ab<em>en aucun cas<\/em>\u00bb la m\u00e9t\u00e9o. Tout comme \u00ab<em>le soleil lui-m\u00eame<\/em>\u00bb, dont les \u00ab<em>temp\u00eates ionosph\u00e9riques<\/em>\u00bb n\u2019\u00ab<em>affectent pas la m\u00e9t\u00e9o \u00e0 la surface<\/em>\u00bb, il n\u2019y a aucune chance \u00ab<em>que HAARP puisse le faire<\/em>\u00bb. Cette affirmation est douteuse, car d\u2019autres grands centres de recherche sur l\u2019ionosph\u00e8re admettent que l\u2019une des raisons d\u2019\u00e9tudier l\u2019ionosph\u00e8re est de voir comment elle affecte la Terre et les \u00e9v\u00e9nements m\u00e9t\u00e9orologiques. L\u2019un de ces centres de recherche est le groupe de recherche spatiale de l\u2019universit\u00e9 d\u2019Alcal\u00e1 de Henares, qui \u00e9tudie comment les changements dans l\u2019ionosph\u00e8re am\u00e9liorent ou perturbent les communications par satellite et les signaux GPS, ainsi que l\u2019impact de l\u2019activit\u00e9 solaire dans l\u2019ionosph\u00e8re sur le climat et les changements sur Terre. J\u2019ai d\u00e9couvert cette information \u00e0 Alcal\u00e1 de Henares gr\u00e2ce \u00e0 une vid\u00e9o pr\u00e9sent\u00e9e par le groupe de recherche spatiale d\u2019Alcal\u00e1 de Henares dans ce qui ressemblait \u00e0 la salle d\u2019attente d\u2019une attraction Disney, \u00e0 cause de satellites en papier d\u2019aluminium. Le b\u00e2timent qui abrite l\u2019exposition \u00e9tait autrefois une paroisse historique importante d\u2019Alcal\u00e1 de Henares.<\/p>\n<p>Alcal\u00e1 de Henares est la vraie premi\u00e8re capitale espagnole. Ses murs fortifi\u00e9s abritent non seulement la maison de Miguel Cervantes, auteur de <em>Don Quichotte<\/em>, mais aussi les enfants martyrs romains Justo et Pastor dont le sang vers\u00e9 au nom de la foi chr\u00e9tienne fonda la ville en 304 et peut-\u00eatre m\u00eame l\u2019Espagne chr\u00e9tienne. Alcal\u00e1 abrite \u00e9galement les reliques sacr\u00e9es de l\u2019\u00e9v\u00eaque Cisneros, qui avait parcouru les villes d\u2019Espagne pour emp\u00eacher le protestantisme de s\u2019implanter, ainsi que l\u2019universit\u00e9 mod\u00e8le fond\u00e9e par l\u2019\u00e9v\u00eaque Cisneros dans les ann\u00e9es 1500, l\u2019une des premi\u00e8res au monde, et \u00ab<em>la premi\u00e8re ville universitaire planifi\u00e9e au monde<\/em>\u00bb. Alcal\u00e1 abrite enfin la r\u00e9sidence o\u00f9 la reine Isabelle re\u00e7ut Christophe Colomb, ainsi que la tour o\u00f9 elle donna naissance \u00e0 la future reine d\u2019Angleterre, Catherine d\u2019Aragon, en 1485.<\/p>\n<p>Le groupe de recherche spatiale d\u2019Alcal\u00e1 de Henares n\u2019est toutefois plus si hispanique, car il travaille en partenariat avec les \u00c9tats-Unis et se vante d\u2019\u00eatre l\u2019un des centres d\u2019experts europ\u00e9ens en mati\u00e8re de m\u00e9t\u00e9orologie spatiale. Dans le b\u00e2timent administratif historique de l\u2019universit\u00e9, une banni\u00e8re indiquait que le groupe de recherche d\u2019Alcal\u00e1 avait particip\u00e9 \u00e0 la conception d\u2019une \u00a0MEDA, ensemble de capteurs utilis\u00e9s pour \u00e9tudier les conditions m\u00e9t\u00e9orologiques sur Mars, qui ont finalement \u00e9t\u00e9 utilis\u00e9s par la NASA pour la mission Mars Pathfinder\/Sojourner Rover. Le rover a \u00e9t\u00e9 lanc\u00e9 depuis Cap Canaveral, en Floride, et aurait atterri sur Mars dans son \u00ab<em>ancienne plaine inondable<\/em>\u00bb d\u2019Ares Vallis le 4 juillet 1997, apr\u00e8s que 265 millions de dollars aient \u00e9t\u00e9 d\u00e9pens\u00e9s pour le mettre au point. Cependant, les derniers \u00e9pisodes de cette histoire indiquent que les photos prises par le rover auraient pu \u00eatre prises dans un paysage montagneux rouge et aride en Alg\u00e9rie, tel que le Tadrart Rouge ou le parc national du Tassili N\u2019Ajjer. Ce n\u2019est pas un indice insignifiant, \u00e9tant donn\u00e9 qu\u2019apr\u00e8s les inondations de Valence, les chercheurs ont \u00e9tudi\u00e9 le mouvement initial des nuages et ont d\u00e9termin\u00e9 qu\u2019ils provenaient d\u2019Alg\u00e9rie. Je fournirai l\u2019histoire et les coordonn\u00e9es correspondantes plus loin dans cet article.<\/p>\n<p>Les trois projets importants du groupe de recherche spatiale d\u2019Alcal\u00e1 de Henares, ORCA, IcaRO et CaLMa, pr\u00e9sent\u00e9s dans la paroisse abandonn\u00e9e mentionn\u00e9e r\u00e9cemment, avaient des emplacements int\u00e9ressants et des \u00e9quipements importants, ce qui m\u2019a fait penser que l\u2019argent pour le navire, les installations et les \u00e9quipements provenait d\u2019autres nations qui voulaient utiliser le territoire espagnol comme base pour leurs antennes et leurs \u00e9metteurs. ORCA est situ\u00e9 \u00e0 la base Juan Carlos I sur l\u2019\u00eele de Livingstone, en Antarctique (en service depuis 2019) ; ICaRO, qui a \u00e9t\u00e9 con\u00e7u par l\u2019AEMET (Agencia Estatal de Meteorologia), est situ\u00e9 sur une \u00eele \u00e0 l\u2019ouest du Maroc ; et CaLMa est bas\u00e9 dans le centre de l\u2019Espagne. En d\u2019autres termes, les \u00c9tats-Unis n\u2019ont pas besoin de d\u00e9ployer leur plateforme radar maritime de la marine am\u00e9ricaine pour surveiller les activit\u00e9s de l\u2019Espagne, comme ils le font avec des pays moins amicaux. L\u2019Espagne a particip\u00e9 \u00e0 des recherches financ\u00e9es par l\u2019UE et au r\u00e9seau international de radars tel que SuperDARN (Super Dual Auroral Radar Network), qui \u00e9tudie les effets des exp\u00e9riences HAARP. L\u2019Espagne fait \u00e9galement partie de l\u2019Agence spatiale europ\u00e9enne (ESA), de l\u2019Institut d\u2019astrophysique d\u2019Andalousie (IAA) et de l\u2019Institut des sciences spatiales (ICE).<\/p>\n<p>L\u2019ICaRO est situ\u00e9 plus pr\u00e9cis\u00e9ment dans les \u00eeles Canaries, au large du Maroc, dans l\u2019Observatorio Atmosf\u00e9rico de Iza\u00f1a de l\u2019AEMET, dans le Parque Nacional de las Ca\u00f1adas del Teide sur l\u2019\u00eele de Tenerife, depuis mars 2023, et il est g\u00e9r\u00e9 par l\u2019AEMET. Cela se trouve sur une montagne \u00e0 2400 m\u00e8tres d\u2019altitude. Ses mesures sont utilis\u00e9es pour v\u00e9rifier celles de l\u2019ORCA. La NASA utilise ce site depuis 1941 pour effectuer des mesures atmosph\u00e9riques. Des avanc\u00e9es et des changements importants ont \u00e9t\u00e9 apport\u00e9s au centre entre 1957 et 1958, puis \u00e0 nouveau en 1989, afin d\u2019\u00e9tudier l\u2019atmosph\u00e8re. En 1989, ce site est devenu l\u2019un des trente sites d\u2019int\u00e9r\u00eat et d\u2019importance mondiaux. L\u2019emplacement de ces puissants sites m\u00e9t\u00e9orologiques est peut-\u00eatre la cause pour laquelle l\u2019Espagne pleure encore la \u00ab<em>plus longue \u00e9ruption<\/em> [volcanique] <em>de l\u2019histoire connue<\/em>\u00bb, qui s\u2019est produite \u00e0 La Palma pendant 85 jours d\u2019activit\u00e9 continue \u00e0 partir du 19 septembre 2021, pendant la pand\u00e9mie. Deux points importants que le groupe de recherche spatiale d\u2019Alcala a soulign\u00e9s dans son exposition sont la n\u00e9cessit\u00e9 d\u2019exploiter ces stations \u00e0 distance et le fait que la station ORCA et ICaRO sont dans un certain alignement physique ininterrompu, en ce qui concerne leur emplacement.<\/p>\n<p>Les expositions et les vid\u00e9os de l\u2019universit\u00e9 d\u2019Alcala de Henares insistent sur l\u2019importance du champ magn\u00e9tique terrestre. Par cons\u00e9quent, le groupe de recherche de l\u2019universit\u00e9 \u00e9tudie les effets du r\u00e9chauffement intentionnel de l\u2019ionosph\u00e8re sur le champ magn\u00e9tique et d\u2019autres sources de perturbations magn\u00e9tiques. Des magn\u00e9tom\u00e8tres sont g\u00e9n\u00e9ralement utilis\u00e9s dans ces exp\u00e9riences. De m\u00eame, HAARP consacre beaucoup de temps et de ressources au champ magn\u00e9tique terrestre, et il a admis avoir influenc\u00e9 des ph\u00e9nom\u00e8nes tels que les aurores bor\u00e9ales, qui sont \u00e9galement li\u00e9s au champ magn\u00e9tique terrestre. Comme l\u2019explique le groupe de recherche d\u2019Alcala dans son exposition, \u00ab<em>Las auroras son la parte m\u00e1s bonita de las tormentas magn\u00e9ticas<\/em>\u00bb (Les aurores sont la partie la plus belle \u00e0 voir \u00a0des temp\u00eates magn\u00e9tiques). Nous pouvons conclure de ces informations que HAARP provoque des temp\u00eates magn\u00e9tiques. \u00c0 l\u2019instar de HAARP, les chercheurs de l\u2019universit\u00e9 d\u2019Alcala de Henares envoient des signaux radio \u00e0 haute fr\u00e9quence via des \u00e9metteurs HF dans l\u2019ionosph\u00e8re (dans les bandes 3-30 MHz) afin de reproduire les ondes plasma du soleil. Contrairement \u00e0 HAARP, les scientifiques d\u2019Alcala reconnaissent que l\u2019ionosph\u00e8re joue un r\u00f4le dans les conditions m\u00e9t\u00e9orologiques.<\/p>\n<p>L\u2019une des raisons pour lesquelles le champ magn\u00e9tique terrestre est important est que la Terre oscille autour de son axe. Si cela est vrai, alors en envoyant syst\u00e9matiquement la bonne fr\u00e9quence au bon moment et au bon endroit, HAARP peut \u00e9ventuellement atteindre le point de d\u00e9s\u00e9quilibre de mani\u00e8re \u00e0 augmenter l\u2019oscillation. Dans l\u2019un de mes articles pr\u00e9f\u00e9r\u00e9s de <em>Culture Wars<\/em>, \u00ab<em>The Age of Catastrophe<\/em>\u00bb (L\u2019\u00e8re des catastrophes), publi\u00e9 en juin 2020, Silvano Borrusco explique que plus la Terre oscille, plus les plaques tectoniques se d\u00e9placent, ce qui provoque des tremblements de terre et une activit\u00e9 volcanique. Et les scientifiques ont certainement enregistr\u00e9 une augmentation \u00e9tonnante de \u00abl\u2019oscillation\u00bb. \u00c0 tout le moins, le secr\u00e9taire am\u00e9ricain \u00e0 la D\u00e9fense, William S. Cohen, nous a appris que les ondes \u00e9lectromagn\u00e9tiques peuvent r\u00e9veiller des volcans et des actionner des s\u00e9ismes.<\/p>\n<p>Za\u00efd Mussa Badwan a expliqu\u00e9 que l\u2019envoi de fr\u00e9quences particuli\u00e8res dans l\u2019ionosph\u00e8re peut provoquer des tremblements de terre, des s\u00e9cheresses, des tsunamis, etc. Ainsi, si nous avons un ennemi, a expliqu\u00e9 Badwan, nous pouvons lui envoyer une onde de la taille d\u2019une de ses villes c\u00f4ti\u00e8res, puis nous pouvons m\u00eame l\u2019aider \u00e0 nettoyer apr\u00e8s la catastrophe afin de le d\u00e9sorienter ou de prendre le contr\u00f4le du site. Pour cette raison, explique calmement Badwan, les armes nucl\u00e9aires appartiennent au pass\u00e9. Les nouvelles armes sont biologiques, car nous pouvons fabriquer une arme qui cible un seul individu si nous disposons de son profil biologique. Avec cette derni\u00e8re d\u00e9claration, Badwan ne faisait pas r\u00e9f\u00e9rence au dernier film de James Bond, <em>No Time to Die<\/em>, mais plut\u00f4t au virus Covid et aux vaccins, qui, combin\u00e9s, ont intentionnellement tu\u00e9, paralys\u00e9 et affaibli des millions de personnes. Dans ma propre famille, presque toute la g\u00e9n\u00e9ration de mes grands-parents et de leurs fr\u00e8res et s\u0153urs a \u00e9t\u00e9 d\u00e9cim\u00e9e apr\u00e8s le lancement du vaccin, et des membres plus jeunes sont \u00e9galement morts de crises cardiaques soudaines et de cancers fulgurants omnipr\u00e9sents. D\u2019autres membres de la famille souffrent de fatigue chronique et de caillots sanguins visibles.<\/p>\n<p>Comme l\u2019a \u00e9tabli l\u2019expert militaire chinois Sun Tzu dans <em>L\u2019Art de la guerre<\/em>, \u00ab<em>l\u2019art supr\u00eame de la guerre consiste \u00e0 vaincre l\u2019ennemi sans combattre<\/em>\u00bb. C\u2019est le type de guerre auquel nous sommes confront\u00e9s aujourd\u2019hui. Les victimes ne peuvent pas identifier l\u2019ennemi, car celui-ci reste cach\u00e9 derri\u00e8re ce qui ressemble \u00e0 des ph\u00e9nom\u00e8nes naturels et \u00e0 des cercles bureaucratiques herm\u00e9tiques. Non seulement l\u2019ennemi semble invisible, mais ses victimes r\u00e9sistent \u00e9galement \u00e0 l\u2019id\u00e9e qu\u2019il puisse mettre en \u0153uvre un plan strat\u00e9gique nuisible \u00e0 long terme, qui pourrait \u00eatre \u00e9tudi\u00e9 et contrecarr\u00e9. Pourquoi ne pas \u00e9tudier les sch\u00e9mas communs dans les strat\u00e9gies de notre ennemi et les armes qu\u2019il pr\u00e9f\u00e8re utiliser ? Pourquoi ne pas se demander qui sont les personnes pr\u00eates \u00e0 commettre un g\u00e9nocide aujourd\u2019hui ? Y a-t-il une autre nation qu\u2019Isra\u00ebl qui tire sur des femmes et des enfants en visant la t\u00eate, le cou et le torse, tout en emp\u00eachant les gens de recevoir de l\u2019aide et de la nourriture ?<\/p>\n<p>Nous avons d\u00e9j\u00e0 examin\u00e9 les preuves de la manipulation des pr\u00e9cipitations. Je voudrais ajouter quelques points n\u00e9cessaires \u00e0 la manipulation du climat que j\u2019ai appris gr\u00e2ce \u00e0 ceux qui ont communiqu\u00e9 sur la grande trag\u00e9die de Valence en octobre. Le premier congr\u00e8s sur les chemtrails, l\u2019environnement et la sant\u00e9, qui s\u2019est tenu \u00e0 Barcelone en 2016, a propos\u00e9 une conf\u00e9rence informative de Roger Serrahima : \u00ab<em>Patrones Matem\u00e1ticos en el Cielo : Clim\u00e1tica a Gran Escala<\/em>\u00bb. Serrahima a tout d\u2019abord soulign\u00e9 comment la fr\u00e9quence sonore peut affecter des mat\u00e9riaux mall\u00e9ables, comme l\u2019eau, pour cr\u00e9er des motifs et des formes visibles, \u00e0 tel point que la fr\u00e9quence de l\u2019onde sonore \u00e9mise peut \u00eatre d\u00e9termin\u00e9e par les motifs visibles form\u00e9s par les mat\u00e9riaux affect\u00e9s par les ondes. Serrahima a soulign\u00e9 qu\u2019en laissant une tra\u00een\u00e9e m\u00e9tallique de particules dans le ciel, on augmente consid\u00e9rablement la conductivit\u00e9 de l\u2019atmosph\u00e8re et elle se voit davantage affect\u00e9e par les ondes \u00e9lectromagn\u00e9tiques \u00e9mises par les radars. Les diff\u00e9rentes fr\u00e9quences cr\u00e9ent des motifs visibles dans les nuages qui ont souvent une sym\u00e9trie non naturelle et un motif ondul\u00e9 \u00e9vident. Il existe \u00e9galement des nuages qui se distinguent comme inhabituels dans un groupe de nuages \u00abnormaux\u00bb. Autour des radars Doppler (sur les photos) et \u00e0 Valence (en personne), j\u2019ai vu des nuages circulaires et \u00e9lev\u00e9s qui pr\u00e9sentaient ensuite un creux profond ou une fossette en leur centre, comme si un pouce g\u00e9ant avait \u00e9t\u00e9 enfonc\u00e9 dedans, tandis que les nuages environnants semblaient normaux, ce qui indique une pression s\u2019exer\u00e7ant directement contre le bas du nuage. Luz Calero et Unai Ramos, un couple de Chiva, ont d\u00e9clar\u00e9 avoir observ\u00e9 une haute colonne de nuages rester stable pendant des heures malgr\u00e9 le vent violent et constant. Le vent \u00e9tait puissant et la pluie frappait tous les c\u00f4t\u00e9s de la maison, mais les nuages \u00e9taient immobiles. Apr\u00e8s cela, il \u00e9tait difficile de respirer car l\u2019air semblait liqu\u00e9fi\u00e9 et l\u2019odeur \u00e9tait artificielle, synth\u00e9tique et \u00abmortelle\u00bb. Respirer leur causait des maux de gorge. D\u2019autres ont signal\u00e9 un bruit per\u00e7ant prolong\u00e9, et d\u2019autres Valenciens ont d\u00e9clar\u00e9 que le <em>Karadeniz Powership Onur Sultan<\/em>, \u00e9quip\u00e9 d\u2019une impressionnante s\u00e9rie d\u2019antennes et consid\u00e9r\u00e9 comme la \u00ab<em>plus grande centrale \u00e9lectrique flottante au monde<\/em>\u00bb, avait \u00e9t\u00e9 aper\u00e7u au large des c\u00f4tes espagnoles pendant la temp\u00eate. M\u00eame si ce navire n\u2019a peut-\u00eatre pas influenc\u00e9 les mouvements de la temp\u00eate, s\u2019il a jou\u00e9 un r\u00f4le, il a peut-\u00eatre fourni de l\u2019\u00e9nergie aux radars Doppler offshore, qui \u00e9taient actifs. D\u2019autres ont fait valoir que le navire transporte effectivement des radars Doppler, ainsi que des technologies de production d\u2019\u00e9lectricit\u00e9.<\/p>\n<p>Pendant la temp\u00eate DANA \u00e0 Valence, les observateurs m\u00e9t\u00e9orologiques ont remarqu\u00e9 que les nuages se d\u00e9pla\u00e7aient \u00e0 contre-courant et formaient une circonf\u00e9rence parfaite et sym\u00e9trique, ce qui est anormal. La circonf\u00e9rence visible form\u00e9e par les nuages a permis de trouver le centre du cercle. Au centre du cercle, au sommet d\u2019une cha\u00eene de montagnes \u00e0 l\u2019ouest de Saida, en Alg\u00e9rie, se trouvait un champ d\u2019antennes hautes similaires aux antennes HAARP en Alaska. Ce champ se trouve \u00e0 environ 161 miles \u00e0 l\u2019est d\u2019Oujda, au Maroc. Les coordonn\u00e9es exactes sur Google Maps sont 34\u00b045\u201934.1\u00abN 0\u00b010\u201947.2\u00bbW.<\/p>\n<p>Dans sa pr\u00e9sentation intitul\u00e9e \u00abNEXRAD et HAARP : la manipulation climatique am\u00e9ricaine, un lien ind\u00e9niable\u00bb, Roger Serrahima a soulign\u00e9 qu\u2019il existe environ trois sites radar Doppler nationaux dans chaque \u00c9tat am\u00e9ricain. Leurs bandes de fr\u00e9quences couvrent la majeure partie du territoire am\u00e9ricain, et leur activit\u00e9 radar peut \u00eatre capt\u00e9e et observ\u00e9e par des satellites. L\u2019Angleterre est \u00e9galement couverte par des radars Doppler. Le radar de surveillance m\u00e9t\u00e9orologique Nexrad de 1988, ou radar WSR-88D, ressemble \u00e0 une balle de golf blanche pos\u00e9e sur une tour, dont la structure sph\u00e9rique blanche prot\u00e8ge les antennes \u00e0 l\u2019int\u00e9rieur. On peut observer ces m\u00eames structures sur des bases militaires et d\u2019autres sites en Espagne et dans les pays voisins, et elles ont un effet visible sur la formation des nuages autour d\u2019elles. Certains des radars espagnols signal\u00e9s par Serrahima se trouvent \u00e0 Xesteiras en Cuntis en Galice, \u00e0 El Pico Mijas de Malaga et dans les \u00eeles Canaries (Radar La Palma). Une fois encore, l\u2019activit\u00e9 volcanique espagnole \u00e0 la Cumbre Vieja s\u2019est produite sur une \u00eele \u00e0 l\u2019ouest des Canaries qui abrite l\u2019observatoire de la NASA ou de l\u2019AEMET \u00e0 Tenerife.<\/p>\n<p>Telles des clochettes jouant des chants de No\u00ebl, les radars fonctionnent en harmonie selon leur emplacement pour cr\u00e9er des tourbillons m\u00e9t\u00e9orologiques ou pour pousser les formations nuageuses dans une direction particuli\u00e8re, m\u00eame contre le vent. Ces impulsions sont \u00e9galement capables de briser les \u00absyst\u00e8mes\u00bb ind\u00e9sirables plus petits. Le ph\u00e9nom\u00e8ne d\u2019un nuage restant immobile pendant des heures malgr\u00e9 des vents violents a \u00e9t\u00e9 observ\u00e9 autour des temp\u00eates de Valence. Cette activit\u00e9 a \u00e9t\u00e9 tr\u00e8s clairement observ\u00e9e depuis l\u2019espace en regardant simultan\u00e9ment les impulsions radar et le mouvement des nuages. Dans l\u2019une des vid\u00e9os de Serrahima sur les radars Doppler, on nous les impulsions radar et la formation des nuages suivies sur une p\u00e9riode de quatre jours, et pendant ces quatre jours, le centre du vortex ne se d\u00e9place pas mais reste constant. Les radars \u00e9mettent des impulsions en parfaite harmonie pour rassembler et collecter les nuages charg\u00e9s de pluie.<\/p>\n<p>Autre aspect important de la manipulation du temps, la cr\u00e9ation des nuages eux-m\u00eames. Les nuages transportent de l\u2019eau. L\u2019eau peut \u00eatre condens\u00e9e ou extraite du ciel, notamment par ensemencement, mais une m\u00e9thode encore plus rapide et plus efficace consiste \u00e0 demander aux centrales \u00e9lectriques de d\u00e9verser de l\u2019eau chauff\u00e9e et vaporis\u00e9e dans l\u2019air jour et nuit. Selon Shoalei Ren, professeur d\u2019ing\u00e9nierie \u00e9lectrique et informatique, les centrales \u00e9lectriques \u00ab<em>utilisent de grandes tours de refroidissement qui transforment l\u2019eau en vapeur \u00e9mise dans l\u2019atmosph\u00e8re<\/em>\u00bb. Les images satellites de la Terre montrent que ces usines \u00e0 nuages sont strat\u00e9giquement align\u00e9es et espac\u00e9es de mani\u00e8re \u00e0 cr\u00e9er un mur de nuages s\u2019\u00e9levant de la Terre vers l\u2019atmosph\u00e8re. Avant de partir pour l\u2019Espagne, je m\u2019\u00e9tais rendue en voiture \u00e0 l\u2019une de ces usines, appel\u00e9e Rathdrum Power LLC (NAES Safe Operated Facility), dans le nord de l\u2019Idaho, et j\u2019avais constat\u00e9 que l\u2019ensemble du b\u00e2timent \u00e9tait en fait une chemin\u00e9e d\u2019o\u00f9 s\u2019\u00e9chappait en permanence un nuage vraiment \u00e9norme.<\/p>\n<p>En plus des centrales \u00e9lectriques produisant des nuages charg\u00e9s d\u2019eau, nous avons d\u00e9sormais des \u00abcentres de traitement de donn\u00e9es dans le cloud\u00bb, tels que ceux situ\u00e9s dans l\u2019Oregon et \u00e0 Washington, D.C., qui, selon les employ\u00e9s d\u2019AWS, ont la taille de plusieurs a\u00e9roports plac\u00e9s c\u00f4te \u00e0 c\u00f4te. Ou, selon David Danelski, les centres de traitement de donn\u00e9es sont des b\u00e2timents de la taille d\u2019entrep\u00f4ts qui abritent des piles de serveurs, les c\u00e9l\u00e8bres espaces cloud o\u00f9 sont stock\u00e9es les informations Internet de tout le monde. Ces centaines de milliers de serveurs dans les centres de donn\u00e9es doivent \u00eatre maintenus \u00e0 basse temp\u00e9rature, car l\u2019\u00e9lectricit\u00e9 qui circule dans les semi-conducteurs g\u00e9n\u00e8re continuellement de la chaleur. Cela n\u00e9cessite des syst\u00e8mes de refroidissement qui, comme les centrales \u00e9lectriques, sont g\u00e9n\u00e9ralement reli\u00e9s \u00e0 des \u00ab<em>tours de refroidissement qui consomment de l\u2019eau en la transformant en vapeur<\/em>\u00bb. Cela permet d\u2019\u00e9vacuer la chaleur du centre de donn\u00e9es. En d\u2019autres termes, non seulement ces b\u00e2timents n\u00e9cessitent beaucoup d\u2019\u00e9nergie, ce qui signifie que les centrales \u00e9lectriques doivent pr\u00e9lever davantage d\u2019eau douce, mais les centres de traitement et de stockage des donn\u00e9es eux-m\u00eames ont besoin de milliards de litres d\u2019eau douce, qui finissent tous dans le ciel sous forme de nuages. L\u2019universit\u00e9 de Californie \u00e0 Riverside a estim\u00e9 que \u00ab<em>les centres de donn\u00e9es de Google aux \u00c9tats-Unis ont consomm\u00e9 \u00e0 eux seuls environ 12,7 milliards de litres d\u2019eau douce en 2021 pour refroidir leurs serveurs<\/em>\u00bb, \u00e0 une \u00e9poque o\u00f9 l\u2019agriculture souffrait de s\u00e9cheresses. Le professeur Shoalei Ren a qualifi\u00e9 cette empreinte hydrique secr\u00e8te de l\u2019IA de \u00ab<em>crise de p\u00e9nurie d\u2019eau douce de plus en plus grave\u2026 et de vieillissement rapide des infrastructures publiques d\u2019approvisionnement en eau<\/em>\u00bb.<\/p>\n<p><strong>En r\u00e9sum\u00e9, ceux qui contr\u00f4lent litt\u00e9ralement notre \u00e9nergie, notre technologie et notre Internet produisent \u00e9galement des nuages qui peuvent ensuite \u00eatre d\u00e9plac\u00e9s vers des zones vuln\u00e9rables aux inondations afin de remplir des barrages qui sont ensuite ouverts pour d\u00e9truire des villes et prendre le contr\u00f4le des sources d\u2019eau douce de ces m\u00eames villes. L\u2019une des entreprises les plus importantes \u00e0 cet \u00e9gard est Google, fond\u00e9e par deux personnalit\u00e9s juives : Sergey Mikhailovich Brin et Lawrence \u00abLarry\u00bb Page.<\/strong><\/p>\n<p>Mais les infrastructures hydrauliques sont-elles r\u00e9ellement \u00abvieillissantes\u00bb, comme le soutient le professeur Ren, ou sont-elles n\u00e9glig\u00e9es et syst\u00e9matiquement d\u00e9truites ? Examinons les tactiques utilis\u00e9es dans le cas de ce qui semble \u00eatre l\u2019un des centaines de barrages d\u00e9mantel\u00e9s en Espagne ces derni\u00e8res ann\u00e9es.<\/p>\n<p>Au milieu de la pand\u00e9mie de Covid, dans la ville illustre et historique d\u2019Ar\u00e9valo, en Espagne, les militaires patrouillaient dans les rues pour s\u2019assurer que personne ne sortait, une pr\u00e9caution inutile dans une ville o\u00f9 la population est d\u00e9j\u00e0 clairsem\u00e9e et \u00e2g\u00e9e. Les entreprises \u00e9taient d\u00e9j\u00e0 aux prises avec des taxes exorbitantes et une client\u00e8le rare et dispers\u00e9e. Pourtant, cette surveillance militaire s\u2019est poursuivie m\u00eame apr\u00e8s le retour \u00e0 la normale dans d\u2019autres villes, ce que les habitants ont trouv\u00e9 suspect.<\/p>\n<p>Le 25 mai 2021, une conf\u00e9rence intitul\u00e9e \u00ab<em>Jornadas Participativas de Medio Ambiente y Paisaje<\/em>\u00bb s\u2019est tenue \u00e0 Ar\u00e9valo, au cours de laquelle Francisco Dur\u00e1n, scientifique sp\u00e9cialiste de l\u2019environnement, a pr\u00e9sent\u00e9 des propositions au nom de la Conf\u00e9d\u00e9ration hydrographique du Duero (<em>Confederaci\u00f3n Hidogr\u00e1fica del Duero<\/em>) visant \u00e0 nettoyer les berges et le lit de la rivi\u00e8re Ar\u00e9valo. Lorsque Ricardo Guerra Sancho, ancien chroniqueur officiel et historien de la ville d\u2019Ar\u00e9valo, s\u2019est rendu compte que le plan propos\u00e9 pr\u00e9voyait la suppression du petit barrage populaire de \u00abla Isla\u00bb ou \u00abla Pesca\u00bb afin que \u00ab<em>les poissons puissent remonter le courant<\/em>\u00bb, il s\u2019est montr\u00e9 tr\u00e8s inquiet, tout comme les habitants. \u00abLa Isla\u00bb d\u00e9signe la petite \u00eele form\u00e9e \u00e0 la confluence des rivi\u00e8res La Adaja et Arevalillo, derri\u00e8re le ch\u00e2teau d\u2019Ar\u00e9valo, qui appartenait \u00e0 la reine Isabelle la Catholique. Il s\u2019agit d\u2019un petit coin de paradis naturel particuli\u00e8rement beau, ouvert au public, qui rappelle l\u2019\u00e9poque o\u00f9 la reine Isabelle la Catholique se promenait sur cette m\u00eame terre, surtout pendant sa jeunesse. La Isla est l\u2019endroit o\u00f9 les habitants de la ville nageaient et p\u00eachaient pendant les journ\u00e9es d\u2019\u00e9t\u00e9, car le barrage en question cr\u00e9ait une piscine d\u2019eau douce. Les poissons de La Adaja \u00e0 Ar\u00e9valo sont incorruptibles, peut-\u00eatre depuis que Sainte Th\u00e9r\u00e8se d\u2019Avila avait travers\u00e9 ces eaux pour aller fonder ses couvents de Carm\u00e9lites d\u00e9chauss\u00e9es \u00e0 Avila et Medina del Campo. Ce n\u2019est pas une l\u00e9gende. Des scientifiques ont \u00e9tudi\u00e9 l\u2019eau et ont d\u00e9termin\u00e9 que cette particularit\u00e9 \u00e9tait inexplicable.<\/p>\n<p>Un habitant m\u2019a racont\u00e9 que pour v\u00e9rifier la v\u00e9racit\u00e9 de cette histoire, il avait conserv\u00e9 un poisson sans le vider et que celui-ci n\u2019avait jamais pourri, mais \u00e9tait rest\u00e9 imputrescible comme certains corps de saints incorruptibles pendant \u00ab<em>des ann\u00e9es et des ann\u00e9es<\/em>\u00bb. \u00ab<em>Il doit y avoir une erreur<\/em>\u00bb, a d\u00e9clar\u00e9 l\u2019historien Guerra (Guerra signifie guerre), car \u00ab<em>le moulin de \u00abla Isla\u00bb fait partie de la vie de cette ville depuis les ann\u00e9es 1300.<\/em><\/p>\n<p><em>Ce moulin fait partie du patrimoine industriel de Castille-et-Le\u00f3n et son origine remonte au Moyen \u00c2ge. De plus, la construction d\u2019origine est rest\u00e9e intacte \u00e0 travers les \u00e2ges, malgr\u00e9 les modifications apport\u00e9es pour adapter le barrage aux besoins industriels de chaque \u00e9poque<\/em>\u00bb.<\/p>\n<p>\u00c0 ce jour, Ar\u00e9valo est l\u2019un des centres de mouture de bl\u00e9 les plus importants d\u2019une r\u00e9gion d\u2019Espagne r\u00e9put\u00e9e pour ses centres de stockage de c\u00e9r\u00e9ales. Cette industrie a \u00e9t\u00e9 mise en place gr\u00e2ce \u00e0 une ing\u00e9nierie, une planification et une construction minutieuses qui se sont \u00e9tal\u00e9es sur plusieurs si\u00e8cles. Le contr\u00f4le et la gestion des r\u00e9seaux fluviaux et des voies navigables ont jou\u00e9 un r\u00f4le crucial dans ce processus. Pourtant, malgr\u00e9 les protestations de Guerra et son document de 35 pages d\u00e9taillant la longue histoire de ce barrage particulier, et malgr\u00e9 les protestations des habitants, qui ont perdu leur agr\u00e9able lieu de baignade et de p\u00eache ainsi que leur espace de rassemblement social en plein air derri\u00e8re leur ch\u00e2teau, le barrage a \u00e9t\u00e9 d\u00e9truit et le canal est d\u00e9sormais trop bas et encombr\u00e9 de v\u00e9g\u00e9tation pour qu\u2019on puisse s\u2019y baigner. \u00c0 la suite de cette destruction des barrages, au d\u00e9but de l\u2019ann\u00e9e 2024, l\u2019eau s\u2019est engouffr\u00e9e et a d\u00e9truit une partie de la promenade et de la piste cyclable autour du ch\u00e2teau, remplissant l\u2019espace de gravats et de d\u00e9bris lourds qui n\u2019ont pas encore \u00e9t\u00e9 d\u00e9blay\u00e9s ni la piste restaur\u00e9e. L\u2019eau est mont\u00e9e si haut qu\u2019elle a presque atteint les grands ponts qui m\u00e8nent au ch\u00e2teau et \u00e0 la ville.<\/p>\n<p>Bien qu\u2019il soit peu probable que la ville soit un jour inond\u00e9e en raison de sa grande hauteur au-dessus des deux rivi\u00e8res, ce projet s\u2019inscrivait clairement dans le cadre de la destruction de l\u2019Embalse de Las Cogotas, pr\u00e8s d\u2019Avila. Le Rio Adaja traverse le barrage \u00abel Embalse de Las Cogotas\u00bb, puis parcourt 30 miles jusqu\u2019\u00e0 Ar\u00e9valo. Depuis Ar\u00e9valo, la rivi\u00e8re continue jusqu\u2019au centre de Valladolid, l\u2019une des villes les plus grandes et les plus importantes d\u2019Espagne. Plus au nord, les eaux se jettent dans la mer et alimentent les villes c\u00f4ti\u00e8res de Santander et Bilbao. Le site web officiel de l\u2019Espagne indique que le barrage a \u00e9t\u00e9 construit \u00e0 c\u00f4t\u00e9 d\u2019un fort celtique \u00e0 l\u2019\u00e2ge du fer, 100 ans avant J\u00e9sus-Christ. Le barrage garantit l\u2019approvisionnement en eau potable des provinces d\u2019\u00c1vila et de Valladolid, d\u2019Olmedo et de Medina del Campo, et constitue une zone importante pour les sports nautiques. Les habitants d\u2019Ar\u00e9valo, qui se prom\u00e8nent tous les jours dans les charmants sentiers du ch\u00e2teau, regrettent aujourd\u2019hui de ne pas avoir suivi l\u2019exemple des habitants de Badajoz, qui ont courageusement refus\u00e9 que leur barrage, beaucoup plus grand, soit d\u00e9moli. Ils ont mont\u00e9 la garde m\u00eame la nuit pour emp\u00eacher le gouvernement de le d\u00e9truire pendant leur sommeil.<\/p>\n<p>Comme dans d\u2019autres pays, les villes les plus importantes d\u2019Espagne sont situ\u00e9es autour des grands fleuves et sur les c\u00f4tes. Apr\u00e8s les importantes inondations des ann\u00e9es 1950, le g\u00e9n\u00e9ral Franco avait modifi\u00e9 le cours du fleuve de Valence et avait \u00e9galement prot\u00e9g\u00e9 les berges du nouveau lit du fleuve avec du ciment afin qu\u2019elles ne s\u2019effondrent pas en cas de crue. Ce sont ces digues et ces barrages construits par Franco qui ont sauv\u00e9 le centre-ville de Valence en octobre, car le nouveau canal \u00e9tait sur le point de d\u00e9border, mais il n\u2019a pas c\u00e9d\u00e9. Et ce, malgr\u00e9 le fait que d\u2019autres barrages construits par Franco aient \u00e9t\u00e9 d\u00e9lib\u00e9r\u00e9ment d\u00e9truits. Je pense que l\u2019objectif \u00e9tait d\u2019inonder cet important centre-ville, ainsi que de d\u00e9truire les vastes voies ferr\u00e9es qui relient le port \u00e0 l\u2019int\u00e9rieur des terres et aux c\u00f4tes espagnoles. Pilar Esquinas et d\u2019autres ont soulign\u00e9 qu\u2019apr\u00e8s des catastrophes comme celle-ci, les banques interviennent pour pr\u00eater de l\u2019argent et asservir la population avec des dettes impossibles \u00e0 rembourser.<\/p>\n<p><strong>La r\u00e9alit\u00e9 est que de fortes pluies sont n\u00e9cessaires pour dissimuler un g\u00e9nocide \u00e0 ciel ouvert et la destruction des moyens de subsistance, des maisons et des r\u00e9coltes. Les \u00e9lites n\u2019ont plus \u00e0 attendre certaines conditions m\u00e9t\u00e9orologiques, car elles peuvent les manipuler \u00e0 leur avantage.<\/strong><\/p>\n<h5 class=\"wp-block-heading\"><strong>Les inondations au Texas<\/strong><\/h5>\n<p>Examinons un cas o\u00f9 les barrages n\u2019ont pas \u00e9t\u00e9 d\u00e9truits et o\u00f9 la population a \u00e9t\u00e9 avertie d\u2019\u00e9vacuer. Penchons-nous sur le Texas.<\/p>\n<p>En mai 2024, les terres du sud-est du Texas ont \u00e9t\u00e9 inond\u00e9es apr\u00e8s que l\u2019eau ait \u00e9t\u00e9 lib\u00e9r\u00e9e des r\u00e9servoirs des lacs Livingston, Houston et Conroe. Comme en Espagne, ces r\u00e9servoirs \u00e9taient des lacs qui se sont form\u00e9s lorsque des barrages ont \u00e9t\u00e9 construits sur diff\u00e9rentes rivi\u00e8res. Comme l\u2019indique le <em>Texas Tribune<\/em> : \u00ab<em>Les exploitants des trois principaux r\u00e9servoirs situ\u00e9s sur les rivi\u00e8res de la r\u00e9gion ont lib\u00e9r\u00e9 de l\u2019eau \u00abafin de prot\u00e9ger les barrages contre toute rupture \u00e9ventuelle\u00bb<\/em>\u00bb. Les b\u00e2timents et les maisons ont \u00e9t\u00e9 inond\u00e9s, parfois jusqu\u2019au deuxi\u00e8me \u00e9tage, dans certains des quartiers les plus beaux et les plus riches du Texas.<\/p>\n<p>Selon Rick Warner, qui exploite le barrage du lac Houston, les vannes du barrage sont ouvertes avant que la pluie ne tombe afin de faire de la place pour davantage de pluie : \u00ab<em>Cela nous donne un peu d\u2019avance pour lib\u00e9rer l\u2019eau avant que les eaux de crue n\u2019atteignent le r\u00e9servoir<\/em>\u00bb. Warner a d\u00e9clar\u00e9 qu\u2019il avait re\u00e7u cette instruction de la ville de Houston, propri\u00e9taire du lac. Il est vrai qu\u2019en lib\u00e9rant l\u2019eau par le barrage, les lacs situ\u00e9s plus en aval peuvent commencer \u00e0 gonfler en raison de cette lib\u00e9ration pr\u00e9coce, mais le probl\u00e8me principal \u00e9tait que l\u2019est du Texas a enregistr\u00e9 environ 24 pouces de pluie de plus que d\u2019habitude \u00ab<em>pour la m\u00eame p\u00e9riode<\/em>\u00bb, la normale \u00e9tant d\u2019un pouce, ce qui signifie qu\u2019il y a eu \u00ab<em>plus de 25 pouces<\/em>\u00bb de pluie en raison de temp\u00eates \u00ab<em>successives<\/em>\u00bb. \u00ab<em>Ce n\u2019est pas une inondation printani\u00e8re normale<\/em>\u00bb, a d\u00e9clar\u00e9 l\u2019un des m\u00e9t\u00e9orologues de Houston. Dans ce cas, les autorit\u00e9s ont averti les habitants qu\u2019ils devaient \u00e9vacuer imm\u00e9diatement, car le barrage du lac Livingston allait se d\u00e9verser. Le <em>Texas Tribune<\/em> a d\u00e9clar\u00e9 qu\u2019il s\u2019agissait \u00ab<em>du plus grand d\u00e9versement d\u2019eau de l\u2019histoire du lac<\/em>\u00bb.<\/p>\n<p>C\u2019est ce qui s\u2019est produit dans le cas de Valence, car ind\u00e9pendamment du d\u00e9versement des eaux des barrages des r\u00e9servoirs environnants, la ville de Chiva a connu des pr\u00e9cipitations sans pr\u00e9c\u00e9dent. L\u2019emplacement exact des pr\u00e9cipitations a permis \u00e0 l\u2019eau de descendre des montagnes et des collines le long des ravins, pour former le cours d\u2019eau appel\u00e9 Rambla de Pollo, qui s\u2019est ensuite d\u00e9vers\u00e9 \u00e0 Paiporta.<\/p>\n<h5 class=\"wp-block-heading\"><strong>En Caroline du Nord<\/strong><\/h5>\n<p>Dans le cas de l\u2019ouest de la Caroline du Nord, l\u2019ouragan \u00abanormal\u00bb est remont\u00e9 depuis le golfe du Mexique. Comme tout Floridien, je peux vous dire qu\u2019une fois qu\u2019un ouragan touche terre, il perd de sa force. Historiquement, ceux qui vivent en Floride centrale, comme ma famille, n\u2019ont pas grand-chose \u00e0 craindre, m\u00eame d\u2019une temp\u00eate de cat\u00e9gorie 5. Pourtant, l\u2019ouragan H\u00e9l\u00e8ne, de cat\u00e9gorie 4, s\u2019est miraculeusement maintenu tout en remontant les Appalaches. En suivant ce qui me semble \u00eatre une vue satellite thermique des nuages, les observateurs m\u00e9t\u00e9orologiques ont soulign\u00e9 comment \u00abNEXRAD\u00bb guidait la temp\u00eate et la ralentissait pour lui permettre de d\u00e9verser sa \u00ab<em>charge utile<\/em>\u00bb. P\u00e9riodiquement et syst\u00e9matiquement, le radar capte ce qui semble \u00eatre des lignes droites qui partent dans diff\u00e9rentes directions \u00e0 l\u2019int\u00e9rieur de l\u2019ouragan. Ces lignes sont visibles de la m\u00eame mani\u00e8re que l\u2019ouragan lui-m\u00eame est distinct et visible. Des faisceaux du m\u00eame type ont \u00e9t\u00e9 rep\u00e9r\u00e9s en octobre 2012 sur l\u2019image micro-ondes int\u00e9gr\u00e9e du CIMSS (MIMIC) autour de l\u2019ouragan Sandy avant qu\u2019il ne gagne en puissance et ne prenne un virage inattendu vers le New Jersey. L\u2019ouragan Helene \u00e9tait deux fois plus grand que l\u2019ouragan Katrina, un cas dans lequel la FEMA a suivi un protocole similaire \u00e0 celui de la Caroline du Nord. Comme au Texas, les pr\u00e9cipitations ont \u00e9t\u00e9 historiques. Selon le gouverneur Roy Cooper dans \u00abHurricane Helene Recover\u00bb, la Caroline du Nord a connu \u00ab<em>des inondations mill\u00e9naires dans plusieurs comt\u00e9s<\/em>\u00bb. Les \u00ab<em>inondations, glissements de terrain, vents violents et tornades<\/em>\u00bb historiques ont caus\u00e9 59,6 milliards de dollars de d\u00e9g\u00e2ts.<\/p>\n<p>Selon David James :<\/p>\n<p>\u00ab<em>Nous sentions tous qu\u2019une appropriation des terres dans l\u2019ouest de la Caroline du Nord \u00e9tait imminente, mais aucun d\u2019entre nous ne savait vraiment comment cela se manifesterait sur le terrain. Eh bien, depuis le 6 novembre, nous pouvons tous retirer nos chapeaux en aluminium, car la FEMA a officiellement lanc\u00e9 un \u00abprojet d\u2019acquisition de terres\u00bb dans les zones touch\u00e9es par Helene<\/em>\u00bb.<\/p>\n<p>\u00c0 l\u2019\u00e9poque, tout le monde s\u2019accordait \u00e0 dire, et c\u2019est encore plus vrai aujourd\u2019hui, que le gouvernement convoitait l\u2019une des trois mines de lithium les plus pures au monde. Quelques mois auparavant, le minist\u00e8re am\u00e9ricain de la D\u00e9fense avait accord\u00e9 90 millions de dollars \u00e0 la soci\u00e9t\u00e9 Albermarle pour rouvrir l\u2019une de ses mines de lithium \u00e0 Kings Mountain, et une autre soci\u00e9t\u00e9, Piedmont Lithium, avait d\u00e9j\u00e0 conclu des accords avec Tesla et pr\u00e9voyait d\u2019investir dans une mine de 1,8 milliard de dollars dans le comt\u00e9 de Gaston. Les deux entreprises avaient besoin de l\u2019autorisation de zonage du comt\u00e9 de Gaston.<\/p>\n<p>Selon l\u2019U.S. Geological Survey, les \u00c9tats-Unis disposent de plus de 6,8 milliards de tonnes de sources de lithium \u00abidentifi\u00e9es\u00bb dans le Nevada, la Caroline du Nord et l\u2019Arkansas. Ainsi, Albemarle Corporation a identifi\u00e9 Kings Mountain, en Caroline du Nord, qui poss\u00e8de l\u2019un des gisements de lithium les plus riches au monde, comme \u00abessentiel\u00bb pour la \u00ab<em>transformation mondiale vers une \u00e9nergie propre<\/em>\u00bb. Spruce Pine, en Caroline du Nord, situ\u00e9e au nord-est de la ville d\u00e9vast\u00e9e d\u2019Asheville, poss\u00e8de l\u2019un des gisements de lithium (minerai de spodum\u00e8ne) les plus riches au monde, ainsi que du sable de quartz de haute puret\u00e9 (Sibelco) utile pour les march\u00e9s de l\u2019\u00e9nergie solaire, des semi-conducteurs et de la fibre optique. Spruce Pines dispose de \u00ab<em>suffisamment de quartz pour r\u00e9pondre \u00e0 la demande mondiale en puces IA<\/em>\u00bb. La journaliste scientifique Nikki Main a d\u00e9clar\u00e9 que cette \u00ab<em>petite ville perdue<\/em>\u00bb contribuerait \u00e0 alimenter la r\u00e9volution de l\u2019IA et disposait de suffisamment de quartz pour alimenter l\u2019ensemble de l\u2019industrie mondiale des semi-conducteurs, qui repr\u00e9sente 530 milliards de dollars.<\/p>\n<p>En d\u00e9cembre 2023, nous avons appris sur WUNC, la radio publique de Caroline du Nord, que la soci\u00e9t\u00e9 Albermarle Corporation, \u00e9troitement li\u00e9e \u00e0 l\u2019industrie pharmaceutique et aux produits chimiques sp\u00e9cialis\u00e9s, \u00e9tait en train de construire un \u00ab<em>empire mondial du lithium<\/em>\u00bb bas\u00e9 \u00e0 Charlotte, en Caroline du Nord. La soci\u00e9t\u00e9 \u00ab<em>souhaite diriger le d\u00e9veloppement d\u2019une cha\u00eene d\u2019approvisionnement am\u00e9ricaine afin de satisfaire la demande croissante en lithium pour les batteries qui alimentent tout, des v\u00e9hicules \u00e9lectriques aux t\u00e9l\u00e9phones portables et ordinateurs portables<\/em>\u00bb. Le lithium non trait\u00e9 provenant du monde entier est exp\u00e9di\u00e9 \u00e0 environ 50 km \u00e0 l\u2019ouest de Charlotte vers l\u2019usine de traitement d\u2019Albermarle \u00e0 Kings Mountain, o\u00f9 il est transform\u00e9 en \u00ab<em>lithium raffin\u00e9 en poudre blanche<\/em>\u00bb. L\u2019usine traite \u00ab<em>des milliers de tonnes par an<\/em>\u00bb. Pr\u00e8s de l\u2019usine de traitement se trouve le centre de recherche et d\u00e9veloppement d\u2019Albermarle, et \u00ab<em>juste en bas de la colline, Albermarle esp\u00e8re rouvrir une ancienne mine \u00e0 ciel ouvert qui figurait parmi les principales sources mondiales de lithium jusqu\u2019\u00e0 sa fermeture en 1988<\/em>\u00bb.<\/p>\n<p>Albermarle a admis en d\u00e9cembre 2023 qu\u2019elle investissait 200 millions de dollars dans un centre de recherche, 400 millions de dollars dans une nouvelle usine et 1,3 milliard de dollars dans une autre nouvelle usine \u00e0 Chester, en Caroline du Sud. Albermarle est l\u2019une des entreprises pr\u00e9f\u00e9r\u00e9es de Wall Street. L\u2019objectif est d\u2019extraire suffisamment de mati\u00e8re premi\u00e8re pour produire 50 000 tonnes m\u00e9triques de lithium trait\u00e9 par an afin d\u2019alimenter en batteries 1,2 million de v\u00e9hicules \u00e9lectriques connect\u00e9s \u00e0 l\u2019Internet des objets chaque ann\u00e9e. Pour rouvrir la mine, la soci\u00e9t\u00e9 Albermarle a re\u00e7u \u00ab<em>une subvention de 90 millions de dollars du minist\u00e8re am\u00e9ricain de la D\u00e9fense pour les min\u00e9raux critiques<\/em>\u00bb. L\u2019accord visait sp\u00e9cifiquement la mine de lithium de Kings Mountain afin d\u2019augmenter la production pour la cha\u00eene d\u2019approvisionnement nationale en batteries de 2025 \u00e0 2030.<\/p>\n<p>Il n\u2019y avait que deux probl\u00e8mes. Une autre soci\u00e9t\u00e9, Piedmont Lithium (PDG Keith D. Phillips), bas\u00e9e \u00e0 Belmont, lorgnait \u00e9galement sur le lithium du comt\u00e9 de Gaston et attendait un permis d\u2019exploitation mini\u00e8re de l\u2019\u00c9tat pour un \u00ab<em>site situ\u00e9 dans le nord du comt\u00e9 de Gaston, pr\u00e8s de Cherryville<\/em>\u00bb, mais les habitants et les autorit\u00e9s locales s\u2019y opposaient. Comme l\u2019a rapport\u00e9 WCNC, \u00ab<em>les habitants de Cherryville<\/em> [une autre ville d\u00e9vast\u00e9e] <em>s\u2019opposent depuis plusieurs ann\u00e9es \u00e0 un projet de mine de lithium<\/em>\u00bb. Piedmont Lithium avait d\u00e9j\u00e0 conclu des accords avec Tesla et pr\u00e9voyait d\u2019investir 1,8 milliard de dollars dans une mine. Le deuxi\u00e8me probl\u00e8me \u00e9tait que la r\u00e9gion est principalement constitu\u00e9e de terres agricoles et de maisons.<\/p>\n<ul class=\"wp-block-list\">\n<li>Kent Masters, pr\u00e9sident-directeur g\u00e9n\u00e9ral d\u2019Albermarle apr\u00e8s Luke Kissam, dispose de peu d\u2019informations biographiques en ligne, ce qui rend difficile de d\u00e9terminer s\u2019il est \u00e9galement juif. Cependant, il convient de noter que quelques jours avant que 60 cm de pluie et \u00ab<em>des eaux charg\u00e9es de d\u00e9bris<\/em>\u00bb ne s\u2019abattent sur la Caroline du Nord, \u00ab<em>d\u00e9truisant presque tous les b\u00e2timents<\/em>\u00bb de Marshall et ruinant \u00ab<em>les commerces de la ville<\/em>\u00bb, les Isra\u00e9liens faisaient exploser les batteries au lithium d\u2019au moins 7000 appareils \u00e9lectroniques. Selon le correspondant de RT, Yasin Eken, cela comprenait les t\u00e9l\u00e9phones portables, les ordinateurs portables, les scanners d\u2019empreintes digitales et les radios des citoyens libanais, avec deux attaques diff\u00e9rentes \u00e0 deux jours diff\u00e9rents. Cela signifie que les Isra\u00e9liens ont la capacit\u00e9 de faire exploser des milliers d\u2019appareils de communication en un instant, peut-\u00eatre simplement en augmentant leur consommation d\u2019\u00e9nergie et en les chauffant, comme cela peut \u00eatre fait par une cyberattaque. Apr\u00e8s ce crime de guerre, RT Breaking News a d\u00e9clar\u00e9 qu\u2019Isra\u00ebl \u00abrestait silencieux\u00bb et que le juif Anthony Blinken, secr\u00e9taire d\u2019\u00c9tat am\u00e9ricain, avait ni\u00e9 que les \u00c9tats-Unis ainet pu savoir que l\u2019attaque allait avoir lieu. Il convient \u00e9galement de noter que Kent Masters travaille avec le gouvernement chilien pour nationaliser les mines de lithium du pays et contr\u00f4ler les contrats.<\/li>\n<\/ul>\n<p>Selon le programme d\u2019acquisition pour l\u2019att\u00e9nuation des risques de la FEMA : \u00ab<em>Afin de contribuer \u00e0 minimiser les pertes futures li\u00e9es aux inondations, le programme de rachat pour la Caroline du Nord comprend l\u2019acquisition et la d\u00e9molition\/relocalisation des structures \u2013 la communaut\u00e9 ach\u00e8te, avec le financement de la FEMA, la propri\u00e9t\u00e9 au propri\u00e9taire et d\u00e9molit ou relocalise toutes les structures se trouvant sur la propri\u00e9t\u00e9<\/em>\u00bb.<\/p>\n<p>David James poursuit :<\/p>\n<p>\u00ab<em>Une fois que les autorit\u00e9s locales ont condamn\u00e9 des b\u00e2timents ou refus\u00e9 des permis de construire pour diverses raisons, la FEMA intervient et rach\u00e8te les propri\u00e9t\u00e9s \u00e0 \u00ab75% de la juste valeur marchande\u00bb du terrain, que la maison soit endommag\u00e9e ou non. Cela signifie que les gens sont contraints de quitter les terres qu\u2019ils occupent depuis des g\u00e9n\u00e9rations et re\u00e7oivent des paiements d\u00e9risoires de la part de la FEMA et\/ou de ses sous-traitants. Ils facilitent \u00e9galement les d\u00e9molitions. La FEMA utilise l\u2019agenda \u00e9cologique et la rh\u00e9torique du changement climatique d\u2019origine humaine pour justifier des changements radicaux dans le zonage et les permis, affirmant que le changement climatique d\u2019origine humaine continuera \u00e0 provoquer des inondations dans des zones qui n\u2019en ont jamais connu auparavant. C\u2019est pourquoi ils instaurent de nouvelles plaines inondables (dans un d\u00e9lai de 100 ans et 500 ans), ce qui rend pratiquement impossible pour les r\u00e9sidents d\u2019obtenir des permis de construire dans ces zones nouvellement \u00abinondables\u00bb, des zones qui existent depuis des centaines d\u2019ann\u00e9es et qui n\u2019ont jamais connu d\u2019inondations de cette ampleur avant l\u2019ouragan Helene<\/em>\u00bb.<\/p>\n<p>Lorsqu\u2019on a demand\u00e9 \u00e0 Alejandro Mayorkas, le responsable de la FEMA, qui avait le plus besoin d\u2019aide \u00e0 la suite de l\u2019ouragan Helene, il a r\u00e9pondu qu\u2019Asheville n\u2019\u00e9tait qu\u2019une communaut\u00e9 parmi six \u00c9tats \u00ab<em>d\u00e9vast\u00e9s par ce qui est, franchement, un ouragan d\u2019une ampleur historique. L\u2019\u00e9tendue de ses effets catastrophiques est sans pr\u00e9c\u00e9dent<\/em>\u00bb.<\/p>\n<h5 class=\"wp-block-heading\"><strong>Au Br\u00e9sil<\/strong><\/h5>\n<p>Au cours du m\u00eame mois que les inondations au Texas, le sud du Br\u00e9sil a connu des inondations qui ont d\u00e9plac\u00e9 au moins un demi-million d\u2019habitants. Selon un pr\u00eatre catholique br\u00e9silien que j\u2019ai rencontr\u00e9 \u00e0 S\u00e9govie, l\u2019arm\u00e9e et le gouvernement central n\u2019ont pas emp\u00each\u00e9 les inondations ni aid\u00e9 les personnes sinistr\u00e9es.<\/p>\n<p>Selon Weber Braga, auteur de <em>Culture Wars<\/em> et r\u00e9sidant au Br\u00e9sil :<\/p>\n<p>Le Rio Grande do Sul (RS) est connu pour ses fortes pluies et ses inondations pendant l\u2019\u00e9t\u00e9 (entre janvier et avril). Cependant, les inondations de 2024 ont pris une tournure inattendue, car les centres m\u00e9t\u00e9orologiques du RS n\u2019ont pas alert\u00e9 la population sur le sc\u00e9nario qui allait se produire. J\u2019ai parl\u00e9 \u00e0 des personnes touch\u00e9es par les inondations. Tout le monde dit que c\u2019\u00e9tait un \u00e9v\u00e9nement totalement inattendu.<\/p>\n<p>Un journal br\u00e9silien a d\u00e9clar\u00e9 apr\u00e8s la catastrophe que \u00ab<em>les inondations qui ont frapp\u00e9 le RS \u00e9taient pr\u00e9visibles, mais que le gouvernement n\u2019avait pas investi dans la pr\u00e9vention<\/em>\u00bb. Le 3 juillet, un autre sp\u00e9cialiste a d\u00e9clar\u00e9 que le Centre national de surveillance et d\u2019alerte des catastrophes naturelles (Cemaden) avait \u00e9t\u00e9 inform\u00e9 des pr\u00e9visions plusieurs jours \u00e0 l\u2019avance.<\/p>\n<p>Pourquoi alors le gouvernement n\u2019a-t-il pas inform\u00e9 la population de la catastrophe s\u2019il savait d\u00e9j\u00e0 qu\u2019elle allait se produire ? Le gouvernement et les m\u00e9dias ne devraient-ils pas aider la population ? Peut-\u00eatre aux \u00c9tats-Unis, oui. Mais au Br\u00e9sil, bien s\u00fbr que non. L\u2019\u00c9tat du Rio Grande do Sul est une r\u00e9gion situ\u00e9e \u00e0 l\u2019int\u00e9rieur de plusieurs bassins, avec beaucoup de montagnes et de rivi\u00e8res, et il est relativement proche de l\u2019Antarctique [dont une section est revendiqu\u00e9e comme \u00abzone d\u2018int\u00e9r\u00eat\u00bb par le Br\u00e9sil depuis 1986]. Il s\u2019agit donc d\u2019une r\u00e9gion qui comprend une grande zone estuarienne appel\u00e9e Lagoa de Patos, qui souffre toujours de fortes pluies, de neige, de cyclones tropicaux, d\u2019inondations, etc. Et la capitale, Porto Alegre, est situ\u00e9e \u00e0 l\u2019int\u00e9rieur de celle-ci. La ville est prot\u00e9g\u00e9e par 35 barrages, dont 30 ne fonctionnaient plus depuis plusieurs ann\u00e9es. Si la catastrophe \u00e9tait \u00abpr\u00e9visible\u00bb, c\u2019\u00e9tait uniquement dans le cas de Porto Alegre. Ma femme est n\u00e9e l\u00e0-bas et, selon elle, les pertes subies par la ville sont irr\u00e9m\u00e9diables.<\/p>\n<p>Porto Alegre a toujours dispos\u00e9 d\u2019un syst\u00e8me d\u2019\u00e9cluses. Le Dr Fernando Fan, sp\u00e9cialiste de l\u2019Institut de recherche en hydraulique (IPH) de l\u2019Universit\u00e9 f\u00e9d\u00e9rale de Rio Grande do Sul, a d\u00e9clar\u00e9 en mai 2005 : \u00ab<em>Le syst\u00e8me d\u2019\u00e9cluses de Porto Alegre fonctionne davantage comme un syst\u00e8me visant \u00e0 retarder l\u2019entr\u00e9e de l\u2019eau que comme un syst\u00e8me de protection efficace. Bien s\u00fbr, c\u2019est tr\u00e8s bien, car jusqu\u2019\u00e0 pr\u00e9sent, les inondations sont principalement bloqu\u00e9es par le syst\u00e8me de protection <\/em>[le mur]\u00bb. Les barrages supportent 3 m\u00e8tres d\u2019eau. L\u2019inondation a atteint 5,26 m\u00e8tres au cours des dix premiers jours. Le m\u00eame groupe qui \u00e9tait au courant de la catastrophe plusieurs jours \u00e0 l\u2019avance savait-il \u00e9galement que le syst\u00e8me de vannes ne fonctionnerait pas ? Quoi qu\u2019il en soit, la capacit\u00e9 du syst\u00e8me de vannes de la rivi\u00e8re Guaiba \u00e9tait pr\u00e9visible. Il ne supportait qu\u2019une inondation de trois m\u00e8tres. Des inondations se produisent chaque ann\u00e9e. Mais il semble que le gouverneur Eduardo Leite ou le maire n\u2019y voyaient aucun probl\u00e8me.<\/p>\n<p>En septembre 2021, le gouverneur Leite a d\u00e9cid\u00e9 de revitaliser le vieux port de Porto Alegre, le <em>Cais Mau\u00e1<\/em>, qui avait \u00e9t\u00e9 pendant des d\u00e9cennies un syst\u00e8me de protection efficace contre les inondations sur la rivi\u00e8re Guaiba et qui \u00e9tait le principal syst\u00e8me de protection de la ville lors de la catastrophe de 2024. Leite avait l\u2019intention de d\u00e9truire le mur anti-inondation d\u2019un kilom\u00e8tre de long connu sous le nom de <em>Muro da Mau\u00e1<\/em> afin de construire un parc \u00e0 th\u00e8me r\u00e9sidentiel gay-friendly sur les rives du Gua\u00edba apr\u00e8s \u00eatre devenu membre du Forum \u00e9conomique mondial en 2023. Son si\u00e8ge au FEM a permis \u00e0 Leite d\u2019acc\u00e9der aux banques internationales et aux pr\u00eats au d\u00e9veloppement. L\u2019usure et la sodomie, comme dirait le Dr Jones \u2013 et la stupidit\u00e9, dirais-je \u2013 vont toujours de pair lorsqu\u2019il s\u2019agit de politiciens ouvertement homosexuels, comme Eduardo Leite ; ou comme Ivo Gomes, le maire de ma ville natale, Sobral, que j\u2019ai fui par manque de travail ; ou comme Pete Buttigieg, secr\u00e9taire am\u00e9ricain aux Transports. Dans leur cas, certaines choses sont tr\u00e8s pr\u00e9visibles. La fin de villes comme Sodome et Gomorrhe, ou comme Porto Alegre, a toujours \u00e9t\u00e9 la destruction, autre nom de la faillite, qui est le sort \u00e0 long terme des \u00c9tats administr\u00e9s par des sodomites et des usuriers ; suivie de la mort, ce qui est le salaire du p\u00e9ch\u00e9.<\/p>\n<p>Pendant la catastrophe, des habitants de plusieurs \u00c9tats, en particulier de l\u2019\u00c9tat de Santa Catarina, se sont rassembl\u00e9s et ont envoy\u00e9 des provisions aux victimes des inondations, mais le gouvernement br\u00e9silien n\u2019a rien fait pour aider. Le pr\u00e9sident Lula n\u2019a pris aucune mesure avant que les politiciens de son entourage ne voient les avantages financiers d\u2019une intervention f\u00e9d\u00e9rale. Lula a sign\u00e9 des projets de loi pour plusieurs politiciens du Rio Grande do Sul, afin de manipuler le r\u00e9sultat des prochaines \u00e9lections, qui ont eu lieu en octobre dernier. Ils ont \u00e9galement tent\u00e9 de taxer tous les donateurs et de les censurer pour avoir d\u00e9nonc\u00e9 les abus du gouvernement contre la population du RS sur les r\u00e9seaux sociaux.<\/p>\n<p>Le 15 mai, le pr\u00e9sident Lula a sign\u00e9 une loi provisoire cr\u00e9ant un bureau ex\u00e9cutif pour le soutien \u00e0 la reconstruction de l\u2019\u00c9tat du Rio Grande do Sul, et il a nomm\u00e9 Paulo Pimenta ministre provisoire charg\u00e9 de la reconstruction. Dans la pratique, cela lui a donn\u00e9 des pr\u00e9rogatives totales, telles que l\u2019approbation des projets de loi f\u00e9d\u00e9raux et le contournement du gouvernement d\u2019Eduardo Leite, qui a depuis \u00e9t\u00e9 destitu\u00e9. Le gouvernement avait estim\u00e9 qu\u2019environ 240 000 familles b\u00e9n\u00e9ficieraient d\u2019un investissement de 1,2 milliard de reais. \u00c0 ce jour, les victimes n\u2019ont re\u00e7u aucun argent du gouvernement. Fin juillet, le gouvernement f\u00e9d\u00e9ral a annonc\u00e9 qu\u2019il allait investir au total 7,4 milliards de reais dans l\u2019\u00c9tat de Rio Grande do Sul dans le cadre du PAC (Programme d\u2019acc\u00e9l\u00e9ration de la croissance). Lula est connu pour utiliser les programmes sociaux au profit de ses prot\u00e9g\u00e9s politiques, et pour bien d\u2019autres choses encore, comme le financement du blanchiment d\u2019argent.<\/p>\n<p>Une fois que les victimes des inondations ont commenc\u00e9 \u00e0 reconstruire leurs propri\u00e9t\u00e9s, le gouvernement n\u2019a rien fait pour reconstruire les infrastructures. D\u2019autre part, le Conseil consultatif sur le climat du Secr\u00e9tariat \u00e0 l\u2019environnement et aux infrastructures (SEMA) de l\u2019\u00c9tat de Rio Grande do Sul (RS) a \u00e9t\u00e9 cr\u00e9\u00e9 en f\u00e9vrier 2023, \u00e0 temps pour le Forum \u00e9conomique mondial de 2023 et le voyage d\u2019Eduardo Leite \u00e0 Davos. L\u2019\u00c9tat du RS, engag\u00e9 dans l\u2019Agenda 2030, a envisag\u00e9 deux programmes ambitieux : la carte strat\u00e9gique du gouvernement de l\u2019\u00c9tat du Rio Grande do Sul et ProClima2050, qui cite comme strat\u00e9gie la plus importante pour lutter contre le changement climatique dans le RS la cr\u00e9ation d\u2019une feuille de route climatique. Selon le dossier pr\u00e9sent\u00e9 le 12 novembre lors de la Conf\u00e9rence sur le climat (COP29) en Azerba\u00efdjan, l\u2019objectif de la feuille de route climatique :<\/p>\n<p>est d\u2019obtenir un diagnostic climatique bas\u00e9 sur la fourniture d\u2019informations locales provenant de chaque municipalit\u00e9 gr\u00e2ce \u00e0 la collecte de donn\u00e9es et \u00e0 la possibilit\u00e9 ult\u00e9rieure d\u2019identifier des strat\u00e9gies d\u2019att\u00e9nuation et d\u2019adaptation au changement climatique au niveau de l\u2019\u00c9tat.<\/p>\n<p>En d\u2019autres termes, ce syst\u00e8me permettrait de surveiller les activit\u00e9s de tout un \u00c9tat, sous pr\u00e9texte d\u2019att\u00e9nuer les \u00e9missions de carbone. Nous n\u2019avons jamais \u00e9t\u00e9 aussi proches d\u2019un \u00c9tat bionique. Et c\u2019est ainsi que le r\u00eave du bras droit de Klaus Schwab, Yuval Harari, devient r\u00e9alit\u00e9 au Br\u00e9sil. En 2017, Harari d\u00e9clarait :<\/p>\n<p>\u00c0 mesure que la crise \u00e9cologique s\u2019intensifie, la pression en faveur du d\u00e9veloppement technologique va augmenter, et non diminuer. Je pense que la crise \u00e9cologique du XXIe si\u00e8cle sera analogue aux deux guerres mondiales du XXe si\u00e8cle en ce sens qu\u2019elle servira \u00e0 acc\u00e9l\u00e9rer le progr\u00e8s technologique. (\u2026) Les gens seraient tr\u00e8s prudents lorsqu\u2019il s\u2019agirait de d\u00e9velopper ou d\u2019exp\u00e9rimenter le g\u00e9nie g\u00e9n\u00e9tique sur les \u00eatres humains ou de confier le contr\u00f4le des syst\u00e8mes d\u2019armement \u00e0 l\u2019intelligence artificielle. Mais si vous \u00eates confront\u00e9 \u00e0 une crise grave, caus\u00e9e par exemple par la d\u00e9gradation \u00e9cologique, alors les gens seront tent\u00e9s d\u2019essayer toutes sortes de technologies \u00e0 haut risque et \u00e0 haut rendement dans l\u2019espoir de r\u00e9soudre le probl\u00e8me\u2026 \u00c0 mesure que nous acqu\u00e9rons plus de pouvoir, la question de savoir ce que nous en faisons devient de plus en plus cruciale, et nous sommes tr\u00e8s proches de disposer r\u00e9ellement de pouvoirs divins de cr\u00e9ation et de destruction.<\/p>\n<p>Le Rio Grande do Sul repr\u00e9sente d\u00e9sormais le mod\u00e8le pour tous les \u00c9tats br\u00e9siliens, conform\u00e9ment aux aspirations de l\u2019\u00e9lite mondiale. Cela signifie la mise en \u0153uvre compl\u00e8te de l\u2019Agenda 2030 dans toute son \u00e9tendue.<\/p>\n<p>Fin du r\u00e9cit de Weber Braga.<\/p>\n<h5 class=\"wp-block-heading\"><strong>La Fondation Rockefeller<\/strong><\/h5>\n<p>En mai 2010, la Fondation Rockefeller a publi\u00e9 \u00ab<em>Sc\u00e9narios pour l\u2019avenir de la technologie et du d\u00e9veloppement international<\/em>\u00bb. Dans cet exercice de r\u00e9flexion, les Rockefeller ont pr\u00e9dit une \u00e9pid\u00e9mie de grippe aviaire qui d\u00e9cimerait la jeune g\u00e9n\u00e9ration. Ils ont fait valoir que la solution consisterait ensuite \u00e0 exercer un plus grand contr\u00f4le de l\u2019IA ou d\u2019Internet sur la population, avec une s\u00e9curit\u00e9 accrue sous la forme de codes-barres, de soci\u00e9t\u00e9s sans esp\u00e8ces, d\u2019entr\u00e9es par empreintes digitales, de voitures intelligentes et de faux aliments. Cela signifie que la Fondation Rockefeller doit contr\u00f4ler les sources d\u2019eau pour le fonctionnement d\u2019Internet, la collecte et le stockage d\u2019informations, le traitement de ces informations via l\u2019IA ou des codes, la destruction de l\u2019agriculture et de l\u2019industrie, et doit contr\u00f4ler le prix de toutes les entreprises, car celles-ci et les personnes ont n\u00e9cessairement besoin d\u2019eau. L\u2019autre volet du plan consistait \u00e0 r\u00e9duire la population. Selon Judith Rodin, alors pr\u00e9sidente de la Fondation Rockefeller, \u00ab<em>promouvoir le bien-\u00eatre<\/em>\u00bb de l\u2019humanit\u00e9 en r\u00e9duisant son nombre figure \u00e0 l\u2019ordre du jour de la Fondation Rockefeller depuis 1913. Cette date a \u00e9t\u00e9 r\u00e9cemment confirm\u00e9e par les articles de Weber Braga dans <em>Culture Wars<\/em> sur l\u2019histoire des Rockefeller au Br\u00e9sil (num\u00e9ros de novembre et d\u00e9cembre 2024). Tous ces plans ne peuvent \u00eatre r\u00e9alis\u00e9s qu\u2019en d\u00e9truisant et en ouvrant des barrages importants vers des villes importantes, car lorsque les petites entreprises sont d\u00e9truites, la population se concentre davantage dans des groupes contr\u00f4l\u00e9s par les grandes entreprises. En ciblant les ports et les c\u00f4tes vuln\u00e9rables pour les inonder, les \u00e9lites comme les Rockefeller prennent rapidement le contr\u00f4le des mers, du tourisme, de l\u2019eau, du transport maritime et des transports, ainsi que du d\u00e9veloppement de l\u2019IA, sans parler de la production agricole, de l\u2019industrie et du type de marchandises produites ou entrant dans un pays.<\/p>\n<p>Il est int\u00e9ressant de noter que l\u2019un des sites touch\u00e9s \u00e0 Valence \u00e9tait celui des r\u00e9sidences construites par la soci\u00e9t\u00e9 automobile d\u2019Henry Ford pour loger les employ\u00e9s de Ford. J\u2019y ai parl\u00e9 \u00e0 un homme qui a sauv\u00e9 son ami \u00e0 3 heures du matin et qui a ensuite perdu son gagne-pain lorsque les voitures de la soci\u00e9t\u00e9 n\u2019ont plus d\u00e9marr\u00e9 apr\u00e8s l\u2019inondation. C\u2019est Henry Ford qui avait soulign\u00e9 que les juifs, gr\u00e2ce aux guerres et \u00e0 la propagande, parviennent \u00e0 prendre le contr\u00f4le des points n\u00e9vralgiques de la soci\u00e9t\u00e9, l\u2019eau \u00e9tant l\u2019un des plus essentiels. En ciblant les c\u00f4tes du golfe du Mexique, de la M\u00e9diterran\u00e9e, de la mer Noire, de l\u2019Indon\u00e9sie, de l\u2019Islande, de la ceinture de feu, etc., les oligarques prennent le contr\u00f4le des mers et transforment les nations en camps de concentration ou en \u00ab\u00c9tats policiers\u00bb. De plus, des juifs comme George Soros exacerbent la pauvret\u00e9 et fomentent des guerres dans les pays du tiers-monde, ce qui entra\u00eene l\u2019immigration massive de ces populations vers l\u2019Europe, pr\u00e9parant ainsi le terrain pour un nouveau type d\u2019esclaves salari\u00e9s qui sape simultan\u00e9ment l\u2019\u00e9conomie europ\u00e9enne.<\/p>\n<p>Les Espagnols traversaient les mers et unifiaient le monde \u00e0 l\u2019int\u00e9rieur de leur royaume et avec la religion catholique 200 ans avant que les Anglais ne leur volent leurs cartes. La date cruciale de 1492 marque non seulement le voyage de Christophe Colomb vers l\u2019Am\u00e9rique, mais aussi l\u2019expulsion d\u2019Espagne des juifs qui refusaient de pratiquer la morale chr\u00e9tienne. La conqu\u00eate espagnole de la <em>tierra firme,<\/em> l\u2019expansion en Am\u00e9rique, superpose la volont\u00e9 de Dieu et le r\u00e8gne des Rois Catholiques.<\/p>\n<p>Ce que nous avons aujourd\u2019hui, c\u2019est le triomphe du royaume antichr\u00e9tien des juifs gr\u00e2ce \u00e0 leurs extraordinaires ressources financi\u00e8res acquises par le vol et le meurtre, mais aussi gr\u00e2ce aux types de gouvernements qu\u2019ils ont mis en place il y a longtemps en opposition aux monarques catholiques.<\/p>\n<p>Sur son lit de mort, la reine qui avait \u00e9tendu et prot\u00e9g\u00e9 l\u2019Espagne se souciait \u00e9galement du bien-\u00eatre des races \u00e9trang\u00e8res. Une fois que les catholiques abandonnent la vraie religion et l\u2019id\u00e9al d\u2019une monarchie catholique, ils se retrouvent sans d\u00e9fense face \u00e0 la b\u00eate \u00e0 sept t\u00eates qui surgit de la mer, selon le livre de l\u2019Apocalypse : \u00ab<em>Et ils blasph\u00e9m\u00e8rent le Dieu du ciel, \u00e0 cause de leurs douleurs et de leurs blessures, et ils ne se repentirent pas de leurs \u0153uvres<\/em>\u00bb. De la Caroline du Nord \u00e0 l\u2019Espagne, la devise des populations touch\u00e9es par les inondations est \u00ab<em>el pueblo salva el pueblo<\/em>\u00bb (c\u2019est le peuple qui sauve le peuple). Cependant, un corps sans t\u00eate ne peut agir, tout comme un syst\u00e8me d\u2019irrigation bouch\u00e9 ne peut irriguer une r\u00e9gion, et des veines bouch\u00e9es ne peuvent soutenir un c\u0153ur qui veut battre. De telles faiblesses permettent \u00e0 des ennemis de l\u2019humanit\u00e9 de r\u00e9gner sur nous.<\/p>\n<h5 class=\"wp-block-heading\"><strong>Histoire d\u2019Espagne et art anticatholique<\/strong><\/h5>\n<p>De retour \u00e0 Ar\u00e9valo, en Espagne, o\u00f9 la reine Isabelle avait grandi, o\u00f9 se trouve le ch\u00e2teau qu\u2019elle avait repris et d\u00e9fendu, o\u00f9 l\u2019art de la corrida est n\u00e9, o\u00f9 la pr\u00e9sence de Sainte Th\u00e9r\u00e8se a b\u00e9ni l\u2019eau et rendu les poissons incorruptibles, et o\u00f9 je termine cette histoire, dans la lign\u00e9e de l\u2019analyse de Netflix, propri\u00e9t\u00e9 juive, sur les inondations de Valence, nous avons la derni\u00e8re exposition artistique de Javier Lumbreras, \u00ab<em>La Lluvia No Viene del Cielo<\/em>\u00bb (la pluie ne vient pas du ciel), qu\u2019il a install\u00e9e dans la paroisse abandonn\u00e9e de San Martin, datant du XIIe si\u00e8cle, \u00e0 Ar\u00e9valo. Lumbreras, qui est originaire de la \u00abpetite ville\u00bb d\u2019Ar\u00e9valo, est aujourd\u2019hui pr\u00e9sident du conseil d\u2019administration de l\u2019Art Fund Association \u00e0 New York et tr\u00e8s impliqu\u00e9 dans le monde de la finance, de la planification successorale et des investissements alternatifs.<\/p>\n<p>Javier Lumbreras aurait pu utiliser un certain nombre d\u2019autres b\u00e2timents abandonn\u00e9s pour pr\u00e9senter son exposition, et compte tenu de la qualit\u00e9 de son \u00abart\u00bb, il aurait pu utiliser une porcherie, mais il a choisi de louer une \u00e9glise catholique dont le retable baroque dor\u00e9 est intact. Et l\u2019\u00e9glise qu\u2019il a choisi de louer est celle qui a vu le bapt\u00eame du fr\u00e8re Juan Gil, celui qui racheta Miguel de Cervantes de l\u2019esclavage avant qu\u2019il n\u2019\u00e9crive <em>Don Quichotte<\/em>. Dans cette exposition, Lumbreras ironise sur le fait que ce n\u2019est plus le ciel qui fournit la pluie. Dieu a \u00e9t\u00e9 surpass\u00e9. Lumbreras sait d\u2019o\u00f9 vient l\u2019eau, car il vit parmi des artistes, des collectionneurs d\u2019art et des investisseurs dans l\u2019art, qui sont les personnes qui contr\u00f4lent la propagande et la culture, comme l\u2019explique le Dr E. Michael Jones dans <em>The Dangers of Beauty : the Conflict Between Mimesis and Concupiscence in the Fine Arts<\/em> (\u00abLes dangers de la beaut\u00e9 : le conflit entre la mim\u00e9sis et la concupiscence dans les beaux-arts\u00bb). Dans le m\u00eame ouvrage, le Dr Jones prouve que l\u2019art moderne est juif. D\u2019apr\u00e8s ce que j\u2019ai pu recueillir aupr\u00e8s des habitants de la ville, la famille Lumbreras a d\u00fb partir pour les \u00c9tats-Unis apr\u00e8s que le p\u00e8re de Lumbreras, qui \u00e9tait avocat, ait \u00e9t\u00e9 pris en flagrant d\u00e9lit d\u2019escroquerie des familles d\u2019Ar\u00e9valo \u00e0 raison de sommes d\u2019argent importantes dont les habitants de la ville se souviennent. Par cons\u00e9quent, Javier Lumbreras a grandi dans de grandes villes des \u00c9tats-Unis et a finalement \u00e9pous\u00e9 Lorena P\u00e9rez-J\u00e1come, de Univisi\u00f3n, Telemundo et Fox Latinoamerica. Outre sa position dans les m\u00e9dias les plus influents d\u2019Am\u00e9rique latine, Lorena est la fille d\u2019un s\u00e9nateur mexicain. Le beau-fr\u00e8re de Lumbreras, Dionisio P\u00e9rez-J\u00e1come Friscione, est tr\u00e8s impliqu\u00e9 dans le secteur \u00e9nerg\u00e9tique mexicain et est surnomm\u00e9 \u00abtijeras\u00bb (ciseaux) ou quelque chose de ce genre pour d\u00e9crire son r\u00f4le \u00e9conomique au sein du gouvernement mexicain, d\u00e9sormais dirig\u00e9 par Claudia Sheinbaum (d\u2019origine communiste et juive). Dionisio a \u00e9t\u00e9 secr\u00e9taire \u00e0 la Communication et aux Transports du pr\u00e9sident Calder\u00f3n, puis est devenu ambassadeur du Mexique au Canada.<\/p>\n<p>Javier Lumbreras aligne ses expositions artistiques sur les plus importantes expositions artistiques de Madrid, appel\u00e9es ARCO, afin de pouvoir amener des groupes d\u2019investisseurs \u00e9trangers \u00e0 Ar\u00e9valo pour voir ses expositions artistiques qui changent tous les six mois. Lorsque j\u2019ai interrog\u00e9 Lumbreras sur le th\u00e8me choisi pour la p\u00e9riode de septembre 2024 \u00e0 mars 2025, \u00ab<em>La Lluvia No Viene del Cielo<\/em>\u00bb, Lumbreras m\u2019a expliqu\u00e9 que le th\u00e8me avait \u00e9t\u00e9 choisi par son acolyte dans la ville, Aldones Nino, un Br\u00e9silien dipl\u00f4m\u00e9 en histoire et en philosophie qui, selon l\u2019universit\u00e9 de Harvard, est sp\u00e9cialis\u00e9 dans la \u00ab<em>pens\u00e9e d\u00e9coloniale<\/em>\u00bb. Ce que Nino entend par \u00abd\u00e9colonial\u00bb, c\u2019est sans doute une pens\u00e9e \u00abanti-catholique\u00bb, car son esprit est certainement colonis\u00e9, et ce de son plein gr\u00e9.<\/p>\n<p>Sans surprise, Nino a choisi de ne pas utiliser de photos des inondations catastrophiques au Br\u00e9sil dans l\u2019exposition, malgr\u00e9 la nature morbide de nombreuses autres \u0153uvres. En \u00e9tudiant les \u0153uvres d\u2019art, n\u2019importe qui pourrait deviner que Nino et Lumbreras seraient ravis d\u2019exposer des photos de cadavres flottant au fil des eaux. Au lieu de cela, il a accroch\u00e9 des photos d\u2019un homosexuel muscl\u00e9 et bronz\u00e9, inhabituellement romantique, avec un poisson que le mod\u00e8le aurait p\u00each\u00e9 dans les rivi\u00e8res br\u00e9siliennes. Juste en face de l\u2019entr\u00e9e se trouve un collage de photos de tra\u00een\u00e9es chimiques dans lesquelles celles-ci \u00e9pellent des messages inqui\u00e9tants tels que \u00abBoo !\u00bb, \u00abGoodbye\u00bb en langues \u00e9trang\u00e8res et \u00abDream Death\u00bb en anglais. Je postulerai que \u00abMetanoia\u00bb fait r\u00e9f\u00e9rence \u00e0 la nouvelle civilisation qui na\u00eetra apr\u00e8s la mise en place de l\u2019Agenda 2030. Nino a obtenu cette exposition gr\u00e2ce aux portes catholiques de la paroisse en arguant que l\u2019exposition \u00e9tait inspir\u00e9e par le poisson incorruptible de Sainte Th\u00e9r\u00e8se d\u2019Avila, ce qui est peut-\u00eatre vrai, mais pas dans le sens o\u00f9 nous l\u2019esp\u00e9rons. Il a cach\u00e9 ses intentions d\u00e9cadentes sous le couvert de la religion et de l\u2019histoire sacr\u00e9e d\u2019Ar\u00e9valo. Mais le public n\u2019est pas dupe.<\/p>\n<p>Pour la premi\u00e8re de \u00ab<em>La Lluvia No Viene del Cielo<\/em>\u00bb, Lumbreras a fait venir les investisseurs \u00e9trangers en ville juste \u00e0 temps pour les fortes pluies \u00e0 Ar\u00e9valo, mais aussi un mois avant la DANA \u00e0 Valence. \u00c0 l\u2019instar des juifs, qui sont revenus en Espagne et ont repris le pouvoir apr\u00e8s avoir \u00e9t\u00e9 expuls\u00e9s, le fils de Lumbreras, Javier, est revenu en apparence en bons termes avec la ville, mais s\u2019est ensuite moqu\u00e9 de sa situation difficile et de celle de la religion catholique en pla\u00e7ant des \u0153uvres d\u2019art blasph\u00e9matoires et vulgaires directement devant la Vierge, Saint Martin et les saints, ainsi que sur ce qui reste de l\u2019autel. Avec l\u2019aide du Br\u00e9silien, une \u0153uvre repr\u00e9sentant le fait qu\u2019il pleuvait de la d\u00e9bauche a \u00e9t\u00e9 plac\u00e9e au centre de l\u2019exposition, devant l\u2019autel. L\u2019\u0153uvre repr\u00e9sente \u00e0 la fois une fontaine d\u2019eau \u00e0 laquelle tout le monde peut boire librement gr\u00e2ce \u00e0 de nombreux seins rouges. \u00c0 c\u00f4t\u00e9 de l\u2019autel se trouve un homme qui semble ensanglant\u00e9 et d\u00e9membr\u00e9, comme le sont g\u00e9n\u00e9ralement les f\u0153tus avort\u00e9s. L\u2019artiste \u00e9crit qu\u2019il s\u2019est peint lui-m\u00eame dans sa baignoire. \u00c0 c\u00f4t\u00e9 de la pi\u00e8ce ma\u00eetresse, deux lesbiennes nues se tiennent dans l\u2019eau. \u00c0 c\u00f4t\u00e9 des lesbiennes se trouve un bateau en m\u00e9tal rouill\u00e9, express\u00e9ment fabriqu\u00e9 \u00e0 partir de d\u00e9chets et repr\u00e9sentant express\u00e9ment l\u2019arche de No\u00e9, par Juan Jes\u00fas Villaverde. Selon la plaque descriptive accroch\u00e9e au mur, Villaverde promeut des \u00ab<em>r\u00e9cits alternatifs<\/em>\u00bb et de nouveaux paradigmes, notamment en ce qui concerne l\u2019id\u00e9e de \u00abreproduction h\u00e9t\u00e9rosexuelle\u00bb.<\/p>\n<p>Villaverde oublie que la d\u00e9bauche g\u00e9n\u00e9ralis\u00e9e et l\u2019homosexualit\u00e9 ont \u00e9t\u00e9 les causes premi\u00e8res du D\u00e9luge. L\u2019art de Villaverde, probablement avec l\u2019aide de Lumbreras, est diss\u00e9min\u00e9 dans Ar\u00e9valo, mais surtout \u00e0 l\u2019int\u00e9rieur et autour des sites monumentaux du ch\u00e2teau de la reine Isabelle. Une \u0153uvre r\u00e9alis\u00e9e \u00e0 partir de d\u00e9chets emp\u00eache les p\u00e8lerins de prendre des photos correctes de la fa\u00e7ade du ch\u00e2teau. Une fois que l\u2019on \u00e9tablit ce lien, il devient \u00e9vident que Lumbreras est l\u00e0 pour d\u00e9truire la culture et l\u2019histoire catholique.<\/p>\n<p>Lumbreras pr\u00e9voit d\u2019\u00e9tendre son projet aux sections fortifi\u00e9es de la ville et \u00e0 d\u2019autres paroisses abandonn\u00e9es. Les plans architecturaux des b\u00e2timents qu\u2019il esp\u00e8re construire repr\u00e9sentent une verrue parmi les ruines royales. Il s\u2019agit d\u2019un acte de guerre juif et non d\u2019art. Ou devrions-nous dire que c\u2019est l\u2019art juif qui est un acte de guerre ?<\/p>\n<p>C\u2019est une guerre parce que le palais qui abritait la reine Isabelle, servante de Dieu, et sa reine m\u00e8re, et qui \u00e9tait la seule v\u00e9ritable attraction de la ville en raison de son histoire et de son importance, a \u00e9t\u00e9 d\u00e9moli pour faire place \u00e0 des b\u00e2timents plus modernes, m\u00eame si le chroniqueur officiel d\u2019Ar\u00e9valo, Ricardo Sancho Guerra, et d\u2019autres ont tent\u00e9 de le sauver en 1975. Lumbreras et sa famille pourraient redonner vie \u00e0 la ville en attirant les p\u00e8lerins et les touristes vers la beaut\u00e9 et la religion, comme le font Guerra et l\u2019Ayuntamiento d\u2019Ar\u00e9valo : le 13 d\u00e9cembre, la ville a couronn\u00e9 une statue de la reine d\u2019une magnifique couronne et a fait sonner les clochers de la ville pendant 15 minutes dans le cadre d\u2019un acte comm\u00e9moratif c\u00e9l\u00e9brant le 550e anniversaire de sa proclamation en tant que reine. Et cela, apr\u00e8s des jours de conf\u00e9rences, de musique, d\u2019expositions de son dernier testament et d\u2019autres actes d\u2019amour pour honorer leur reine catholique qui veille d\u00e9sormais depuis le ciel aux c\u00f4t\u00e9s de la M\u00e8re de Dieu.<\/p>\n<p>Au lieu de cela, Javier Lumbreras recouvre litt\u00e9ralement l\u2019architecture m\u00e9di\u00e9vale et les lieux saints de d\u00e9chets et de vulgarit\u00e9, comme on le fait \u00e0 Madrid autour du Palacio Real pour d\u00e9tourner l\u2019attention de sa grandeur. Ce n\u2019est pas de l\u2019art. Une \u0153uvre dans le ch\u0153ur de San Martin est constitu\u00e9e de cartons pos\u00e9s sur le c\u00f4t\u00e9. C\u2019est la guerre, car sous le ch\u0153ur, de l\u2019eau boueuse s\u2019\u00e9coule d\u2019un tuyau et est recueillie sous la forme d\u2019une cr\u00e9ature inqui\u00e9tante qui pourrait facilement comm\u00e9morer la destruction des entreprises de Valence. Dans l\u2019une des chapelles, un d\u00e9mon m\u00e9tallique bleu r\u00e9pugnant gratte le mur de mani\u00e8re effrayante. Le sol d\u2019une autre chapelle est recouvert de tuyaux en plastique remplis d\u2019eau trouble et color\u00e9e. Le mouvement visible et bouillonnant de l\u2019eau sombre et la fa\u00e7on dont les tubes sont reli\u00e9s entre eux rappellent les veines humaines et les rivi\u00e8res espagnoles. Qui a obstru\u00e9 les syst\u00e8mes d\u2019irrigation espagnols ? Qui a obstru\u00e9 les veines espagnoles ?<\/p>\n<h5 class=\"wp-block-heading\"><strong>Isra\u00ebl, graph\u00e8ne, et retour sur le pass\u00e9<\/strong><\/h5>\n<p>Je r\u00e9pondrais par le fait que les sites d\u2019information isra\u00e9liens ont admis que les Isra\u00e9liens travaillaient sur un vaccin contre la Covid avant que celle-ci ne frappe. Ces vaccins contiendraient du graph\u00e8ne, l\u2019ingr\u00e9dient principal des exp\u00e9riences de laboratoire de Josep Hornet. Josep M. Hornet, ing\u00e9nieur en \u00e9lectricit\u00e9 et en informatique originaire de Barcelone, dirige un laboratoire \u00e0 la Northeastern University de Boston qui cr\u00e9e une nanotechnologie \u00e0 base de graph\u00e8ne pour transformer les veines humaines en accessoires pour iPhone. Il est peut-\u00eatre apparent\u00e9 \u00e0 Josep M. Benet i Hornet, un r\u00e9volutionnaire du monde du th\u00e9\u00e2tre et de l\u2019art d\u00e9c\u00e9d\u00e9 du Covid en 2020. Tous les assistants de laboratoire de Jornet sont chinois et poss\u00e8dent des dipl\u00f4mes universitaires chinois. Je tiens \u00e0 souligner le fait que, selon le <em>Jewish Journal<\/em>, un Isra\u00e9lien, Tal Zaks, a dirig\u00e9 les efforts de mise au point du vaccin Moderna en collaboration avec le Dr Anthony Fauci et Pfizer-BioNTech. Les vaccins Pfizer et Moderna ont tous deux provoqu\u00e9 la formation de longs caillots dans les veines des personnes qui les ont accept\u00e9s, et ils ont tous deux affaibli et tu\u00e9 des hommes \u00e0 un taux moyen 20% plus \u00e9lev\u00e9 que celui des femmes. Sans oublier l\u2019am\u00e9ricano-isra\u00e9lien (juif) Charles M. Lieber, professeur de chimie \u00e0 Harvard, qui a \u00e9t\u00e9 surpris en train de collaborer \u00e0 la cr\u00e9ation du virus \u00e0 Wuhan, en Chine. \u00ab<em>Lieber a accept\u00e9 de mener des recherches, de publier des articles et de d\u00e9poser des brevets pour le compte de l\u2019universit\u00e9 technologique de Wuhan, en Chine, en \u00e9change de 50 000 dollars par mois<\/em>\u00bb.<\/p>\n<p>\u00c0 c\u00f4t\u00e9 des tuyaux, l\u2019exposition artistique pr\u00e9sente une bouteille d\u2019eau potable remplie d\u2019une eau orange boueuse, semblable \u00e0 celle qui s\u2019est d\u00e9vers\u00e9e sur Valence. Cette \u0153uvre rappelle que, de Valence \u00e0 Ar\u00e9valo, les Espagnols pensaient que les inondations de Valence \u00e9taient li\u00e9es au contr\u00f4le de l\u2019approvisionnement en eau potable en raison du co\u00fbt de cette derni\u00e8re. D\u2019autres ont sugg\u00e9r\u00e9 que George Soros avait pr\u00e9vu d\u2019empoisonner ces m\u00eames sources d\u2019eau.<\/p>\n<p>L\u2019exposition artistique de Lumbreras est insultante parce qu\u2019il blasph\u00e8me Dieu dans la ville de la reine Isabelle, dans une \u00e9glise catholique, et dans une ville qui est elle-m\u00eame structurellement belle gr\u00e2ce \u00e0 la culture catholique, et ce avec l\u2019aide d\u2019un Br\u00e9silien qui avoue d\u00e9tester l\u2019Espagne. Mais surtout parce que personne ne peut rien y faire sans voir sa vie ruin\u00e9e. C\u2019est un lieu conquis. Nous pouvons nous asseoir sous un arbre et pleurer comme Hernan Cort\u00e9s apr\u00e8s sa d\u00e9faite lors de la Noche Triste. La seule \u0153uvre d\u2019art v\u00e9ritable de l\u2019exposition de Lumbreras est le tableau \u00ab<em>La Noche Triste<\/em>\u00bb ou \u00ab<em>La Nuit des Douleurs<\/em>\u00bb, qui repr\u00e9sente la nuit o\u00f9 Hern\u00e1n Cort\u00e9s, ses compatriotes espagnols et leurs alli\u00e9s indig\u00e8nes furent chass\u00e9s de Tenochtitlan tout en \u00e9tant attaqu\u00e9s par les Azt\u00e8ques. Dans le tableau, Cortez et ses hommes traversent les chauss\u00e9es qui reliaient Tenochtitlan, la ville flottante sur un lac, au continent. Les Azt\u00e8ques du tableau \u00e9mergent de l\u2019eau pour attaquer. Selon la description du tableau dans l\u2019exposition artistique de Lumbreras, les cannibales pa\u00efens ont gagn\u00e9 parce qu\u2019ils comprenaient \u00ab<em>les changements du niveau de l\u2019eau et l\u2019impact des pr\u00e9cipitations, et utilisaient ces connaissances \u00e0 leur avantage sur le champ de bataille<\/em>\u00bb. Je pense que le message de Lumbreras au nom des \u00e9lites est clair : le danger qui p\u00e8se sur les derniers vestiges de la culture et du catholicisme vient de l\u2019eau que les juifs, serviteurs de l\u2019Ant\u00e9christ \u00e0 venir, manipulent afin qu\u2019il puisse r\u00e9gner sur le nouvel empire mondial en opposition directe et en suppression du mod\u00e8le espagnol repr\u00e9sent\u00e9 par le r\u00e8gne des Rois Catholiques et l\u2019influence positive des saints espagnols qui fond\u00e8rent de glorieux ordres religieux, comme Ignace, Dominique et Th\u00e9r\u00e8se de J\u00e9sus.<\/p>\n<p>La reine Isabelle mena la derni\u00e8re avanc\u00e9e de la <em>Reconquista<\/em> de 1482 \u00e0 1492, non seulement en chevauchant avec ses troupes au combat, mais aussi en soignant les bless\u00e9s de ses propres mains et en je\u00fbnant au pain et \u00e0 l\u2019eau. Ce n\u2019est pas un hasard si cette m\u00eame reine, qui s\u2019\u00e9tait souvenue des indig\u00e8nes am\u00e9ricains sur son lit de mort, avait expuls\u00e9 les juifs pour leur pratique de l\u2019usure, entre autres maux. La reine Isabelle est donc v\u00e9ritablement la sainte de notre \u00e9poque, car elle avait su identifier les ennemis nuisibles \u00e0 son gouvernement. Elle sut prot\u00e9ger ce qui \u00e9tait bon et punir les mauvais comportements. Elle avait jur\u00e9 de rechercher ce bien commun lorsqu\u2019elle est devenue reine. Il reste des hommes courageux pour mener ce combat. Je les ai vus moi-m\u00eame \u00e0 Madrigal de las Altas Torres, o\u00f9 la reine Isabelle \u00e9tait n\u00e9e et fut baptis\u00e9e. Ils sont venus en nombre, sans aucune arme \u00e0 la main, lors de la f\u00eate de Saint-Nicolas, le saint patron de la ville, pour affronter des taureaux. Bien que la reine ait tent\u00e9 de r\u00e9duire le carnage, elle avait autoris\u00e9 ce sport car il permet de maintenir l\u2019habitude de la bravoure et de la prise de risques chez les Espagnols. Il \u00e9tait revigorant de voir que la f\u00eate \u00e9tait organis\u00e9e par des hommes risquant leur vie pour le plaisir de vaincre la peur, la mort et la nature. De cette mani\u00e8re, et de bien d\u2019autres, les Rois Catholiques form\u00e8rent un peuple robuste qui ferait bien de revenir \u00e0 ses racines monarchiques catholiques. J\u2019esp\u00e8re que le peuple espagnol r\u00e9pondra aux bons sentiments de sa reine Isabelle et d\u00e9fendra sa foi, ce facteur qui l\u2019unit en un corps impressionnant.<\/p>\n<p>Avant que le plan de mondialisation antichr\u00e9tienne ne r\u00e9ussisse, j\u2019encourage le retour \u00e0 un mod\u00e8le ant\u00e9rieur. Si nous pouvons \u00e9tablir que les gouvernements les plus puissants du monde sont de m\u00e8che pour nous d\u00e9truire et s\u2019emparer de nos biens et de nos entreprises, il est peut-\u00eatre temps de soumettre nos biens, notre personne et nos entreprises \u00e0 quelqu\u2019un qui se soucie de notre bien-\u00eatre et qui soit non seulement capable, mais aussi d\u00e9termin\u00e9 \u00e0 recruter de jeunes hommes courageux pour prot\u00e9ger les barrages avant qu\u2019ils ne soient d\u00e9truits.<\/p>\n<p><em>Reine Isabelle de Castille, aidez-nous.<\/em><\/p>\n<p>Je tiens \u00e0 remercier la Casa Felipe, le meilleur bar de tout Ar\u00e9valo o\u00f9 j\u2019ai tant appris, mes guides et professeurs en Espagne, et tous ceux qui l\u2019aiment.<\/p>\n<p>xxx<\/p>\n<div class=\"sharedaddy sd-block sd-like jetpack-likes-widget-wrapper jetpack-likes-widget-unloaded\" id=\"like-post-wrapper-237719536-493163-69108c28aed95\" data-src=\"https:\/\/widgets.wp.com\/likes\/?ver=15.0.2#blog_id=237719536&amp;post_id=493163&amp;origin=reseauinternational.net&amp;obj_id=237719536-493163-69108c28aed95\" data-name=\"like-post-frame-237719536-493163-69108c28aed95\" data-title=\"Aimer ou rebloguer\">\n<h3 class=\"sd-title\">J\u2019aime \u00e7a\u00a0:<\/h3>\n<p><span class=\"button\"><span>J\u2019aime<\/span><\/span> <span class=\"loading\">chargement\u2026<\/span><\/p>\n<p><span class=\"sd-text-color\"\/><a target=\"_blank\" class=\"sd-link-color\"\/><\/div>\n<p><meta itemscope=\"\" itemprop=\"mainEntityOfPage\" itemtype=\"https:\/\/schema.org\/WebPage\" itemid=\"https:\/\/reseauinternational.net\/a-valence-si-la-pluie-ne-vient-pas-du-ciel\/\"\/><meta itemprop=\"headline\" content=\"\u00c0 Valence, si la pluie ne vient pas du ciel\u2026\"\/><span style=\"display: none;\" itemprop=\"author\" itemscope=\"\" itemtype=\"https:\/\/schema.org\/Person\"><meta itemprop=\"name\" content=\"R\u00e9seau International\"\/><\/span><span style=\"display: none;\" itemprop=\"image\" itemscope=\"\" itemtype=\"https:\/\/schema.org\/ImageObject\"><meta itemprop=\"url\" content=\"https:\/\/i0.wp.com\/reseauinternational.net\/wp-content\/uploads\/2025\/11\/Sans-titre-19-6.png?fit=800%2C467&amp;ssl=1\"\/><meta itemprop=\"width\" content=\"800\"\/><meta itemprop=\"height\" content=\"467\"\/><\/span><span style=\"display: none;\" itemprop=\"publisher\" itemscope=\"\" itemtype=\"https:\/\/schema.org\/Organization\"><span style=\"display: none;\" itemprop=\"logo\" itemscope=\"\" itemtype=\"https:\/\/schema.org\/ImageObject\"><meta itemprop=\"url\" content=\"https:\/\/reseauinternational.net\/wp-content\/uploads\/2022\/06\/Capture-de\u0301cran-2022-06-14-a\u0300-16.51.07.png\"\/><\/span><meta itemprop=\"name\" content=\"R\u00e9seau International\"\/><\/span><meta itemprop=\"datePublished\" content=\"2025-11-09T10:21:33+00:00\"\/><meta itemprop=\"dateModified\" content=\"2025-11-09T10:23:35+00:00\"\/><\/div>\n<p><br \/>\n<br \/><a href=\"https:\/\/reseauinternational.net\/a-valence-si-la-pluie-ne-vient-pas-du-ciel\/\" target=\"_blank\"\">Source link <\/a><\/p>\n","protected":false},"excerpt":{"rendered":"<p>Campagne de dons Octobre 2025 Appel aux dons \u2013 Votre soutien nous est indispensable pour continuer \u00e0 vous fournir le meilleur de l\u2019information internationale alternative. C\u2019est gr\u00e2ce \u00e0 vos dons&hellip; <\/p>\n","protected":false},"author":1,"featured_media":19131,"comment_status":"open","ping_status":"open","sticky":false,"template":"","format":"standard","meta":{"footnotes":""},"categories":[1],"tags":[],"class_list":["post-19130","post","type-post","status-publish","format-standard","has-post-thumbnail","hentry","category-non-classe"],"_links":{"self":[{"href":"https:\/\/monde25.info\/index.php\/wp-json\/wp\/v2\/posts\/19130","targetHints":{"allow":["GET"]}}],"collection":[{"href":"https:\/\/monde25.info\/index.php\/wp-json\/wp\/v2\/posts"}],"about":[{"href":"https:\/\/monde25.info\/index.php\/wp-json\/wp\/v2\/types\/post"}],"author":[{"embeddable":true,"href":"https:\/\/monde25.info\/index.php\/wp-json\/wp\/v2\/users\/1"}],"replies":[{"embeddable":true,"href":"https:\/\/monde25.info\/index.php\/wp-json\/wp\/v2\/comments?post=19130"}],"version-history":[{"count":0,"href":"https:\/\/monde25.info\/index.php\/wp-json\/wp\/v2\/posts\/19130\/revisions"}],"wp:featuredmedia":[{"embeddable":true,"href":"https:\/\/monde25.info\/index.php\/wp-json\/wp\/v2\/media\/19131"}],"wp:attachment":[{"href":"https:\/\/monde25.info\/index.php\/wp-json\/wp\/v2\/media?parent=19130"}],"wp:term":[{"taxonomy":"category","embeddable":true,"href":"https:\/\/monde25.info\/index.php\/wp-json\/wp\/v2\/categories?post=19130"},{"taxonomy":"post_tag","embeddable":true,"href":"https:\/\/monde25.info\/index.php\/wp-json\/wp\/v2\/tags?post=19130"}],"curies":[{"name":"wp","href":"https:\/\/api.w.org\/{rel}","templated":true}]}}