{"id":19138,"date":"2025-11-09T16:43:41","date_gmt":"2025-11-09T15:43:41","guid":{"rendered":"https:\/\/monde25.info\/index.php\/2025\/11\/09\/antisemite-ou-antisioniste-il-faut-choisir\/"},"modified":"2025-11-09T16:43:41","modified_gmt":"2025-11-09T15:43:41","slug":"antisemite-ou-antisioniste-il-faut-choisir","status":"publish","type":"post","link":"https:\/\/monde25.info\/index.php\/2025\/11\/09\/antisemite-ou-antisioniste-il-faut-choisir\/","title":{"rendered":"Antis\u00e9mite ou antisioniste, il faut choisir."},"content":{"rendered":"<p> <br \/>\n<\/p>\n<div itemtype=\"http:\/\/schema.org\/NewsArticle\" id=\"article_id\">\n<p>  <!-- 1.55 resize rxLxH:0.66666666666667x400x600 |1.flottant LxH:400x600--><\/p>\n<div class=\"article-logo-wrapper\">\n<div class=\"article-logo image  float-left\" itemprop=\"image\" style=\"width:400px;max-height:600px\"><img decoding=\"async\" src=\"https:\/\/www.legrandsoir.info\/IMG\/logo\/concept-de-contradiction-avec-des-panneaux-routiers-image-sur-b-blanc-110963126.webp?1762697179\" width=\"400\" height=\"600\" class=\"spip_logo\" alt=\"logo\" fetchpriority=\"high\"\/><\/div>\n<\/div>\n<p>Viktor\u00a0DEDAJ<\/p>\n<div itemprop=\"articleBody\" class=\"article-texte \">\n<div style=\"word-wrap:break-word;\">\n<p>Je vois appara\u00eetre partout sur mes comptes de r\u00e9seaux sociaux des accusations selon lesquelles LFI est antis\u00e9mite. Profond\u00e9ment antis\u00e9mite. Intrins\u00e8quement antis\u00e9mite. On dit m\u00eame que c\u2019est dans son ADN. Je suis litt\u00e9ralement bombard\u00e9 par ce genre de messages.<\/p>\n<p>Bon, ben, puisque \u00ab\u00a0tout le monde\u00a0\u00bb le dit, c\u2019est que \u00e7a doit \u00eatre vrai, non\u00a0?<\/p>\n<p>On dirait une version moderne de \u00ab\u00a0vue \u00e0 la t\u00e9l\u00e9\u00a0\u00bb sauf qu\u2019ici, la t\u00e9l\u00e9 &#8211; virtuelle &#8211; diffuse 24\/24h sur ton ordinateur personnel, que tu le veuilles ou non.<\/p>\n<p>(On me souffle \u00e0 l\u2019oreille que c\u2019est pareil dans les m\u00e9dias de masse et leurs affili\u00e9s.)<\/p>\n<p>Mais&#8230;<\/p>\n<p>&#8211;\u00a0Consid\u00e9rant le sort fait par les sionistes aux s\u00e9mites palestiniens,<br \/>\n<br \/>&#8211;\u00a0Consid\u00e9rant que le sionisme a besoin de l\u2019antis\u00e9mitisme, jusqu\u2019\u00e0 l\u2019alimenter si n\u00e9cessaire et \u00e0 en fabriquer lorsqu\u2019il y a p\u00e9nurie,<br \/>\n<br \/>&#8211;\u00a0Consid\u00e9rant que le sionisme voue une haine profonde aux juifs antisionistes,<\/p>\n<p><small><code style=\"border:0px;margin:0;padding:0;\" class=\"spip_code spip_code_inline\" dir=\"ltr\">&lt;MODE IRONIE ON&gt;<\/code><\/small> <br class=\"autobr\"\/><br \/>\nJe rappelle donc \u00e0 LFI qu\u2019on ne peut pas \u00eatre \u00e0 la fois antis\u00e9mite et antisioniste. Il faut choisir.<br class=\"autobr\"\/><br \/>\n<small><code style=\"border:0px;margin:0;padding:0\" class=\"spip_code spip_code_inline\" dir=\"ltr\">&lt;\/MODE IRONIE OFF&gt;<\/code><\/small><\/p>\n<p><small><code style=\"border:0px;margin:0;padding:0\" class=\"spip_code spip_code_inline\" dir=\"ltr\">&lt;MODE D\u00c9PIT ON&gt;<\/code><\/small><br class=\"autobr\"\/><br \/>\nEt je dis \u00e0 ceux qui ne semblent pas se bousculer pour contrer cette propagande massive, et qui comptent sans doute r\u00e9colter quelque chose en retour, que votre calcul est politiquement stupide et moralement indigne.<br class=\"autobr\"\/><br \/>\n<small><code style=\"border:0px;margin:0;padding:0\" class=\"spip_code spip_code_inline\" dir=\"ltr\">&lt;\/MODE D\u00c9PIT OFF&gt;<\/code><\/small><\/p>\n<p><small><code style=\"border:0px;margin:0;padding:0\" class=\"spip_code spip_code_inline\" dir=\"ltr\">&lt;MODE CONCLUSION ON&gt;<\/code><\/small><br class=\"autobr\"\/><br \/>\nF*CK ISRAEL<br class=\"autobr\"\/><br \/>\n<small><code style=\"border:0px;margin:0;padding:0\" class=\"spip_code spip_code_inline\" dir=\"ltr\">&lt;\/MODE CONCLUSION OFF&gt;<\/code><\/small><\/p>\n<p><strong>Viktor Dedaj<\/strong><\/p>\n<\/div>\n<\/div>\n<p><!--ajaxbloc--><\/p>\n<p>(Commentaires d\u00e9sactiv\u00e9s)<\/p>\n<\/p><\/div>\n<p><br \/>\n<br \/><a href=\"https:\/\/www.legrandsoir.info\/mon-message-a-lfi-antisemite-ou-antisioniste-il-faut-choisir.html\" target=\"_blank\"\">Source link <\/a><\/p>\n","protected":false},"excerpt":{"rendered":"<p>Viktor\u00a0DEDAJ Je vois appara\u00eetre partout sur mes comptes de r\u00e9seaux sociaux des accusations selon lesquelles LFI est antis\u00e9mite. Profond\u00e9ment antis\u00e9mite. Intrins\u00e8quement antis\u00e9mite. On dit m\u00eame que c\u2019est dans son ADN.&hellip; <\/p>\n","protected":false},"author":1,"featured_media":19139,"comment_status":"open","ping_status":"open","sticky":false,"template":"","format":"standard","meta":{"footnotes":""},"categories":[1],"tags":[],"class_list":["post-19138","post","type-post","status-publish","format-standard","has-post-thumbnail","hentry","category-non-classe"],"_links":{"self":[{"href":"https:\/\/monde25.info\/index.php\/wp-json\/wp\/v2\/posts\/19138","targetHints":{"allow":["GET"]}}],"collection":[{"href":"https:\/\/monde25.info\/index.php\/wp-json\/wp\/v2\/posts"}],"about":[{"href":"https:\/\/monde25.info\/index.php\/wp-json\/wp\/v2\/types\/post"}],"author":[{"embeddable":true,"href":"https:\/\/monde25.info\/index.php\/wp-json\/wp\/v2\/users\/1"}],"replies":[{"embeddable":true,"href":"https:\/\/monde25.info\/index.php\/wp-json\/wp\/v2\/comments?post=19138"}],"version-history":[{"count":0,"href":"https:\/\/monde25.info\/index.php\/wp-json\/wp\/v2\/posts\/19138\/revisions"}],"wp:featuredmedia":[{"embeddable":true,"href":"https:\/\/monde25.info\/index.php\/wp-json\/wp\/v2\/media\/19139"}],"wp:attachment":[{"href":"https:\/\/monde25.info\/index.php\/wp-json\/wp\/v2\/media?parent=19138"}],"wp:term":[{"taxonomy":"category","embeddable":true,"href":"https:\/\/monde25.info\/index.php\/wp-json\/wp\/v2\/categories?post=19138"},{"taxonomy":"post_tag","embeddable":true,"href":"https:\/\/monde25.info\/index.php\/wp-json\/wp\/v2\/tags?post=19138"}],"curies":[{"name":"wp","href":"https:\/\/api.w.org\/{rel}","templated":true}]}}