{"id":19140,"date":"2025-11-09T17:49:37","date_gmt":"2025-11-09T16:49:37","guid":{"rendered":"https:\/\/monde25.info\/index.php\/2025\/11\/09\/turbulences-vols-annules-laviation-menacee-par-le-changement-climatique\/"},"modified":"2025-11-09T17:49:37","modified_gmt":"2025-11-09T16:49:37","slug":"turbulences-vols-annules-laviation-menacee-par-le-changement-climatique","status":"publish","type":"post","link":"https:\/\/monde25.info\/index.php\/2025\/11\/09\/turbulences-vols-annules-laviation-menacee-par-le-changement-climatique\/","title":{"rendered":"Turbulences, vols annul\u00e9s&#8230; L&#039;aviation menac\u00e9e par le changement climatique"},"content":{"rendered":"<p> <br \/>\n<br \/><img loading=\"lazy\" decoding=\"async\" src=\"https:\/\/reporterre.net\/local\/cache-vignettes\/L700xH467\/wing-airplane-plane-aircraft-vehicle-airline-20105-pxhere_com-1a6aa.jpg?1762511463\" class=\"spip_logo\" width=\"700\" height=\"467\" alt=\"\" \/><\/p>\n<p>Le changement climatique a un effet croissant sur l&rsquo;aviation mondiale, selon une \u00e9tude publi\u00e9e le 7\u00a0novembre dans Weather and Climate Dynamics. Les chercheurs ont analys\u00e9 quatre temp\u00eates majeures r\u00e9centes \u2014 Eunice (f\u00e9vrier 2022, Royaume-Uni\/Irlande), Poly (juillet 2023, Europe), une temp\u00eate hivernale nord-am\u00e9ricaine (f\u00e9vrier 2023) et le typhon Hinnamnor (ao\u00fbt 2022, Asie de l&rsquo;Est) \u2014 et constat\u00e9 une intensification des vents et de la turbulence en vol par rapport \u00e0 des \u00e9v\u00e8nements similaires il\u00a0(\u2026)<\/p>\n<p>                    <a target=\"_blank\" href=\"https:\/\/reporterre.net\/Turbulences-vols-annules-L-aviation-menacee-par-le-changement-climatique?utm_source=RSS&amp;utm_medium=RSS\">Lire la suite<\/a><\/p>\n<p>                    &#8211;<br \/>\n                        <a target=\"_blank\" href=\"https:\/\/reporterre.net\/Breves-20\" rel=\"directory\">En bref<\/a><\/p>\n<p>                    \/<br \/>\n                        <a target=\"_blank\" href=\"https:\/\/reporterre.net\/Transports\" rel=\"tag\">Transports<\/a><br \/>\n<br \/><br \/>\n<br \/><a href=\"https:\/\/reporterre.net\/Turbulences-vols-annules-L-aviation-menacee-par-le-changement-climatique\" target=\"_blank\"\">Source link <\/a><\/p>\n","protected":false},"excerpt":{"rendered":"<p>Le changement climatique a un effet croissant sur l&rsquo;aviation mondiale, selon une \u00e9tude publi\u00e9e le 7\u00a0novembre dans Weather and Climate Dynamics. Les chercheurs ont analys\u00e9 quatre temp\u00eates majeures r\u00e9centes \u2014&hellip; <\/p>\n","protected":false},"author":1,"featured_media":0,"comment_status":"open","ping_status":"open","sticky":false,"template":"","format":"standard","meta":{"footnotes":""},"categories":[1],"tags":[],"class_list":["post-19140","post","type-post","status-publish","format-standard","hentry","category-non-classe"],"_links":{"self":[{"href":"https:\/\/monde25.info\/index.php\/wp-json\/wp\/v2\/posts\/19140","targetHints":{"allow":["GET"]}}],"collection":[{"href":"https:\/\/monde25.info\/index.php\/wp-json\/wp\/v2\/posts"}],"about":[{"href":"https:\/\/monde25.info\/index.php\/wp-json\/wp\/v2\/types\/post"}],"author":[{"embeddable":true,"href":"https:\/\/monde25.info\/index.php\/wp-json\/wp\/v2\/users\/1"}],"replies":[{"embeddable":true,"href":"https:\/\/monde25.info\/index.php\/wp-json\/wp\/v2\/comments?post=19140"}],"version-history":[{"count":0,"href":"https:\/\/monde25.info\/index.php\/wp-json\/wp\/v2\/posts\/19140\/revisions"}],"wp:attachment":[{"href":"https:\/\/monde25.info\/index.php\/wp-json\/wp\/v2\/media?parent=19140"}],"wp:term":[{"taxonomy":"category","embeddable":true,"href":"https:\/\/monde25.info\/index.php\/wp-json\/wp\/v2\/categories?post=19140"},{"taxonomy":"post_tag","embeddable":true,"href":"https:\/\/monde25.info\/index.php\/wp-json\/wp\/v2\/tags?post=19140"}],"curies":[{"name":"wp","href":"https:\/\/api.w.org\/{rel}","templated":true}]}}