{"id":19147,"date":"2025-11-09T20:01:51","date_gmt":"2025-11-09T19:01:51","guid":{"rendered":"https:\/\/monde25.info\/index.php\/2025\/11\/09\/israel-sous-le-feu-des-critiques-pour-son-projet-de-loi-visant-a-executer-les-detenus-palestiniens\/"},"modified":"2025-11-09T20:01:51","modified_gmt":"2025-11-09T19:01:51","slug":"israel-sous-le-feu-des-critiques-pour-son-projet-de-loi-visant-a-executer-les-detenus-palestiniens","status":"publish","type":"post","link":"https:\/\/monde25.info\/index.php\/2025\/11\/09\/israel-sous-le-feu-des-critiques-pour-son-projet-de-loi-visant-a-executer-les-detenus-palestiniens\/","title":{"rendered":"Isra\u00ebl sous le feu des critiques pour son projet de loi visant \u00e0 ex\u00e9cuter les d\u00e9tenus palestiniens"},"content":{"rendered":"<p> <br \/>\n<\/p>\n<div id=\"\">\n<p>La Soci\u00e9t\u00e9 palestinienne des prisonniers (PPS) a publi\u00e9 une d\u00e9claration <a target=\"_blank\" href=\"https:\/\/english.almayadeen.net\/news\/politics\/palestinian-elderly-detainee-from-gaza-dies-in-israeli-hospi\" class=\"spip_out\" rel=\"external\">condamnant un projet de loi<\/a> approuv\u00e9 par la \u00ab\u00a0Commission de s\u00e9curit\u00e9 nationale\u00a0\u00bb de la Knesset isra\u00e9lienne, appelant \u00e0 l\u2019ex\u00e9cution des d\u00e9tenus palestiniens dans les prisons isra\u00e9liennes, le qualifiant de l\u00e9galisation de la brutalit\u00e9 de l\u2019occupation isra\u00e9lienne.<\/p>\n<p>Dans sa d\u00e9claration, la PPS souligne que l\u2019occupation n\u2019a jamais cess\u00e9 de <a target=\"_blank\" href=\"https:\/\/english.almayadeen.net\/news\/politics\/detainee-mahmoud-abdullah-martyred-after-being-denied-cancer\" class=\"spip_out\" rel=\"external\">proc\u00e9der \u00e0 des ex\u00e9cutions extrajudiciaires<\/a> contre les Palestiniens, que ce soit par des ex\u00e9cutions d\u00e9lib\u00e9r\u00e9es pendant la d\u00e9tention, des interrogatoires, des assassinats cibl\u00e9s ou des n\u00e9gligences m\u00e9dicales mortelles dans le cadre d\u2019un sch\u00e9ma syst\u00e9matique de crimes m\u00e9dicaux.<\/p>\n<p>La Soci\u00e9t\u00e9 a ajout\u00e9 que les mesures prises aujourd\u2019hui ne constituent qu\u2019une \u00e9tape suppl\u00e9mentaire visant \u00e0 ancrer un<a target=\"_blank\" href=\"https:\/\/english.almayadeen.net\/news\/politics\/rsf-urge--israel--to-release-detained-palestinian-journalist\" class=\"spip_out\" rel=\"external\">crime de longue date<\/a> qui persiste depuis des d\u00e9cennies, les autorit\u00e9s tentant de le \u00ab\u00a0l\u00e9gitimer\u00a0\u00bb par des lois, des r\u00e8glements et des ordres militaires.<\/p>\n<p>La d\u00e9claration a soulign\u00e9 que, depuis plusieurs d\u00e9cennies, le syst\u00e8me colonial isra\u00e9lien a mis en \u0153uvre des <a target=\"_blank\" href=\"https:\/\/english.almayadeen.net\/news\/politics\/hamas-accuses--israel--of-hindering-prisoner-exchange\" class=\"spip_out\" rel=\"external\">politiques d\u2019ex\u00e9cution lente<\/a> contre des centaines de prisonniers dans ses prisons, en utilisant des m\u00e9thodes et des outils syst\u00e9matiques qui ont entra\u00een\u00e9 la mort de dizaines de personnes.<\/p>\n<p>En outre, elle a not\u00e9 que ces politiques ont atteint des niveaux sans pr\u00e9c\u00e9dent depuis le d\u00e9but de la campagne d\u2019extermination en cours, faisant de la p\u00e9riode actuelle la plus meurtri\u00e8re de l\u2019histoire du mouvement des prisonniers palestiniens. 81 personnes ont \u00e9t\u00e9 confirm\u00e9es mortes dans les prisons isra\u00e9liennes depuis le d\u00e9but de la guerre jusqu\u2019au d\u00e9but du mois de novembre 2025, aux c\u00f4t\u00e9s de <a target=\"_blank\" href=\"https:\/\/english.almayadeen.net\/news\/politics\/prisoner-exchange-begins-in-first-batch-of-gaza-ceasefire\" class=\"spip_out\" rel=\"external\">dizaines de d\u00e9tenus de Gaza<\/a> qui ont \u00e9t\u00e9 ex\u00e9cut\u00e9s et restent soumis \u00e0 des disparitions forc\u00e9es.<\/p>\n<p><strong>Le projet de loi repr\u00e9sente la campagne d\u2019extermination isra\u00e9lienne<\/strong><\/p>\n<p>L\u2019une des indications les plus claires des <a target=\"_blank\" href=\"https:\/\/english.almayadeen.net\/news\/politics\/75--of-palestinian-detainees-from-gaza-civilians--held-witho\" class=\"spip_out\" rel=\"external\">ex\u00e9cutions en cours<\/a> est visible sur les corps des prisonniers de Gaza remis apr\u00e8s la guerre, souligne le communiqu\u00e9, notant qu\u2019il est devenu \u00e9vident qu\u2019un grand nombre d\u2019entre eux avaient \u00e9t\u00e9 d\u00e9tenus puis ex\u00e9cut\u00e9s, certains apparaissant vivants dans des s\u00e9quences vid\u00e9o, avant qu\u2019il ne s\u2019av\u00e8re plus tard qu\u2019ils avaient \u00e9t\u00e9 tu\u00e9s et leurs corps profan\u00e9s.<\/p>\n<p>La Soci\u00e9t\u00e9 des prisonniers palestiniens a not\u00e9 que l\u2019avancement de la l\u00e9gislation autorisant l\u2019ex\u00e9cution des d\u00e9tenus \u00e0 son stade de premi\u00e8re lecture n\u2019\u00e9tait pas surprenant pour ceux qui suivent la cause des captifs, en particulier \u00e0 la lumi\u00e8re de la brutalit\u00e9 sans pr\u00e9c\u00e9dent exerc\u00e9e par le syst\u00e8me d\u2019occupation.<\/p>\n<p>La Soci\u00e9t\u00e9 a ajout\u00e9 que ce syst\u00e8me continue de mener une campagne d\u2019extermination massive, les <a target=\"_blank\" href=\"https:\/\/english.almayadeen.net\/news\/politics\/damon-prison-horrors---israel--unleashes-dogs--gas-on-female\" class=\"spip_out\" rel=\"external\">prisons servant de cadre<\/a> \u00e0 ces meurtres syst\u00e9matiques qui s\u2019\u00e9tendent de Gaza \u00e0 d\u2019autres sites de d\u00e9tention.<\/p>\n<p>La d\u00e9claration ajoute que malgr\u00e9 la position claire du droit international, qui s\u2019est efforc\u00e9 d\u2019abolir la peine de mort par le biais de multiples trait\u00e9s internationaux, dont certains ont une port\u00e9e universelle, l\u2019insistance de l\u2019occupation \u00e0 l\u00e9galiser ce crime et \u00e0 lui donner une apparence de \u00ab\u00a0l\u00e9gitimit\u00e9\u00a0\u00bb souligne une fois de plus qu\u2019\u00ab\u00a0Isra\u00ebl\u00a0\u00bb agit comme s\u2019il \u00e9tait au-dessus des lois et au-del\u00e0 de toute responsabilit\u00e9.<\/p>\n<p>Elle note en outre que cette r\u00e9alit\u00e9 a \u00e9t\u00e9 r\u00e9v\u00e9l\u00e9e par la campagne d\u2019extermination en cours, qui a mis en \u00e9vidence \u00e0 la fois l\u2019incapacit\u00e9 de la communaut\u00e9 internationale et sa complicit\u00e9 syst\u00e9matique avec l\u2019appareil colonial et meurtrier de l\u2019occupation.<\/p>\n<p>La d\u00e9claration a soulign\u00e9 que la brutalit\u00e9 de l\u2019occupation a atteint des niveaux sans pr\u00e9c\u00e9dent, au point que les concepts des droits humains ne suffisent plus \u00e0 la d\u00e9crire. Elle a not\u00e9 qu\u2019\u00ab\u00a0Isra\u00ebl\u00a0\u00bb a non seulement tu\u00e9 des dizaines de d\u00e9tenus depuis le d\u00e9but de la campagne d\u2019extermination, mais cherche \u00e9galement \u00e0 pr\u00e9sent \u00e0 ancrer le crime d\u2019ex\u00e9cution dans la loi en adoptant une loi sp\u00e9ciale.<\/p>\n<p>Le PPS a conclu sa d\u00e9claration en affirmant que le projet de \u00ab\u00a0loi sur l\u2019ex\u00e9cution des prisonniers\u00a0\u00bb existe depuis des ann\u00e9es, mais qu\u2019il a pris un nouvel \u00e9lan sous le gouvernement d\u2019extr\u00eame droite d\u2019\u00ab\u00a0Isra\u00ebl\u00a0\u00bb, avec des dirigeants tels que Ben-Gvir et Netanyahu qui font pression pour son adoption et la lient \u00e0 la survie de la coalition.<\/p>\n<p><strong>\u00ab\u00a0Isra\u00ebl\u00a0\u00bb approuve un projet de loi visant \u00e0 ex\u00e9cuter des Palestiniens, la premi\u00e8re lecture est pr\u00e9vue pour mercredi<\/strong><\/p>\n<p>Plus t\u00f4t lundi, la \u00ab\u00a0commission de s\u00e9curit\u00e9 nationale\u00a0\u00bb de la Knesset a fait avancer un <a target=\"_blank\" href=\"https:\/\/english.almayadeen.net\/news\/politics\/palestinian-groups-call-knesset-execution-bill-dangerous-esc\" class=\"spip_out\" rel=\"external\">projet de loi visant \u00e0 ex\u00e9cuter les d\u00e9tenus palestiniens<\/a>, apr\u00e8s que le responsable gouvernemental charg\u00e9 des otages, Gal Hirsch, ait inform\u00e9 la commission que le Premier ministre Benjamin Netanyahu soutenait cette mesure. Selon les m\u00e9dias isra\u00e9liens, la premi\u00e8re lecture du projet de loi \u00e0 la Knesset pourrait avoir lieu d\u00e8s mercredi.<\/p>\n<p>M.\u00a0Hirsch, qui s\u2019\u00e9tait initialement oppos\u00e9 au projet de loi lors d\u2019une r\u00e9union de la \u00ab\u00a0commission de s\u00e9curit\u00e9 nationale\u00a0\u00bb en septembre, a chang\u00e9 d\u2019avis lundi, d\u00e9clarant que lui-m\u00eame et M.\u00a0Netanyahu soutenaient d\u00e9sormais le texte.<\/p>\n<p>Le projet de loi a \u00e9t\u00e9 pr\u00e9sent\u00e9 par la d\u00e9put\u00e9e Otzma Yehudit Limor Son Har-Melech et a \u00e9t\u00e9 fortement soutenu par le chef de son parti, Itamar Ben Gvir. Ben-Gvir a averti le 20 octobre que si le projet de loi n\u2019\u00e9tait pas adopt\u00e9 en premi\u00e8re lecture \u00e0 la Knesset dans les trois semaines, son parti d\u2019extr\u00eame droite ne se sentirait plus oblig\u00e9 de voter en faveur de la coalition.<\/p>\n<\/div>\n<p><br \/>\n<br \/><a href=\"https:\/\/www.legrandsoir.info\/israel-sous-le-feu-des-critiques-pour-son-projet-de-loi-visant-a-executer-les-detenus-palestiniens.html\" target=\"_blank\"\">Source link <\/a><\/p>\n","protected":false},"excerpt":{"rendered":"<p>La Soci\u00e9t\u00e9 palestinienne des prisonniers (PPS) a publi\u00e9 une d\u00e9claration condamnant un projet de loi approuv\u00e9 par la \u00ab\u00a0Commission de s\u00e9curit\u00e9 nationale\u00a0\u00bb de la Knesset isra\u00e9lienne, appelant \u00e0 l\u2019ex\u00e9cution des&hellip; <\/p>\n","protected":false},"author":1,"featured_media":19148,"comment_status":"open","ping_status":"open","sticky":false,"template":"","format":"standard","meta":{"footnotes":""},"categories":[1],"tags":[],"class_list":["post-19147","post","type-post","status-publish","format-standard","has-post-thumbnail","hentry","category-non-classe"],"_links":{"self":[{"href":"https:\/\/monde25.info\/index.php\/wp-json\/wp\/v2\/posts\/19147","targetHints":{"allow":["GET"]}}],"collection":[{"href":"https:\/\/monde25.info\/index.php\/wp-json\/wp\/v2\/posts"}],"about":[{"href":"https:\/\/monde25.info\/index.php\/wp-json\/wp\/v2\/types\/post"}],"author":[{"embeddable":true,"href":"https:\/\/monde25.info\/index.php\/wp-json\/wp\/v2\/users\/1"}],"replies":[{"embeddable":true,"href":"https:\/\/monde25.info\/index.php\/wp-json\/wp\/v2\/comments?post=19147"}],"version-history":[{"count":0,"href":"https:\/\/monde25.info\/index.php\/wp-json\/wp\/v2\/posts\/19147\/revisions"}],"wp:featuredmedia":[{"embeddable":true,"href":"https:\/\/monde25.info\/index.php\/wp-json\/wp\/v2\/media\/19148"}],"wp:attachment":[{"href":"https:\/\/monde25.info\/index.php\/wp-json\/wp\/v2\/media?parent=19147"}],"wp:term":[{"taxonomy":"category","embeddable":true,"href":"https:\/\/monde25.info\/index.php\/wp-json\/wp\/v2\/categories?post=19147"},{"taxonomy":"post_tag","embeddable":true,"href":"https:\/\/monde25.info\/index.php\/wp-json\/wp\/v2\/tags?post=19147"}],"curies":[{"name":"wp","href":"https:\/\/api.w.org\/{rel}","templated":true}]}}