{"id":19149,"date":"2025-11-09T21:19:44","date_gmt":"2025-11-09T20:19:44","guid":{"rendered":"https:\/\/monde25.info\/index.php\/2025\/11\/09\/violence-des-gendarmes-a-sainte-soline-quelles-suites-politiques-et-juridiques\/"},"modified":"2025-11-09T21:19:44","modified_gmt":"2025-11-09T20:19:44","slug":"violence-des-gendarmes-a-sainte-soline-quelles-suites-politiques-et-juridiques","status":"publish","type":"post","link":"https:\/\/monde25.info\/index.php\/2025\/11\/09\/violence-des-gendarmes-a-sainte-soline-quelles-suites-politiques-et-juridiques\/","title":{"rendered":"Violence des gendarmes \u00e0 Sainte-Soline\u00a0: quelles suites politiques et juridiques\u00a0?"},"content":{"rendered":"<p> <br \/>\n<br \/><img loading=\"lazy\" decoding=\"async\" src=\"https:\/\/reporterre.net\/local\/cache-vignettes\/L700xH467\/afp__20230326__33c39hy__v1__highres__franceagricultureenvironmentwaterdemo_1_-f244f.jpg?1762503688\" class=\"spip_logo\" width=\"700\" height=\"467\" alt=\"\" \/><\/p>\n<p>Apr\u00e8s la r\u00e9v\u00e9lation de vid\u00e9os de violences polici\u00e8res \u00e0 Sainte-Soline, des d\u00e9put\u00e9s pr\u00e9sents \u00e0 la manifestation r\u00e9clament une enqu\u00eate compl\u00e8te et des sanctions \u00ab<small class=\"fine d-inline\">\u00a0<\/small>exemplaires<small class=\"fine d-inline\">\u00a0<\/small>\u00bb. Mais l&rsquo;impunit\u00e9 pourrait perdurer, craignent-ils. <br class=\"autobr\" \/> Les vid\u00e9os ont effar\u00e9 la gauche fran\u00e7aise. Les m\u00e9dias Mediapart et Lib\u00e9ration ont r\u00e9v\u00e9l\u00e9, le 5\u00a0novembre, des images in\u00e9dites film\u00e9es par les cam\u00e9ras-pi\u00e9tons des gendarmes, lors de la manifestation du 25\u00a0mars 2023 contre les m\u00e9gabassines \u00e0 Sainte-Soline (Deux-S\u00e8vres),\u00a0(\u2026)<\/p>\n<p>                    <a target=\"_blank\" href=\"https:\/\/reporterre.net\/Violence-des-gendarmes-a-Sainte-Soline-quelles-suites-politiques-et-juridiques?utm_source=RSS&amp;utm_medium=RSS\">Lire la suite<\/a><\/p>\n<p>                    &#8211;<br \/>\n                        <a target=\"_blank\" href=\"https:\/\/reporterre.net\/Autres-infos\" rel=\"directory\">Info<\/a><\/p>\n<p>                    \/<br \/>\n                        <a target=\"_blank\" href=\"https:\/\/reporterre.net\/Libertes-46\" rel=\"tag\">Libert\u00e9s<\/a><br \/>\n                    ,<br \/>\n                        <a target=\"_blank\" href=\"https:\/\/reporterre.net\/Luttes\" rel=\"tag\">Luttes<\/a><br \/>\n                    ,<br \/>\n                        <a target=\"_blank\" href=\"https:\/\/reporterre.net\/Politique\" rel=\"tag\">Politique<\/a><br \/>\n                    ,<br \/>\n                        <a target=\"_blank\" href=\"https:\/\/reporterre.net\/Megabassines\" rel=\"tag\">M\u00e9gabassines<\/a><br \/>\n<br \/><br \/>\n<br \/><a href=\"https:\/\/reporterre.net\/Violence-des-gendarmes-a-Sainte-Soline-quelles-suites-politiques-et-juridiques\" target=\"_blank\"\">Source link <\/a><\/p>\n","protected":false},"excerpt":{"rendered":"<p>Apr\u00e8s la r\u00e9v\u00e9lation de vid\u00e9os de violences polici\u00e8res \u00e0 Sainte-Soline, des d\u00e9put\u00e9s pr\u00e9sents \u00e0 la manifestation r\u00e9clament une enqu\u00eate compl\u00e8te et des sanctions \u00ab\u00a0exemplaires\u00a0\u00bb. Mais l&rsquo;impunit\u00e9 pourrait perdurer, craignent-ils. Les&hellip; <\/p>\n","protected":false},"author":1,"featured_media":0,"comment_status":"open","ping_status":"open","sticky":false,"template":"","format":"standard","meta":{"footnotes":""},"categories":[1],"tags":[],"class_list":["post-19149","post","type-post","status-publish","format-standard","hentry","category-non-classe"],"_links":{"self":[{"href":"https:\/\/monde25.info\/index.php\/wp-json\/wp\/v2\/posts\/19149","targetHints":{"allow":["GET"]}}],"collection":[{"href":"https:\/\/monde25.info\/index.php\/wp-json\/wp\/v2\/posts"}],"about":[{"href":"https:\/\/monde25.info\/index.php\/wp-json\/wp\/v2\/types\/post"}],"author":[{"embeddable":true,"href":"https:\/\/monde25.info\/index.php\/wp-json\/wp\/v2\/users\/1"}],"replies":[{"embeddable":true,"href":"https:\/\/monde25.info\/index.php\/wp-json\/wp\/v2\/comments?post=19149"}],"version-history":[{"count":0,"href":"https:\/\/monde25.info\/index.php\/wp-json\/wp\/v2\/posts\/19149\/revisions"}],"wp:attachment":[{"href":"https:\/\/monde25.info\/index.php\/wp-json\/wp\/v2\/media?parent=19149"}],"wp:term":[{"taxonomy":"category","embeddable":true,"href":"https:\/\/monde25.info\/index.php\/wp-json\/wp\/v2\/categories?post=19149"},{"taxonomy":"post_tag","embeddable":true,"href":"https:\/\/monde25.info\/index.php\/wp-json\/wp\/v2\/tags?post=19149"}],"curies":[{"name":"wp","href":"https:\/\/api.w.org\/{rel}","templated":true}]}}