{"id":19156,"date":"2025-11-10T01:43:45","date_gmt":"2025-11-10T00:43:45","guid":{"rendered":"https:\/\/monde25.info\/index.php\/2025\/11\/10\/dauphins-transferes-au-zooparc-de-beauval-les-associations-sestiment-dupees\/"},"modified":"2025-11-10T01:43:45","modified_gmt":"2025-11-10T00:43:45","slug":"dauphins-transferes-au-zooparc-de-beauval-les-associations-sestiment-dupees","status":"publish","type":"post","link":"https:\/\/monde25.info\/index.php\/2025\/11\/10\/dauphins-transferes-au-zooparc-de-beauval-les-associations-sestiment-dupees\/","title":{"rendered":"Dauphins transf\u00e9r\u00e9s au zooparc de Beauval\u00a0: les associations s&#039;estiment dup\u00e9es"},"content":{"rendered":"<p> <br \/>\n<br \/><img loading=\"lazy\" decoding=\"async\" src=\"https:\/\/reporterre.net\/local\/cache-vignettes\/L700xH467\/marineland_antibes_-_004-5c8f6.jpg?1762500816\" class=\"spip_logo\" width=\"700\" height=\"467\" alt=\"\" \/><\/p>\n<p>Le minist\u00e8re de la Transition \u00e9cologique vient d&rsquo;officialiser par voie de communiqu\u00e9 de presse la cr\u00e9ation d&rsquo;un nouveau centre de r\u00e9f\u00e9rence pour la protection des dauphins, au zooparc de Beauval (Loir-et-cher). Ce projet \u00e0 25\u00a0millions d&rsquo;euros est pr\u00e9sent\u00e9 comme une r\u00e9ponse concr\u00e8te \u00e0 la transition des delphinariums en Europe. <br class=\"autobr\" \/><br \/>\n\u00c0 l&rsquo;origine, il devait accueillir les douze dauphins du Marineland d&rsquo;Antibes, dans l&rsquo;attente de l&rsquo;ouverture de sanctuaires en pleine mer. Pour des questions de\u00a0(\u2026)<\/p>\n<p>                    <a target=\"_blank\" href=\"https:\/\/reporterre.net\/Dauphins-transferes-au-zooparc-de-Beauval-les-associations-s-estiment-dupees?utm_source=RSS&amp;utm_medium=RSS\">Lire la suite<\/a><\/p>\n<p>                    &#8211;<br \/>\n                        <a target=\"_blank\" href=\"https:\/\/reporterre.net\/Breves-20\" rel=\"directory\">En bref<\/a><\/p>\n<p>                    \/<br \/>\n                        <a target=\"_blank\" href=\"https:\/\/reporterre.net\/Animaux\" rel=\"tag\">Animaux<\/a><br \/>\n<br \/><br \/>\n<br \/><a href=\"https:\/\/reporterre.net\/Dauphins-transferes-au-zooparc-de-Beauval-les-associations-s-estiment-dupees\" target=\"_blank\"\">Source link <\/a><\/p>\n","protected":false},"excerpt":{"rendered":"<p>Le minist\u00e8re de la Transition \u00e9cologique vient d&rsquo;officialiser par voie de communiqu\u00e9 de presse la cr\u00e9ation d&rsquo;un nouveau centre de r\u00e9f\u00e9rence pour la protection des dauphins, au zooparc de Beauval&hellip; <\/p>\n","protected":false},"author":1,"featured_media":0,"comment_status":"open","ping_status":"open","sticky":false,"template":"","format":"standard","meta":{"footnotes":""},"categories":[1],"tags":[],"class_list":["post-19156","post","type-post","status-publish","format-standard","hentry","category-non-classe"],"_links":{"self":[{"href":"https:\/\/monde25.info\/index.php\/wp-json\/wp\/v2\/posts\/19156","targetHints":{"allow":["GET"]}}],"collection":[{"href":"https:\/\/monde25.info\/index.php\/wp-json\/wp\/v2\/posts"}],"about":[{"href":"https:\/\/monde25.info\/index.php\/wp-json\/wp\/v2\/types\/post"}],"author":[{"embeddable":true,"href":"https:\/\/monde25.info\/index.php\/wp-json\/wp\/v2\/users\/1"}],"replies":[{"embeddable":true,"href":"https:\/\/monde25.info\/index.php\/wp-json\/wp\/v2\/comments?post=19156"}],"version-history":[{"count":0,"href":"https:\/\/monde25.info\/index.php\/wp-json\/wp\/v2\/posts\/19156\/revisions"}],"wp:attachment":[{"href":"https:\/\/monde25.info\/index.php\/wp-json\/wp\/v2\/media?parent=19156"}],"wp:term":[{"taxonomy":"category","embeddable":true,"href":"https:\/\/monde25.info\/index.php\/wp-json\/wp\/v2\/categories?post=19156"},{"taxonomy":"post_tag","embeddable":true,"href":"https:\/\/monde25.info\/index.php\/wp-json\/wp\/v2\/tags?post=19156"}],"curies":[{"name":"wp","href":"https:\/\/api.w.org\/{rel}","templated":true}]}}