{"id":19159,"date":"2025-11-10T02:50:02","date_gmt":"2025-11-10T01:50:02","guid":{"rendered":"https:\/\/monde25.info\/index.php\/2025\/11\/10\/felix-tshisekedi-accuse-des-interets-etrangers-dattiser-le-conflit-et-annonce-un-accord-de-paix-presque-finalise-rt-en-francais\/"},"modified":"2025-11-10T02:50:02","modified_gmt":"2025-11-10T01:50:02","slug":"felix-tshisekedi-accuse-des-interets-etrangers-dattiser-le-conflit-et-annonce-un-accord-de-paix-presque-finalise-rt-en-francais","status":"publish","type":"post","link":"https:\/\/monde25.info\/index.php\/2025\/11\/10\/felix-tshisekedi-accuse-des-interets-etrangers-dattiser-le-conflit-et-annonce-un-accord-de-paix-presque-finalise-rt-en-francais\/","title":{"rendered":"F\u00e9lix Tshisekedi accuse des \u00abint\u00e9r\u00eats \u00e9trangers\u00bb d\u2019attiser le conflit et annonce un accord de paix \u00abpresque finalis\u00e9\u00bb \u2014 RT en fran\u00e7ais"},"content":{"rendered":"<p> <br \/>\n<br \/><img decoding=\"async\" src=\"https:\/\/mf.b37mrtl.ru\/french\/images\/2025.11\/thumbnail\/6910c5896f7ccc73c1362224.jpg\" \/><\/p>\n<div>\n<p class=\"text__summary\">\n                                        Le pr\u00e9sident congolais a affirm\u00e9 le 7 novembre, en marge de la COP 30 au Br\u00e9sil, qu\u2019un accord de paix \u00e9tait \u00abpresque finalis\u00e9\u00bb avec le Rwanda, accusant des int\u00e9r\u00eats \u00e9trangers de la guerre pour les richesses du pays. \u00abNous sommes arriv\u00e9s au bout, il faut maintenant r\u00e9colter les fruits d\u2019une paix durable\u00bb, a-t-il annonc\u00e9 \u00e0 la diaspora congolaise.\n                                    <\/p>\n<\/div>\n<p><br \/>\n<br \/><a href=\"https:\/\/francais.rt.com\/news\/127233-rdc-felix-tshisekedi-accuse-interets-etrangers-attiser-conflit-annonce-accord-paix-presque-finalise\" target=\"_blank\"\">Source link <\/a><\/p>\n","protected":false},"excerpt":{"rendered":"<p>Le pr\u00e9sident congolais a affirm\u00e9 le 7 novembre, en marge de la COP 30 au Br\u00e9sil, qu\u2019un accord de paix \u00e9tait \u00abpresque finalis\u00e9\u00bb avec le Rwanda, accusant des int\u00e9r\u00eats \u00e9trangers&hellip; <\/p>\n","protected":false},"author":1,"featured_media":19160,"comment_status":"open","ping_status":"open","sticky":false,"template":"","format":"standard","meta":{"footnotes":""},"categories":[1],"tags":[],"class_list":["post-19159","post","type-post","status-publish","format-standard","has-post-thumbnail","hentry","category-non-classe"],"_links":{"self":[{"href":"https:\/\/monde25.info\/index.php\/wp-json\/wp\/v2\/posts\/19159","targetHints":{"allow":["GET"]}}],"collection":[{"href":"https:\/\/monde25.info\/index.php\/wp-json\/wp\/v2\/posts"}],"about":[{"href":"https:\/\/monde25.info\/index.php\/wp-json\/wp\/v2\/types\/post"}],"author":[{"embeddable":true,"href":"https:\/\/monde25.info\/index.php\/wp-json\/wp\/v2\/users\/1"}],"replies":[{"embeddable":true,"href":"https:\/\/monde25.info\/index.php\/wp-json\/wp\/v2\/comments?post=19159"}],"version-history":[{"count":0,"href":"https:\/\/monde25.info\/index.php\/wp-json\/wp\/v2\/posts\/19159\/revisions"}],"wp:featuredmedia":[{"embeddable":true,"href":"https:\/\/monde25.info\/index.php\/wp-json\/wp\/v2\/media\/19160"}],"wp:attachment":[{"href":"https:\/\/monde25.info\/index.php\/wp-json\/wp\/v2\/media?parent=19159"}],"wp:term":[{"taxonomy":"category","embeddable":true,"href":"https:\/\/monde25.info\/index.php\/wp-json\/wp\/v2\/categories?post=19159"},{"taxonomy":"post_tag","embeddable":true,"href":"https:\/\/monde25.info\/index.php\/wp-json\/wp\/v2\/tags?post=19159"}],"curies":[{"name":"wp","href":"https:\/\/api.w.org\/{rel}","templated":true}]}}