{"id":19168,"date":"2025-11-10T07:48:17","date_gmt":"2025-11-10T06:48:17","guid":{"rendered":"https:\/\/monde25.info\/index.php\/2025\/11\/10\/la-fnsea-appelle-a-une-journee-de-mobilisation-contre-les-propos-de-macron-sur-laccord-avec-le-mercosur-rt-en-francais\/"},"modified":"2025-11-10T07:48:17","modified_gmt":"2025-11-10T06:48:17","slug":"la-fnsea-appelle-a-une-journee-de-mobilisation-contre-les-propos-de-macron-sur-laccord-avec-le-mercosur-rt-en-francais","status":"publish","type":"post","link":"https:\/\/monde25.info\/index.php\/2025\/11\/10\/la-fnsea-appelle-a-une-journee-de-mobilisation-contre-les-propos-de-macron-sur-laccord-avec-le-mercosur-rt-en-francais\/","title":{"rendered":"la FNSEA appelle \u00e0 une journ\u00e9e de mobilisation contre les propos de Macron sur l\u2019accord avec le Mercosur \u2014 RT en fran\u00e7ais"},"content":{"rendered":"<p> <br \/>\n<br \/><img decoding=\"async\" src=\"https:\/\/mf.b37mrtl.ru\/french\/images\/2025.11\/thumbnail\/6910af666f7ccc7427569e63.jpg\" \/><\/p>\n<div>\n<p class=\"text__summary\">\n                                        Les agriculteurs fran\u00e7ais se mobilisent contre les d\u00e9clarations du pr\u00e9sident fran\u00e7ais, qui doit se rendre \u00e0 Toulouse le 12 novembre, apr\u00e8s ses propos \u00e0 la COP 30 favorables \u00e0 un accord avec le Mercosur.\n                                    <\/p>\n<p>Le milieu agricole est en col\u00e8re contre le pr\u00e9sident de la R\u00e9publique, Emmanuel Macron, et son discours \u00e0 propos du monde agricole fran\u00e7ais et europ\u00e9en prononc\u00e9 au Br\u00e9sil le 6 novembre, en marge de la COP\u00a030. Le pr\u00e9sident de la F\u00e9d\u00e9ration nationale des syndicats d&rsquo;exploitants agricoles (FNSEA), Arnaud Rousseau, a relev\u00e9 au quotidien <em>Le Figaro<\/em>, ce\u00a09 novembre,\u00a0\u00ab\u00a0une rupture claire et un changement de posture vis-\u00e0-vis de l\u2019agriculture fran\u00e7aise\u00a0\u00bb dans les propos du pr\u00e9sident, qui d\u00e9clarait au printemps dernier que la France \u00ab\u00a0ne signera pas le Mercosur en l\u2019\u00e9tat\u00a0\u00bb, avant de se dire\u00a0\u00ab\u00a0plut\u00f4t positif\u00a0\u00bb sur la possibilit\u00e9 d\u2019accepter l\u2019accord commercial entre l\u2019UE et des pays du Mercosur (March\u00e9 commun du Sud, qui est une zone de libre-\u00e9change qui regroupe plusieurs pays de l&rsquo;Am\u00e9rique du Sud).<\/p>\n<p>\u00ab\u00a0On a eu connaissance de ses propos depuis le Br\u00e9sil sans discussion pr\u00e9alable, c\u2019est un affront et un reniement total par rapport \u00e0 ce qui nous avait \u00e9t\u00e9 dit auparavant\u00a0\u00bb, a fulmin\u00e9 le leader syndicaliste, qui a exprim\u00e9 un sentiment de trahison partag\u00e9 par l\u2019ensemble du monde agricole quelle que soit l\u2019appartenance syndicale, rapporte le quotidien fran\u00e7ais.<\/p>\n<h2>Appel \u00e0 la mobilisation sur fond de visite du pr\u00e9sident \u00e0 Toulouse<\/h2>\n<p>Emmanuel Macron devrait se rendre le 12 novembre \u00e0 Toulouse, la capitale de l\u2019industrie a\u00e9rospatiale fran\u00e7aise, pour parler des questions\u00a0li\u00e9es \u00e0\u00a0la D\u00e9fense et pour participer \u00e9galement \u00e0 un d\u00e9bat sur les liens entre r\u00e9seaux sociaux et d\u00e9mocratie, d\u00e9taille <em>Le Figaro<\/em>. C\u2019est dans ce contexte que la coalition FNSEA-Jeunes agriculteurs (un autre syndicat agricole fran\u00e7ais) a appel\u00e9 \u00e0 une forte mobilisation le jour de la visite du pr\u00e9sident pour protester contre sa posture vis-\u00e0-vis de l\u2019accord avec le Mercosur.<\/p>\n<h2>Les agriculteurs ne d\u00e9col\u00e8rent pas malgr\u00e9 les assurances du gouvernement<\/h2>\n<p>Pour tenter de calmer la grogne dans le secteur agricole, la ministre de l\u2019Agriculture, Annie Genevard, a soulign\u00e9 au <em>Journal du dimanche<\/em> (JDD) que le gouvernement compte mettre en place une clause de sauvegarde sp\u00e9cifique aux produits agricoles en cas de non-respect des normes europ\u00e9ennes. Ces affirmations ne semblent pas convaincre Arnaud Rousseau, qui a d\u00e9clar\u00e9 que \u00ab ce n\u2019est pas en se cachant derri\u00e8re les questions juridiques que l\u2019on r\u00e9glera la question du Mercosur\u00a0\u00bb. Reprochant l\u2019ouverture des fronti\u00e8res commerciales europ\u00e9ennes sans respect de ses standards de production et le recours \u00e0 l\u2019importation au d\u00e9triment de la production locale dans tous les domaines, le leader syndical a demand\u00e9 au gouvernement si son orientation tendait plut\u00f4t \u00e0\u00a0\u00ab\u00a0sacrifier l\u2019agriculture fran\u00e7aise et europ\u00e9enne consid\u00e9r\u00e9e comme une variable d\u2019ajustement dans les accords commerciaux internationaux au profit d\u2019autres secteurs\u00a0\u00bb ou \u00e0 \u00ab\u00a0garder une agriculture saine et durable sur le Vieux Continent\u00a0\u00bb.<\/p>\n<\/div>\n<p><br \/>\n<br \/><a href=\"https:\/\/francais.rt.com\/france\/127232-france-fnsea-appelle-journee-mobilisation-contre-propos-macron-sur-accord-avec-mercosur\" target=\"_blank\"\">Source link <\/a><\/p>\n","protected":false},"excerpt":{"rendered":"<p>Les agriculteurs fran\u00e7ais se mobilisent contre les d\u00e9clarations du pr\u00e9sident fran\u00e7ais, qui doit se rendre \u00e0 Toulouse le 12 novembre, apr\u00e8s ses propos \u00e0 la COP 30 favorables \u00e0 un&hellip; <\/p>\n","protected":false},"author":1,"featured_media":19169,"comment_status":"open","ping_status":"open","sticky":false,"template":"","format":"standard","meta":{"footnotes":""},"categories":[1],"tags":[],"class_list":["post-19168","post","type-post","status-publish","format-standard","has-post-thumbnail","hentry","category-non-classe"],"_links":{"self":[{"href":"https:\/\/monde25.info\/index.php\/wp-json\/wp\/v2\/posts\/19168","targetHints":{"allow":["GET"]}}],"collection":[{"href":"https:\/\/monde25.info\/index.php\/wp-json\/wp\/v2\/posts"}],"about":[{"href":"https:\/\/monde25.info\/index.php\/wp-json\/wp\/v2\/types\/post"}],"author":[{"embeddable":true,"href":"https:\/\/monde25.info\/index.php\/wp-json\/wp\/v2\/users\/1"}],"replies":[{"embeddable":true,"href":"https:\/\/monde25.info\/index.php\/wp-json\/wp\/v2\/comments?post=19168"}],"version-history":[{"count":0,"href":"https:\/\/monde25.info\/index.php\/wp-json\/wp\/v2\/posts\/19168\/revisions"}],"wp:featuredmedia":[{"embeddable":true,"href":"https:\/\/monde25.info\/index.php\/wp-json\/wp\/v2\/media\/19169"}],"wp:attachment":[{"href":"https:\/\/monde25.info\/index.php\/wp-json\/wp\/v2\/media?parent=19168"}],"wp:term":[{"taxonomy":"category","embeddable":true,"href":"https:\/\/monde25.info\/index.php\/wp-json\/wp\/v2\/categories?post=19168"},{"taxonomy":"post_tag","embeddable":true,"href":"https:\/\/monde25.info\/index.php\/wp-json\/wp\/v2\/tags?post=19168"}],"curies":[{"name":"wp","href":"https:\/\/api.w.org\/{rel}","templated":true}]}}