{"id":19170,"date":"2025-11-10T10:34:08","date_gmt":"2025-11-10T09:34:08","guid":{"rendered":"https:\/\/monde25.info\/index.php\/2025\/11\/10\/le-chaos-climatique-sevit-deja-a-belem-ville-hote-de-la-cop30\/"},"modified":"2025-11-10T10:34:08","modified_gmt":"2025-11-10T09:34:08","slug":"le-chaos-climatique-sevit-deja-a-belem-ville-hote-de-la-cop30","status":"publish","type":"post","link":"https:\/\/monde25.info\/index.php\/2025\/11\/10\/le-chaos-climatique-sevit-deja-a-belem-ville-hote-de-la-cop30\/","title":{"rendered":"Le chaos climatique s\u00e9vit d\u00e9j\u00e0 \u00e0 Bel\u00e9m, ville h\u00f4te de la COP30"},"content":{"rendered":"<p> <br \/>\n<br \/><img loading=\"lazy\" decoding=\"async\" src=\"https:\/\/reporterre.net\/local\/cache-vignettes\/L700xH467\/belemlelmlemlogo-4aa09.jpg?1762766528\" class=\"spip_logo\" width=\"700\" height=\"467\" alt=\"\" \/><\/p>\n<p>Tandis que Bel\u00e9m accueille la <span class=\"caps\">COP30<\/span>, ses habitants ressentent d\u00e9j\u00e0 les r\u00e9percussions de la crise climatique. Entre chaleurs extr\u00eames et pluies d\u00e9vastatrices, les quartiers populaires sont les plus durement frapp\u00e9s. <br class=\"autobr\" \/><br \/>\nBel\u00e9m (Br\u00e9sil), correspondance <br class=\"autobr\" \/><br \/>\n\u00c0 Bel\u00e9m, le futur est d\u00e9j\u00e0 l\u00e0. Alors que le monde commence \u00e0 peine \u00e0 admettre son incapacit\u00e9 \u00e0 tenir la promesse d&rsquo;un r\u00e9chauffement contenu \u00e0 moins de 1,5\u00a0\u00b0C par rapport \u00e0 l&rsquo;\u00e8re pr\u00e9-industrielle, la m\u00e9tropole amazonienne a observ\u00e9 ses maximales\u00a0(\u2026)<\/p>\n<p>                    <a target=\"_blank\" href=\"https:\/\/reporterre.net\/Le-chaos-climatique-sevit-deja-a-Belem-ville-hote-de-la-COP30?utm_source=RSS&amp;utm_medium=RSS\">Lire la suite<\/a><\/p>\n<p>                    &#8211;<br \/>\n                        <a target=\"_blank\" href=\"https:\/\/reporterre.net\/Autres-infos\" rel=\"directory\">Info<\/a><\/p>\n<p>                    \/<br \/>\n                        <a target=\"_blank\" href=\"https:\/\/reporterre.net\/International\" rel=\"tag\">Monde<\/a><br \/>\n<br \/><br \/>\n<br \/><a href=\"https:\/\/reporterre.net\/Le-chaos-climatique-sevit-deja-a-Belem-ville-hote-de-la-COP30\" target=\"_blank\"\">Source link <\/a><\/p>\n","protected":false},"excerpt":{"rendered":"<p>Tandis que Bel\u00e9m accueille la COP30, ses habitants ressentent d\u00e9j\u00e0 les r\u00e9percussions de la crise climatique. Entre chaleurs extr\u00eames et pluies d\u00e9vastatrices, les quartiers populaires sont les plus durement frapp\u00e9s.&hellip; <\/p>\n","protected":false},"author":1,"featured_media":0,"comment_status":"open","ping_status":"open","sticky":false,"template":"","format":"standard","meta":{"footnotes":""},"categories":[1],"tags":[],"class_list":["post-19170","post","type-post","status-publish","format-standard","hentry","category-non-classe"],"_links":{"self":[{"href":"https:\/\/monde25.info\/index.php\/wp-json\/wp\/v2\/posts\/19170","targetHints":{"allow":["GET"]}}],"collection":[{"href":"https:\/\/monde25.info\/index.php\/wp-json\/wp\/v2\/posts"}],"about":[{"href":"https:\/\/monde25.info\/index.php\/wp-json\/wp\/v2\/types\/post"}],"author":[{"embeddable":true,"href":"https:\/\/monde25.info\/index.php\/wp-json\/wp\/v2\/users\/1"}],"replies":[{"embeddable":true,"href":"https:\/\/monde25.info\/index.php\/wp-json\/wp\/v2\/comments?post=19170"}],"version-history":[{"count":0,"href":"https:\/\/monde25.info\/index.php\/wp-json\/wp\/v2\/posts\/19170\/revisions"}],"wp:attachment":[{"href":"https:\/\/monde25.info\/index.php\/wp-json\/wp\/v2\/media?parent=19170"}],"wp:term":[{"taxonomy":"category","embeddable":true,"href":"https:\/\/monde25.info\/index.php\/wp-json\/wp\/v2\/categories?post=19170"},{"taxonomy":"post_tag","embeddable":true,"href":"https:\/\/monde25.info\/index.php\/wp-json\/wp\/v2\/tags?post=19170"}],"curies":[{"name":"wp","href":"https:\/\/api.w.org\/{rel}","templated":true}]}}