{"id":19173,"date":"2025-11-10T11:39:42","date_gmt":"2025-11-10T10:39:42","guid":{"rendered":"https:\/\/monde25.info\/index.php\/2025\/11\/10\/accord-ue-mercosur-macron-se-dit-positif-devant-la-possibilite-dune-signature-de-laccord-la-coordination-rurale-denonce-une-trahison\/"},"modified":"2025-11-10T11:39:42","modified_gmt":"2025-11-10T10:39:42","slug":"accord-ue-mercosur-macron-se-dit-positif-devant-la-possibilite-dune-signature-de-laccord-la-coordination-rurale-denonce-une-trahison","status":"publish","type":"post","link":"https:\/\/monde25.info\/index.php\/2025\/11\/10\/accord-ue-mercosur-macron-se-dit-positif-devant-la-possibilite-dune-signature-de-laccord-la-coordination-rurale-denonce-une-trahison\/","title":{"rendered":"Accord UE-Mercosur : Macron se dit \u201cpositif\u201d devant la possibilit\u00e9 d\u2019une signature de l\u2019accord, la Coordination rurale d\u00e9nonce une \u201ctrahison\u201d"},"content":{"rendered":"<p> <br \/>\n<\/p>\n<div>\n<p>\u00c0 Bel\u00e9m, au Br\u00e9sil, le pr\u00e9sident Emmanuel Macron s\u2019est dit \u201cplut\u00f4t positif\u201d quant \u00e0 la possibilit\u00e9 que la France accepte l\u2019accord commercial entre l\u2019Union europ\u00e9enne (UE) et le Mercosur. La d\u00e9claration a suscit\u00e9 l\u2019indignation des syndicats agricoles en France, notamment la Coordination rurale (CR), que les justifications du chef de l\u2019\u00c9tat n\u2019ont pas r\u00e9ussi \u00e0 calmer.<\/p>\n<p>L\u2019accord UE-Mercosur, conclu en d\u00e9cembre 2024 apr\u00e8s vingt-cinq ans de n\u00e9gociations entre l\u2019Union europ\u00e9enne et les pays du Mercosur (Br\u00e9sil, Argentine, Uruguay, Paraguay), vise \u00e0 supprimer la plupart des droits de douane et \u00e0 cr\u00e9er un immense march\u00e9 commun de plus de 700 millions de consommateurs. Pr\u00e9sent\u00e9 par Ursula von der Leyen comme un partenariat \u00e9conomique historique, le texte suscite pourtant de fortes oppositions politiques et sociales.\u00a0<span class=\"Apple-converted-space\">\u00a0<\/span><\/p>\n<p><strong>La Coordination rurale d\u00e9nonce une \u201ctrahison\u201d<\/strong><\/p>\n<p>Sa ratification, engag\u00e9e par la Commission en 2025, se heurte aux r\u00e9ticences d\u2019\u00c9tats membres comme la France ou l\u2019Autriche, qui d\u00e9noncent des d\u00e9s\u00e9quilibres au d\u00e9triment de l\u2019agriculture europ\u00e9enne. Des syndicats agricoles et des ONG fustigent un \u201cagricide\u201d, tandis qu\u2019un groupe d\u2019eurod\u00e9put\u00e9s envisage m\u00eame de saisir la Cour de justice de l\u2019UE.<span class=\"Apple-converted-space\">\u00a0<\/span><\/p>\n<p>Dans l\u2019Hexagone, o\u00f9 les syndicats ont multipli\u00e9 les manifestations pendant des mois, Emmanuel Macron avait auparavant affirm\u00e9 \u00e0 plusieurs reprises que cet accord n\u2019\u00e9tait \u201cpas acceptable en l\u2019\u00e9tat\u201d. La semaine derni\u00e8re, le ministre d\u00e9l\u00e9gu\u00e9 charg\u00e9 de l&rsquo;Europe, Benjamin Haddad, avait alors expliqu\u00e9 que \u201ctoute signature de l\u2019accord\u201d est \u00e9troitement li\u00e9e \u00e0 la signature, par les pays latino-am\u00e9ricains, de \u201cla clause de sauvegarde\u201d, cens\u00e9e prot\u00e9ger les secteurs agricoles.<\/p>\n<p>Mais la position de Paris a visiblement chang\u00e9, \u00e0 se r\u00e9f\u00e9rer \u00e0 la d\u00e9claration du pr\u00e9sident fran\u00e7ais. En marge du sommet des chefs d\u2019\u00c9tats qui pr\u00e9c\u00e8de la COP30 \u00e0 Bel\u00e8m au Br\u00e9sil, Emmanuel Macron a d\u00e9clar\u00e9 \u00eatre \u201cplut\u00f4t positif\u00a0\u00bb. \u201cMais je reste vigilant parce que je d\u00e9fends aussi les int\u00e9r\u00eats de la France et nous continuons \u00e0 nous battre\u201d, a-t-il affirm\u00e9.<span class=\"Apple-converted-space\">\u00a0<\/span><\/p>\n<p>\u201cNous avons \u00e9t\u00e9 entendus par la Commission, qui non seulement nous a donn\u00e9 une r\u00e9ponse positive sur les clauses de sauvegarde, mais a souhait\u00e9 aussi apporter des soutiens en particulier au secteur de l\u2019\u00e9levage, apporter aussi un renforcement des protections de notre march\u00e9 int\u00e9rieur avec un renforcement de notre union douani\u00e8re\u201d, a rench\u00e9ri Emmanuel Macron. Le chef de l\u2019\u00c9tat explique que, la Commission europ\u00e9enne va mener dans \u201cles semaines qui viennent\u201d un \u201ctravail\u201d avec le Mercosur \u201cpour que ces clauses soient accept\u00e9es\u201d.<\/p>\n<p>Sa d\u00e9claration est tr\u00e8s mal pass\u00e9e aupr\u00e8s des syndicats. V\u00e9ronique Le Floc\u2019h, pr\u00e9sidente de la Coordination rurale, a rappel\u00e9 que \u201cle Mercosur, c\u2019est la mort de l\u2019agriculture\u201d et d\u00e9nonce une \u201ctrahison\u201d de la part du chef de l\u2019\u00c9tat. \u201cIl nous avait dit, la main sur le c\u0153ur, au Salon de l\u2019agriculture, qu\u2019il s\u2019opposerait \u00e0 cet accord. C\u2019\u00e9tait sa responsabilit\u00e9 d\u2019aller chercher le soutien des autres \u00c9tats membres pour trouver une minorit\u00e9 de blocage. On est plus qu\u2019en col\u00e8re\u201d, a ajout\u00e9 un des porte-paroles de la CR, St\u00e9phane Galais.<\/p>\n<p><strong>Macron se justifie, sa ministre temp\u00e8re<\/strong><\/p>\n<p>La FNSEA a de son c\u00f4t\u00e9 d\u00e9nonc\u00e9 \u201dun reniement total\u201d et \u201cune rupture avec l\u2019agriculture fran\u00e7aise\u201d. M\u00eame la ministre de l&rsquo;Agriculture, Annie Genevard, reconna\u00eet que les garanties obtenues par Paris ne sont pas encore solides. \u201cLes lignes rouges de la France sont connues depuis le d\u00e9part (\u2026) Et aujourd\u2019hui, m\u00eame s\u2019il y a des avanc\u00e9es, le compte n\u2019y est pas\u201d, a-t-elle d\u00e9clar\u00e9 dans un post X.<\/p>\n<p>Interrog\u00e9 par les journalistes, le chef de l\u2019\u00c9tat s\u2019est justifi\u00e9. \u201cJ\u2019ai \u00e9t\u00e9 coh\u00e9rent depuis le d\u00e9but. J\u2019ai dit qu\u2019en l\u2019\u00e9tat, il n\u2019\u00e9tait pas acceptable, c\u2019est pour \u00e7a que je vous dis qu\u2019il est en train d\u2019\u00eatre chang\u00e9. Et donc si ces clauses sont bien mises en \u0153uvre, qui n\u2019existaient pas dans l\u2019accord, \u00e0 ce moment-l\u00e0 nous consid\u00e9rons que cet accord peut \u00eatre acceptable\u201d, a-t-il expliqu\u00e9.<span class=\"Apple-converted-space\">\u00a0<\/span><\/p>\n<p>Ces clauses de sauvegarde sont suppos\u00e9es garantir une augmentation temporaire des droits de douane sur les produits agricoles import\u00e9s des pays du Mercosur, en cas de pr\u00e9judices pour l\u2019agriculture europ\u00e9enne.<\/p>\n<p>La position des \u00c9tats membres de l\u2019UE reste profond\u00e9ment divis\u00e9e sur l\u2019accord UE-Mercosur. Cette fracture emp\u00eache l\u2019\u00e9mergence d\u2019une majorit\u00e9 claire au Conseil, tandis que le Parlement europ\u00e9en demeure majoritairement hostile au texte en l\u2019\u00e9tat, plusieurs <a target=\"_blank\" href=\"https:\/\/www.francesoir.fr\/politique-monde\/conformite-de-l-accord-ue-mercosur-avec-les-traites-europeens-des-eurodeputes\">eurod\u00e9put\u00e9s<\/a> envisageant m\u00eame d\u2019en saisir la Cour de justice de l\u2019UE, ce qui retarde encore toute perspective de ratification.<\/p>\n<\/div>\n<p><script>(function(d, s, id) {  var js, fjs = d.getElementsByTagName(s)[0];  if (d.getElementById(id)) return;  js = d.createElement(s); js.id = id;  js.src = \"\/\/connect.facebook.net\/fr_FR\/sdk.js#xfbml=1&version=v2.3\";  fjs.parentNode.insertBefore(js, fjs);}(document, \"script\", \"facebook-jssdk\"));<\/script><br \/>\n<br \/><br \/>\n<br \/><a href=\"https:\/\/www.francesoir.fr\/politique-monde\/accord-ue-mercosur-macron-se-dit-positif-devant-la-possibilite-d-une-signature-de-l\" target=\"_blank\"\">Source link <\/a><\/p>\n","protected":false},"excerpt":{"rendered":"<p>\u00c0 Bel\u00e9m, au Br\u00e9sil, le pr\u00e9sident Emmanuel Macron s\u2019est dit \u201cplut\u00f4t positif\u201d quant \u00e0 la possibilit\u00e9 que la France accepte l\u2019accord commercial entre l\u2019Union europ\u00e9enne (UE) et le Mercosur. La&hellip; <\/p>\n","protected":false},"author":1,"featured_media":19174,"comment_status":"open","ping_status":"open","sticky":false,"template":"","format":"standard","meta":{"footnotes":""},"categories":[1],"tags":[],"class_list":["post-19173","post","type-post","status-publish","format-standard","has-post-thumbnail","hentry","category-non-classe"],"_links":{"self":[{"href":"https:\/\/monde25.info\/index.php\/wp-json\/wp\/v2\/posts\/19173","targetHints":{"allow":["GET"]}}],"collection":[{"href":"https:\/\/monde25.info\/index.php\/wp-json\/wp\/v2\/posts"}],"about":[{"href":"https:\/\/monde25.info\/index.php\/wp-json\/wp\/v2\/types\/post"}],"author":[{"embeddable":true,"href":"https:\/\/monde25.info\/index.php\/wp-json\/wp\/v2\/users\/1"}],"replies":[{"embeddable":true,"href":"https:\/\/monde25.info\/index.php\/wp-json\/wp\/v2\/comments?post=19173"}],"version-history":[{"count":0,"href":"https:\/\/monde25.info\/index.php\/wp-json\/wp\/v2\/posts\/19173\/revisions"}],"wp:featuredmedia":[{"embeddable":true,"href":"https:\/\/monde25.info\/index.php\/wp-json\/wp\/v2\/media\/19174"}],"wp:attachment":[{"href":"https:\/\/monde25.info\/index.php\/wp-json\/wp\/v2\/media?parent=19173"}],"wp:term":[{"taxonomy":"category","embeddable":true,"href":"https:\/\/monde25.info\/index.php\/wp-json\/wp\/v2\/categories?post=19173"},{"taxonomy":"post_tag","embeddable":true,"href":"https:\/\/monde25.info\/index.php\/wp-json\/wp\/v2\/tags?post=19173"}],"curies":[{"name":"wp","href":"https:\/\/api.w.org\/{rel}","templated":true}]}}