{"id":19177,"date":"2025-11-10T14:59:13","date_gmt":"2025-11-10T13:59:13","guid":{"rendered":"https:\/\/monde25.info\/index.php\/2025\/11\/10\/surf-park-en-vendee-surfeurs-et-ecologistes-promettent-des-perturbations\/"},"modified":"2025-11-10T14:59:13","modified_gmt":"2025-11-10T13:59:13","slug":"surf-park-en-vendee-surfeurs-et-ecologistes-promettent-des-perturbations","status":"publish","type":"post","link":"https:\/\/monde25.info\/index.php\/2025\/11\/10\/surf-park-en-vendee-surfeurs-et-ecologistes-promettent-des-perturbations\/","title":{"rendered":"Surf park en Vend\u00e9e\u00a0: surfeurs et \u00e9cologistes promettent des \u00ab\u00a0perturbations\u00a0\u00bb"},"content":{"rendered":"<p> <br \/>\n<br \/><img loading=\"lazy\" decoding=\"async\" src=\"https:\/\/reporterre.net\/local\/cache-vignettes\/L700xH467\/surfpark_talmont_banderole_1_-8c641.jpg?1762772807\" class=\"spip_logo\" width=\"700\" height=\"467\" alt=\"\" \/><\/p>\n<p>Deux actions ont eu lieu simultan\u00e9ment en Vend\u00e9e contre un projet de surf park, dont le chantier doit commencer le 10\u00a0novembre. \u00ab<small class=\"fine d-inline\">\u00a0<\/small>Si les travaux d\u00e9butent, il y aura des perturbations<small class=\"fine d-inline\">\u00a0<\/small>\u00bb, pr\u00e9viennent les activistes. <br class=\"autobr\" \/><br \/>\nTalmont-Saint-Hilaire (Vend\u00e9e), reportage <br class=\"autobr\" \/><br \/>\nDeux actions, deux ambiances. Dans le petit centre-ville de Talmont-Saint-Hilaire (Vend\u00e9e), au pied de la forteresse en ruines mordue de brume, progressant d&rsquo;un pas lent derri\u00e8re une poign\u00e9e de gendarmes, des opposants ont brandi le 9\u00a0(\u2026)<\/p>\n<p>                    <a target=\"_blank\" href=\"https:\/\/reporterre.net\/Surf-park-en-Vendee-surfeurs-et-ecologistes-promettent-des-perturbations?utm_source=RSS&amp;utm_medium=RSS\">Lire la suite<\/a><\/p>\n<p>                    &#8211;<br \/>\n                        <a target=\"_blank\" href=\"https:\/\/reporterre.net\/Reportage\" rel=\"directory\">Reportage<\/a><\/p>\n<p>                    \/<br \/>\n                        <a target=\"_blank\" href=\"https:\/\/reporterre.net\/Luttes\" rel=\"tag\">Luttes<\/a><br \/>\n<br \/><br \/>\n<br \/><a href=\"https:\/\/reporterre.net\/Surf-park-en-Vendee-surfeurs-et-ecologistes-promettent-des-perturbations\" target=\"_blank\"\">Source link <\/a><\/p>\n","protected":false},"excerpt":{"rendered":"<p>Deux actions ont eu lieu simultan\u00e9ment en Vend\u00e9e contre un projet de surf park, dont le chantier doit commencer le 10\u00a0novembre. \u00ab\u00a0Si les travaux d\u00e9butent, il y aura des perturbations\u00a0\u00bb,&hellip; <\/p>\n","protected":false},"author":1,"featured_media":0,"comment_status":"open","ping_status":"open","sticky":false,"template":"","format":"standard","meta":{"footnotes":""},"categories":[1],"tags":[],"class_list":["post-19177","post","type-post","status-publish","format-standard","hentry","category-non-classe"],"_links":{"self":[{"href":"https:\/\/monde25.info\/index.php\/wp-json\/wp\/v2\/posts\/19177","targetHints":{"allow":["GET"]}}],"collection":[{"href":"https:\/\/monde25.info\/index.php\/wp-json\/wp\/v2\/posts"}],"about":[{"href":"https:\/\/monde25.info\/index.php\/wp-json\/wp\/v2\/types\/post"}],"author":[{"embeddable":true,"href":"https:\/\/monde25.info\/index.php\/wp-json\/wp\/v2\/users\/1"}],"replies":[{"embeddable":true,"href":"https:\/\/monde25.info\/index.php\/wp-json\/wp\/v2\/comments?post=19177"}],"version-history":[{"count":0,"href":"https:\/\/monde25.info\/index.php\/wp-json\/wp\/v2\/posts\/19177\/revisions"}],"wp:attachment":[{"href":"https:\/\/monde25.info\/index.php\/wp-json\/wp\/v2\/media?parent=19177"}],"wp:term":[{"taxonomy":"category","embeddable":true,"href":"https:\/\/monde25.info\/index.php\/wp-json\/wp\/v2\/categories?post=19177"},{"taxonomy":"post_tag","embeddable":true,"href":"https:\/\/monde25.info\/index.php\/wp-json\/wp\/v2\/tags?post=19177"}],"curies":[{"name":"wp","href":"https:\/\/api.w.org\/{rel}","templated":true}]}}