{"id":19178,"date":"2025-11-10T15:32:07","date_gmt":"2025-11-10T14:32:07","guid":{"rendered":"https:\/\/monde25.info\/index.php\/2025\/11\/10\/le-soudan-champ-de-bataille-des-puissances-etrangeres\/"},"modified":"2025-11-10T15:32:07","modified_gmt":"2025-11-10T14:32:07","slug":"le-soudan-champ-de-bataille-des-puissances-etrangeres","status":"publish","type":"post","link":"https:\/\/monde25.info\/index.php\/2025\/11\/10\/le-soudan-champ-de-bataille-des-puissances-etrangeres\/","title":{"rendered":"Le Soudan, champ de bataille des puissances \u00e9trang\u00e8res"},"content":{"rendered":"<p> <br \/>\n<\/p>\n<div>\n<h4><b>Alors que la guerre au Soudan s\u2019enlise dans le silence m\u00e9diatique, les souffrances civiles atteignent des niveaux in\u00e9dits. <a target=\"_blank\" href=\"https:\/\/www.justicepaix.be\/conflit-et-ingerences-comprendre-la-crise-soudanaise\/\">L\u2019association Justice &amp; Paix<\/a> revient sur les racines historiques, politiques et g\u00e9opolitiques de cette guerre d\u2019ing\u00e9rences.<\/b><span id=\"more-1152449\"\/><\/h4>\n<p>Avez-vous d\u00e9j\u00e0 entendu parler de la guerre au Soudan ? Pas du conflit au Darfour au d\u00e9but des ann\u00e9es 2000, ni de la s\u00e9paration du Sud-Soudan en 2011, mais bien de <strong><a target=\"_blank\" href=\"https:\/\/www.lemonde.fr\/en\/international\/article\/2025\/04\/15\/sudan-ravaged-by-two-years-of-civil-war-sees-conflict-spread-further_6740243_4.html\">la guerre qui a \u00e9clat\u00e9 depuis le 15 avril 2023<\/a>. La r\u00e9ponse est probablement non. Cela n\u2019est pas \u00e9tonnant : ce conflit est largement marginalis\u00e9, tant sur les plans m\u00e9diatique, politique qu\u2019humanitaire.<\/strong><\/p>\n<p>Pourtant, le conflit au Soudan est aujourd\u2019hui consid\u00e9r\u00e9 comme <a target=\"_blank\" href=\"https:\/\/www.unicef.fr\/article\/soudan-bientot-2-ans-dindicibles-horreurs\/\"><b><em>\u00ab\u00a0le th\u00e9\u00e2tre de la crise humanitaire la plus importante et la plus d\u00e9vastatrice au monde\u00a0\u00bb<\/em><\/b><\/a>, selon la pr\u00e9sidente de l\u2019UNICEF. D\u00e8s lors, pourquoi la Belgique ne s\u2019est-elle pas impliqu\u00e9e dans la conf\u00e9rence internationale sur le Soudan coorganis\u00e9e par l\u2019Union africaine, l\u2019Union europ\u00e9enne, la Grande-Bretagne, la France et l\u2019Allemagne \u00e0 Londres le 15 avril 2025 ?<\/p>\n<p>Apr\u00e8s deux ans de conflit, les agences des Nations Unies dressent un bilan funeste de la situation humanitaire. La\u00a0guerre au Soudan d\u00e9tient \u00e9galement le triste record de <a target=\"_blank\" href=\"https:\/\/oxfambelgique.be\/soudan-la-crise-humanitaire-la-plus-grave-au-monde-menace-la-stabilite-regionale#:~:text=Le%20conflit%20brutal%20qui%20s%C3%A9vit,est%20confront%C3%A9%20%C3%A0%20la%20faim.\"><b>la plus grande crise de d\u00e9placement au monde et de famine aujourd\u2019hui officiellement reconnue.<\/b><\/a><\/p>\n<p><strong>Depuis la fin octobre 2025, la situation s\u2019est encore aggrav\u00e9e avec <a target=\"_blank\" href=\"https:\/\/www.lemonde.fr\/afrique\/article\/2025\/11\/03\/au-soudan-le-jeu-trouble-des-emirats-arabes-unis-et-le-desinteret-coupable-des-occidentaux_6651268_3212.html\">la prise de la ville d\u2019El Fasher<\/a>, capitale du Nord-Darfour, par les Forces de soutien rapide (FSR).<\/strong> Selon plusieurs organisations et t\u00e9moins, <b>les combats ont fait des milliers de mort\u00b7es civil\u00b7es.<\/b> Des groupes m\u00e9dicaux locaux affirment que <b>des milliers de personnes sont toujours pi\u00e9g\u00e9es dans la ville, priv\u00e9es d\u2019eau, de nourriture et de soins.<\/b><\/p>\n<p><iframe loading=\"lazy\" title=\"Soudan : les FSR disent avoir arr\u00eat\u00e9 plusieurs de leurs combattants \u2022 FRANCE 24\" width=\"1110\" height=\"624\" src=\"https:\/\/www.youtube.com\/embed\/fjZ7jQkow3U?feature=oembed\" frameborder=\"0\" allow=\"accelerometer; autoplay; clipboard-write; encrypted-media; gyroscope; picture-in-picture; web-share\" referrerpolicy=\"strict-origin-when-cross-origin\" allowfullscreen><\/iframe><\/p>\n<p>Des journalistes sur place d\u00e9crivent <b>un processus syst\u00e9matique et intentionnel de nettoyage ethnique visant les communaut\u00e9s non arabes,<\/b> notamment les Fur, Zaghawa et Barti, marqu\u00e9 par des ex\u00e9cutions sommaires et des d\u00e9placements forc\u00e9s.<\/p>\n<p><strong>Les survivant\u00b7es \u00e9voquent des sc\u00e8nes de massacre rappelant celles du Darfour au d\u00e9but des ann\u00e9es 2000.<\/strong> Le Haut-Commissariat des Nations unies aux droits humains a fait \u00e9tat de<em> \u00ab violations graves et syst\u00e9matiques \u00bb<\/em>, sans toutefois employer pour l\u2019instant le terme de g\u00e9nocide. Ce mot, rappelons-le, a une d\u00e9finition juridique stricte : il suppose <strong>l\u2019intention de d\u00e9truire, en tout ou en partie, un groupe national, ethnique, racial ou religieux.<\/strong> Mais son utilisation n\u2019est pas nouvelle au Soudan : le Congr\u00e8s am\u00e9ricain l\u2019avait d\u00e9j\u00e0 employ\u00e9 en 1999 et 2004, et le secr\u00e9taire d\u2019\u00c9tat, <strong>Colin Powell l\u2019avait officiellement reconnu en 2004 pour qualifier les crimes commis au Darfour.<\/strong><\/p>\n<p>Cette reconnaissance avait conduit <a target=\"_blank\" href=\"https:\/\/press.un.org\/en\/2005\/sc8351.doc.htm\">le Conseil de s\u00e9curit\u00e9 de l\u2019ONU \u00e0 saisir <b>la Cour p\u00e9nale internationale<\/b><\/a><b>, qui a finalement retenu la qualification de g\u00e9nocide dans le <a target=\"_blank\" href=\"https:\/\/www.icc-cpi.int\/court-record\/icc-02\/05-01\/09-95\">second mandat d\u2019arr\u00eat \u00e9mis contre Omar el-B\u00e9chir en 2010.<\/a><\/b><\/p>\n<h2 class=\"western\"><strong>Aux racines d\u2019un conflit complexe et enracin\u00e9 dans l\u2019histoire<\/strong><\/h2>\n<p>Pour comprendre la catastrophe actuelle, il faut remonter aux <b>dynamiques historiques et politiques profondes, h\u00e9rit\u00e9es de la p\u00e9riode coloniale<\/b><strong>.<\/strong><\/p>\n<h3 class=\"western\"><strong>Des fractures h\u00e9rit\u00e9es de la colonisation<\/strong><\/h3>\n<p>D\u00e8s le XIXe si\u00e8cle, <strong>le territoire soudanais est domin\u00e9 par une double emprise ottomane et \u00e9gyptienne, puis colonis\u00e9 par les Britanniques \u00e0 la fin du si\u00e8cle.<\/strong> Le condominium anglo-\u00e9gyptien met en place une politique de \u00ab diviser pour mieux r\u00e9gner \u00bb, connue sous le nom de <strong><em>Southern policy<\/em>, qui s\u00e9pare le sud chr\u00e9tien et animiste du nord musulman et arabophone.<\/strong><\/p>\n<p>\u00c0 l\u2019ind\u00e9pendance, <strong>en 1956, ces fractures resurgissent et plongent le pays dans deux longues guerres civiles entre le nord islamique et les populations noires africaines chr\u00e9tiennes du sud, conflits qui m\u00e8neront \u00e0 <a target=\"_blank\" href=\"https:\/\/www.rtbf.be\/article\/le-sud-soudan-193e-etat-du-monde-a-proclame-son-independance-6428873\">la s\u00e9cession du Sud-Soudan en 2011<\/a>.<\/strong> Mais la marginalisation ne s\u2019arr\u00eate pas l\u00e0. D\u2019autres r\u00e9gions, telles que le Kordofan, le Nil Bleu ou encore le Darfour, sont laiss\u00e9es pour compte sur les plans politique et \u00e9conomique.<\/p>\n<div class=\"td-a-rec td-a-rec-id-content_inline  tdi_1 td_block_template_1\">\n<span class=\"td-adspot-title\">&#8211; Pour une information libre ! &#8211;<\/span><a target=\"_blank\" href=\"https:\/\/fr.tipeee.com\/mr-mondialisation\" class=\"tipeee-project-small\">Soutenir Mr Japanization sur Tipeee<\/a>\n<\/div>\n<h3 class=\"western\"><strong>Le Darfour, un pr\u00e9c\u00e9dent annonciateur<\/strong><\/h3>\n<p>C\u2019est de cette marginalisation qu\u2019\u00e9clate en 2003, la r\u00e9bellion au Darfour. Le pr\u00e9sident Omar el-B\u00e9chir fait appel aux <b><a target=\"_blank\" href=\"https:\/\/www.hrw.org\/news\/2025\/10\/06\/darfur-icc-convicts-former-janjaweed-militia-leader\">milices Janjawid, responsables d\u2019atrocit\u00e9s massives contre les civils<\/a>\u00a0: viols, massacres, d\u00e9portations et politique de la \u00ab terre br\u00fbl\u00e9e \u00bb.<\/b><\/p>\n<p>La Cour p\u00e9nale internationale ouvre alors une <b>enqu\u00eate pour g\u00e9nocide, crimes de guerre et crimes contre l\u2019humanit\u00e9, \u00e9mettant un mandat d\u2019arr\u00eat contre el-B\u00e9chir<\/b>. Les Janjawid, int\u00e9gr\u00e9s en 2013 dans les forces de s\u00e9curit\u00e9 sous le nom de Forces de soutien rapide (FSR), forment aujourd\u2019hui le c\u0153ur du conflit actuel. <strong>Leur chef, Hemetti, ancien chef de guerre au Darfour, est devenu l\u2019un des principaux opposants du g\u00e9n\u00e9ral al-Burhan.<\/strong><\/p>\n<h2 class=\"western\"><strong>Une transition avort\u00e9e et une lutte de pouvoir<\/strong><\/h2>\n<p>La r\u00e9volution populaire de 2019 met fin \u00e0 30 ans de dictature et fait na\u00eetre l\u2019espoir d\u2019une transition d\u00e9mocratique. Mais ce r\u00eave s\u2019effondre en 2021 lorsqu\u2019un <b>coup d\u2019\u00c9tat, men\u00e9 conjointement par les FAS et les FSR, interrompt le processus.<\/b><\/p>\n<p><strong>Les deux g\u00e9n\u00e9raux se partagent alors le pouvoir, avant que leurs rivalit\u00e9s n\u2019\u00e9clatent au grand jour autour du contr\u00f4le des ressources naturelles\u00a0: or, p\u00e9trole, gomme arabique, et de l\u2019appareil d\u2019\u00c9tat.<\/strong> Le 15 avril 2023, les affrontements se propagent de Khartoum \u00e0 l\u2019ensemble du pays, mettant fin \u00e0 tout espoir de d\u00e9mocratie.<\/p>\n<p><iframe loading=\"lazy\" title=\"Soudan : la guerre oubli\u00e9e | ARTE Reportage\" width=\"1110\" height=\"624\" src=\"https:\/\/www.youtube.com\/embed\/_Imhpn7e-uw?feature=oembed\" frameborder=\"0\" allow=\"accelerometer; autoplay; clipboard-write; encrypted-media; gyroscope; picture-in-picture; web-share\" referrerpolicy=\"strict-origin-when-cross-origin\" allowfullscreen><\/iframe><\/p>\n<h2 class=\"western\"><strong>Des ing\u00e9rences \u00e9trang\u00e8res qui alimentent la guerre<\/strong><\/h2>\n<p>Le conflit ne se limite pas aux fronti\u00e8res soudanaises. <a target=\"_blank\" href=\"https:\/\/www.theguardian.com\/global-development\/2025\/apr\/14\/leaked-un-experts-report-raises-fresh-concerns-over-uaes-role-in-sudan-war\"><b>Les \u00c9mirats arabes unis sont accus\u00e9s de soutenir les FSR<\/b><\/a>, <b>tandis que les FAS re\u00e7oivent l\u2019appui de l\u2019\u00c9gypte, de l\u2019Iran, du Qatar, de la Turquie et de l\u2019Arabie saoudite<\/b> selon des int\u00e9r\u00eats g\u00e9opolitiques et \u00e9conomiques divergents. Cette multiplicit\u00e9 d\u2019ing\u00e9rences transforme le Soudan en terrain d\u2019affrontement r\u00e9gional, prolongeant le conflit et complexifiant toute perspective de paix.<\/p>\n<div class=\"loJjTe\">\n<p><span aria-hidden=\"true\">Alli\u00e9 des Forces de soutien rapide, <b>Ab<\/b><strong>ou Dhabi (capitale des \u00c9mirats arabes unis<\/strong><\/span><strong>) appo<\/strong><b>rte une aide logistique essentielle aux paramilitaires, notamment en leur fournissant du carburant, des v\u00e9hicules et du mat\u00e9riel militaire achemin\u00e9s via le Tchad. <\/b><\/p>\n<\/div>\n<p>Face \u00e0 ces complicit\u00e9s, <a target=\"_blank\" href=\"https:\/\/www.rtbf.be\/article\/le-focus-international-licence-wallonne-d-exportation-d-armes-retour-de-la-riyal-politique-11478795\"><b>la responsabilit\u00e9 collective des puissances occidentales est \u00e9galement engag\u00e9e<\/b><\/a>. Si certaines capitales europ\u00e9ennes et Washington d\u00e9noncent publiquement les violences, elles ferment les yeux sur les flux d\u2019armes et de capitaux transitant par leurs alli\u00e9s du Golfe. <b>Aucune sanction significative n\u2019a \u00e9t\u00e9 impos\u00e9e contre les r\u00e9seaux de financement ou de livraison d\u2019armes, et le silence diplomatique persiste<\/b> au nom de la realpolitik et des int\u00e9r\u00eats \u00e9nerg\u00e9tiques. Cette complaisance nourrit un sentiment d\u2019impunit\u00e9 et rend les appels humanitaires des Nations unies : <b>on ne peut pr\u00e9tendre vouloir la paix tout en laissant ses alli\u00e9s alimenter la guerre.<\/b><\/p>\n<p><b>Il est essentiel de bien qualifier le conflit soudanais : il ne s\u2019agit pas d\u2019une simple \u00ab guerre civile \u00bb. <\/b>La guerre au Soudan est avant tout <strong>une guerre par procuration, aliment\u00e9e par des acteurs ext\u00e9rieurs <\/strong>tels que les \u00c9mirats arabes unis, l\u2019\u00c9gypte, la Russie ou encore certains pays occidentaux, dont les int\u00e9r\u00eats g\u00e9opolitiques et \u00e9conomiques perp\u00e9tuent le conflit. Le Soudan n\u2019est pas en guerre contre lui-m\u00eame : <strong>le pays est pris en otage par des forces \u00e9trang\u00e8res, tandis que la population civile paie le prix fort de cette instrumentalisation internationale.<\/strong><\/p>\n<h2 class=\"western\"><strong>Une faible mobilisation politique, humanitaire et m\u00e9diatique<\/strong><\/h2>\n<p>Malgr\u00e9 l\u2019ampleur du drame, <b>la r\u00e9ponse internationale reste timide et fragment\u00e9e<\/b>. Les initiatives diplomatiques peinent \u00e0 aboutir. <strong>La conf\u00e9rence internationale sur le Soudan organis\u00e9e \u00e0 Londres en avril 2025 visait \u00e0 mobiliser 6 milliards de dollars d\u2019aide humanitaire, mais seulement 960 millions ont \u00e9t\u00e9 annonc\u00e9s.<\/strong> Aucune mesure concr\u00e8te n\u2019a suivi, les bellig\u00e9rants refusant de cesser les hostilit\u00e9s.<\/p>\n<p><b><a target=\"_blank\" href=\"https:\/\/www.amnesty.org\/fr\/latest\/news\/2025\/04\/sudan-two-years-of-war-and-shameful-international-neglect\/\">La situation soudanaise illustre le d\u00e9sint\u00e9r\u00eat international <\/a>face aux crises sans retomb\u00e9es g\u00e9opolitiques majeures<\/b>. L\u2019absence de la Belgique \u00e0 cette conf\u00e9rence en dit long sur le d\u00e9sengagement europ\u00e9en. Pourtant, face \u00e0 une telle urgence humaine, cette indiff\u00e9rence est intenable.<\/p>\n<p><iframe loading=\"lazy\" title=\"Les t\u00e9moignages bouleversants de Soudanaises qui ont v\u00e9cu l&#039;enfer en fuyant leur pays\" width=\"1110\" height=\"624\" src=\"https:\/\/www.youtube.com\/embed\/zZ20eu32m3Q?feature=oembed\" frameborder=\"0\" allow=\"accelerometer; autoplay; clipboard-write; encrypted-media; gyroscope; picture-in-picture; web-share\" referrerpolicy=\"strict-origin-when-cross-origin\" allowfullscreen><\/iframe><\/p>\n<h2 class=\"western\"><strong>Rompre le silence : agir pour le Soudan<\/strong><\/h2>\n<p>Alors que la guerre s\u2019enlise, il est urgent de rompre le silence assourdissant. Derri\u00e8re les chiffres, il y a des vies : des familles d\u00e9plac\u00e9es, des enfants affam\u00e9\u00b7es, des femmes violent\u00e9es. <b>Ces souffrances sont le r\u00e9sultat de d\u00e9cennies de fractures historiques, d\u2019une lutte de pouvoir impitoyable et d\u2019une impunit\u00e9 internationale.<\/b><\/p>\n<p>La Belgique ne peut plus se contenter d\u2019observer. En tant qu\u2019\u00c9tat membre de l\u2019Union europ\u00e9enne, si\u00e8ge d\u2019institutions internationales et partenaire privil\u00e9gi\u00e9 des pays du Golfe, elle a <b>une responsabilit\u00e9 morale et politique dans la recherche d\u2019une issue au conflit.<\/b> Bruxelles doit plaider activement pour l\u2019ouverture de couloirs humanitaires s\u00e9curis\u00e9s, soutenir les cessez-le-feu sous l\u2019\u00e9gide de l\u2019Union africaine, et exiger la transparence sur les flux d\u2019armes et de financement impliquant ses alli\u00e9s r\u00e9gionaux, notamment les \u00c9mirats arabes unis.<\/p>\n<p>Elle doit \u00e9galement <strong>accro\u00eetre sa contribution \u00e0 l\u2019aide humanitaire, aujourd\u2019hui dramatiquement sous-financ\u00e9e.<\/strong> Enfin, la diplomatie belge peut jouer un r\u00f4le moteur au sein de l\u2019Union europ\u00e9enne pour porter la question soudanaise devant le Conseil de s\u00e9curit\u00e9 de l\u2019ONU et d\u00e9fendre la mise en place de sanctions cibl\u00e9es contre les responsables de crimes de guerre.<\/p>\n<p><iframe loading=\"lazy\" title=\"Soudan : L&#039;interminable guerre\" width=\"1110\" height=\"624\" src=\"https:\/\/www.youtube.com\/embed\/Ha4c1LwkLDA?feature=oembed\" frameborder=\"0\" allow=\"accelerometer; autoplay; clipboard-write; encrypted-media; gyroscope; picture-in-picture; web-share\" referrerpolicy=\"strict-origin-when-cross-origin\" allowfullscreen><\/iframe><\/p>\n<p>Mais au-del\u00e0 des gouvernements, <strong>les citoyen\u00b7nes peuvent aussi avoir un r\u00f4le \u00e0 jouer. <\/strong>Soutenir les campagnes du HCR, du Programme alimentaire mondial ou de M\u00e9decins Sans Fronti\u00e8res, relayer les informations, interpeller leurs \u00e9lus et leurs m\u00e9dias : autant d\u2019actes concrets pour briser l\u2019indiff\u00e9rence.<\/p>\n<p><b>En Belgique, plusieurs organisations agissent directement ou en appui aux acteurs sur le terrain<\/b> : Caritas International, Handicap International, Oxfam Belgique, l\u2019Op\u00e9ration 11.11.11, M\u00e9decins du Monde Belgique ou encore CNCD\u201311.11.11, qui appellent toutes \u00e0 renforcer l\u2019aide humanitaire et la pression diplomatique. Ces structures belges jouent un r\u00f4le cl\u00e9 dans la sensibilisation, la collecte de fonds et le plaidoyer aupr\u00e8s des autorit\u00e9s nationales et europ\u00e9ennes.<\/p>\n<p><b>Pour mieux comprendre, plusieurs ressources permettent aussi de saisir la profondeur du drame soudanais <\/b>: \u00ab Sudan\u2019s Forgotten War \u00bb (BBC, 2024), sur le quotidien \u00e0 Khartoum assi\u00e9g\u00e9e ; \u00ab Darfour : les cicatrices de la guerre \u00bb (France 24), retra\u00e7ant les origines du conflit ; \u00ab Blood Gold \u00bb (Al Jazeera, 2025), sur les enjeux \u00e9conomiques de la guerre. Parmi les lectures r\u00e9centes \u00e0 d\u00e9couvrir : \u00ab Soudan : anatomie d\u2019un effondrement \u00bb de Magdi El Gizouli et \u00ab La guerre des g\u00e9n\u00e9raux \u00bb de Cl\u00e9ment Deshayes.<\/p>\n<p><b>Parce que le silence tue autant que les armes, le Soudan fait partie de ces crises oubli\u00e9es qui m\u00e9ritent toute notre attention et notre solidarit\u00e9.<\/b><\/p>\n<p align=\"right\">\u2013 <strong><i>Gabrielle Caillet \/ <\/i><\/strong><strong><i>Justice &amp; Paix<\/i><\/strong><\/p>\n<hr\/>\n<p style=\"text-align: left;\" align=\"right\">Photographie d\u2019en-t\u00eate : <span class=\"HwtZe\" lang=\"fr\"><span class=\"jCAhz ChMk0b\"><span class=\"ryNqvb\">\u00c9coli\u00e8res de l\u2019\u00e9cole primaire Nurul Islam pour filles (2016) \u2013 GPE\/Kelley Lynch\/Flickr.<\/span><\/span><\/span><\/p>\n<div class=\"td-a-rec td-a-rec-id-content_bottom  tdi_2 td_block_template_1\">\n<span class=\"td-adspot-title\">&#8211; Cet article gratuit et ind\u00e9pendant existe gr\u00e2ce \u00e0 vous &#8211;<\/span><\/p>\n<div class=\"td-all-devices\">\n    <a target=\"_blank\" href=\"https:\/\/mrmondialisation.org\/donation\/\" title=\"Faire_un_don\"><img decoding=\"async\" class=\"donationArticle\" src=\"https:\/\/mrmondialisation.org\/wp-content\/uploads\/2022\/12\/220405-flikalicious-final.jpg\" alt=\"Donation\"\/><\/a>\n<\/div>\n<\/div><\/div>\n<p><br \/>\n<br \/><a href=\"https:\/\/mrmondialisation.org\/soudan-champ-bataille-puissances-etrangeres\/\" target=\"_blank\"\">Source link <\/a><\/p>\n","protected":false},"excerpt":{"rendered":"<p>Alors que la guerre au Soudan s\u2019enlise dans le silence m\u00e9diatique, les souffrances civiles atteignent des niveaux in\u00e9dits. L\u2019association Justice &amp; Paix revient sur les racines historiques, politiques et g\u00e9opolitiques&hellip; <\/p>\n","protected":false},"author":1,"featured_media":19179,"comment_status":"open","ping_status":"open","sticky":false,"template":"","format":"standard","meta":{"footnotes":""},"categories":[1],"tags":[],"class_list":["post-19178","post","type-post","status-publish","format-standard","has-post-thumbnail","hentry","category-non-classe"],"_links":{"self":[{"href":"https:\/\/monde25.info\/index.php\/wp-json\/wp\/v2\/posts\/19178","targetHints":{"allow":["GET"]}}],"collection":[{"href":"https:\/\/monde25.info\/index.php\/wp-json\/wp\/v2\/posts"}],"about":[{"href":"https:\/\/monde25.info\/index.php\/wp-json\/wp\/v2\/types\/post"}],"author":[{"embeddable":true,"href":"https:\/\/monde25.info\/index.php\/wp-json\/wp\/v2\/users\/1"}],"replies":[{"embeddable":true,"href":"https:\/\/monde25.info\/index.php\/wp-json\/wp\/v2\/comments?post=19178"}],"version-history":[{"count":0,"href":"https:\/\/monde25.info\/index.php\/wp-json\/wp\/v2\/posts\/19178\/revisions"}],"wp:featuredmedia":[{"embeddable":true,"href":"https:\/\/monde25.info\/index.php\/wp-json\/wp\/v2\/media\/19179"}],"wp:attachment":[{"href":"https:\/\/monde25.info\/index.php\/wp-json\/wp\/v2\/media?parent=19178"}],"wp:term":[{"taxonomy":"category","embeddable":true,"href":"https:\/\/monde25.info\/index.php\/wp-json\/wp\/v2\/categories?post=19178"},{"taxonomy":"post_tag","embeddable":true,"href":"https:\/\/monde25.info\/index.php\/wp-json\/wp\/v2\/tags?post=19178"}],"curies":[{"name":"wp","href":"https:\/\/api.w.org\/{rel}","templated":true}]}}