{"id":19184,"date":"2025-11-10T17:10:49","date_gmt":"2025-11-10T16:10:49","guid":{"rendered":"https:\/\/monde25.info\/index.php\/2025\/11\/10\/le-senegal-choisit-la-dignite-plutot-que-la-restructuration-imposee-du-fmi-rt-en-francais\/"},"modified":"2025-11-10T17:10:49","modified_gmt":"2025-11-10T16:10:49","slug":"le-senegal-choisit-la-dignite-plutot-que-la-restructuration-imposee-du-fmi-rt-en-francais","status":"publish","type":"post","link":"https:\/\/monde25.info\/index.php\/2025\/11\/10\/le-senegal-choisit-la-dignite-plutot-que-la-restructuration-imposee-du-fmi-rt-en-francais\/","title":{"rendered":"le S\u00e9n\u00e9gal choisit la \u00abdignit\u00e9\u00bb plut\u00f4t que la restructuration impos\u00e9e du FMI \u2014 RT en fran\u00e7ais"},"content":{"rendered":"<p> <br \/>\n<br \/><img decoding=\"async\" src=\"https:\/\/mf.b37mrtl.ru\/french\/images\/2025.11\/thumbnail\/6911fea96f7ccc63b512478f.jpg\" \/><\/p>\n<div>\n<p class=\"text__summary\">\n                                        Le Premier ministre s\u00e9n\u00e9galais a affirm\u00e9, lors d\u2019un meeting, avoir d\u00e9clin\u00e9 une restructuration de la dette du pays, privil\u00e9giant la mobilisation des ressources nationales, susceptibles de dispenser le S\u00e9n\u00e9gal d\u2019un endettement ext\u00e9rieur suppl\u00e9mentaire.\n                                    <\/p>\n<p>Lors de son discours au \u00ab Tera meeting \u00bb, qui s\u2019est tenu \u00e0 Dakar le 8 novembre, le Premier ministre s\u00e9n\u00e9galais Ousmane Sonko a fait des r\u00e9v\u00e9lations sur les tractations entre son gouvernement et le Fonds mon\u00e9taire international (FMI) concernant la dette s\u00e9n\u00e9galaise.<\/p>\n<p>Le chef du gouvernement a fait \u00e9tat de n\u00e9gociations \u00ab difficiles \u00bb avec le FMI, indiquant que les \u00e9missaires de l\u2019organisation \u00ab ont propos\u00e9 une restructuration de la dette, ce qui induirait un d\u00e9faut de paiement ; c\u2019est-\u00e0-dire que le S\u00e9n\u00e9gal ne pourrait plus payer sa dette, et serait un pays en quasi-faillite \u00bb. Sonko a ensuite d\u00e9clar\u00e9 : \u00ab Nous leur avons r\u00e9pondu que nous ne voulons pas de restructuration, ce serait une humiliation. Nous pr\u00e9f\u00e9rons rester un pays de dignit\u00e9, de fiert\u00e9. \u00bb<\/p>\n<h2>Mobiliser les imp\u00f4ts plut\u00f4t que restructurer la dette<\/h2>\n<p>Concernant les alternatives \u00e0 la proposition du FMI, Sonko a indiqu\u00e9 que \u00ab la mobilisation des imp\u00f4ts vaut mieux qu\u2019accepter une restructuration de la dette \u00bb, ajoutant que \u00ab personne n\u2019a appliqu\u00e9 de taxes sur les produits de grande consommation comme l\u2019eau, l\u2019\u00e9lectricit\u00e9, le riz, le sucre et autres \u00bb.<\/p>\n<p>Le gouvernement s\u00e9n\u00e9galais a d\u00e9clin\u00e9 la proposition de l\u2019organisation financi\u00e8re, dont la mission \u00e0 Dakar s\u2019est achev\u00e9e le 7 novembre dernier. Selon le minist\u00e8re s\u00e9n\u00e9galais des Finances et du Budget, les discussions se sont termin\u00e9es avec une \u00ab perspective rassurante pour les deux parties \u00bb.<\/p>\n<h2>Les n\u00e9gociations avec le S\u00e9n\u00e9gal se poursuivent, selon le FMI<\/h2>\n<p>Pour l\u2019ann\u00e9e 2024, le FMI estime la dette totale du secteur public s\u00e9n\u00e9galais \u00e0 132\u00a0% du PIB, dont 4 % d&rsquo;arri\u00e9r\u00e9s de d\u00e9penses nationales. Le chef de mission, Edward Gemayel, a indiqu\u00e9 aux journalistes que les n\u00e9gociations devraient se poursuivre dans les semaines \u00e0 venir, faisant part de la d\u00e9termination du S\u00e9n\u00e9gal \u00e0 ma\u00eetriser sa dette.<\/p>\n<p>Le Premier ministre s\u00e9n\u00e9galais a d\u00e9voil\u00e9, en ao\u00fbt dernier, son plan de relance \u00e9conomique, financ\u00e9 \u00e0 hauteur de 90 % gr\u00e2ce \u00e0 des ressources nationales, tout en \u00e9vitant tout endettement suppl\u00e9mentaire.<\/p>\n<\/div>\n<p><br \/>\n<br \/><a href=\"https:\/\/francais.rt.com\/afrique\/127258-ousmane-sonko-senegal-choisit-dignite-plutot-restructuration-imposee-fmi\" target=\"_blank\"\">Source link <\/a><\/p>\n","protected":false},"excerpt":{"rendered":"<p>Le Premier ministre s\u00e9n\u00e9galais a affirm\u00e9, lors d\u2019un meeting, avoir d\u00e9clin\u00e9 une restructuration de la dette du pays, privil\u00e9giant la mobilisation des ressources nationales, susceptibles de dispenser le S\u00e9n\u00e9gal d\u2019un&hellip; <\/p>\n","protected":false},"author":1,"featured_media":19185,"comment_status":"open","ping_status":"open","sticky":false,"template":"","format":"standard","meta":{"footnotes":""},"categories":[1],"tags":[],"class_list":["post-19184","post","type-post","status-publish","format-standard","has-post-thumbnail","hentry","category-non-classe"],"_links":{"self":[{"href":"https:\/\/monde25.info\/index.php\/wp-json\/wp\/v2\/posts\/19184","targetHints":{"allow":["GET"]}}],"collection":[{"href":"https:\/\/monde25.info\/index.php\/wp-json\/wp\/v2\/posts"}],"about":[{"href":"https:\/\/monde25.info\/index.php\/wp-json\/wp\/v2\/types\/post"}],"author":[{"embeddable":true,"href":"https:\/\/monde25.info\/index.php\/wp-json\/wp\/v2\/users\/1"}],"replies":[{"embeddable":true,"href":"https:\/\/monde25.info\/index.php\/wp-json\/wp\/v2\/comments?post=19184"}],"version-history":[{"count":0,"href":"https:\/\/monde25.info\/index.php\/wp-json\/wp\/v2\/posts\/19184\/revisions"}],"wp:featuredmedia":[{"embeddable":true,"href":"https:\/\/monde25.info\/index.php\/wp-json\/wp\/v2\/media\/19185"}],"wp:attachment":[{"href":"https:\/\/monde25.info\/index.php\/wp-json\/wp\/v2\/media?parent=19184"}],"wp:term":[{"taxonomy":"category","embeddable":true,"href":"https:\/\/monde25.info\/index.php\/wp-json\/wp\/v2\/categories?post=19184"},{"taxonomy":"post_tag","embeddable":true,"href":"https:\/\/monde25.info\/index.php\/wp-json\/wp\/v2\/tags?post=19184"}],"curies":[{"name":"wp","href":"https:\/\/api.w.org\/{rel}","templated":true}]}}