{"id":19189,"date":"2025-11-10T20:28:40","date_gmt":"2025-11-10T19:28:40","guid":{"rendered":"https:\/\/monde25.info\/index.php\/2025\/11\/10\/suicides-plainte-pour-harcelement-les-affaires-saccumulent-a-lecole-veterinaire-dalfort\/"},"modified":"2025-11-10T20:28:40","modified_gmt":"2025-11-10T19:28:40","slug":"suicides-plainte-pour-harcelement-les-affaires-saccumulent-a-lecole-veterinaire-dalfort","status":"publish","type":"post","link":"https:\/\/monde25.info\/index.php\/2025\/11\/10\/suicides-plainte-pour-harcelement-les-affaires-saccumulent-a-lecole-veterinaire-dalfort\/","title":{"rendered":"Suicides, plainte pour harc\u00e8lement&#8230; Les affaires s&#039;accumulent \u00e0 l&#039;\u00e9cole v\u00e9t\u00e9rinaire d&#039;Alfort"},"content":{"rendered":"<p> <br \/>\n<br \/><img loading=\"lazy\" decoding=\"async\" src=\"https:\/\/reporterre.net\/local\/cache-vignettes\/L700xH467\/alfortpastresfort-4e387.jpg?1762793902\" class=\"spip_logo\" width=\"700\" height=\"467\" alt=\"\" \/><\/p>\n<p>Avertissement\u00a0: cet article aborde la question du suicide. Si vous \u00eates sensible \u00e0 ce th\u00e8me ou la cible de pens\u00e9es suicidaires, nous vous recommandons d&rsquo;appeler le 3114, le num\u00e9ro national pour aider, s&rsquo;informer et agir en pr\u00e9vention du suicide. <br class=\"autobr\" \/><br \/>\nL&rsquo;\u00c9cole nationale v\u00e9t\u00e9rinaire d&rsquo;Alfort (EnvA) est vis\u00e9e par une enqu\u00eate pr\u00e9liminaire ouverte apr\u00e8s une plainte d\u00e9pos\u00e9e pour harc\u00e8lement moral et discrimination sexiste, r\u00e9v\u00e8le la cellule investigation de Radio France. Une v\u00e9t\u00e9rinaire accuse\u00a0(\u2026)<\/p>\n<p>                    <a target=\"_blank\" href=\"https:\/\/reporterre.net\/Suicides-plainte-pour-harcelement-Les-affaires-s-accumulent-a-l-ecole-veterinaire-d?utm_source=RSS&amp;utm_medium=RSS\">Lire la suite<\/a><\/p>\n<p>                    &#8211;<br \/>\n                        <a target=\"_blank\" href=\"https:\/\/reporterre.net\/Breves-20\" rel=\"directory\">En bref<\/a><\/p>\n<p>                    \/<br \/>\n                        <a target=\"_blank\" href=\"https:\/\/reporterre.net\/Pedagogie-Education\" rel=\"tag\">P\u00e9dagogie \u00c9ducation<\/a><br \/>\n                    ,<br \/>\n                        <a target=\"_blank\" href=\"https:\/\/reporterre.net\/Social\" rel=\"tag\">Social<\/a><br \/>\n<br \/><br \/>\n<br \/><a href=\"https:\/\/reporterre.net\/Suicides-plainte-pour-harcelement-Les-affaires-s-accumulent-a-l-ecole-veterinaire-d\" target=\"_blank\"\">Source link <\/a><\/p>\n","protected":false},"excerpt":{"rendered":"<p>Avertissement\u00a0: cet article aborde la question du suicide. Si vous \u00eates sensible \u00e0 ce th\u00e8me ou la cible de pens\u00e9es suicidaires, nous vous recommandons d&rsquo;appeler le 3114, le num\u00e9ro national&hellip; <\/p>\n","protected":false},"author":1,"featured_media":0,"comment_status":"open","ping_status":"open","sticky":false,"template":"","format":"standard","meta":{"footnotes":""},"categories":[1],"tags":[],"class_list":["post-19189","post","type-post","status-publish","format-standard","hentry","category-non-classe"],"_links":{"self":[{"href":"https:\/\/monde25.info\/index.php\/wp-json\/wp\/v2\/posts\/19189","targetHints":{"allow":["GET"]}}],"collection":[{"href":"https:\/\/monde25.info\/index.php\/wp-json\/wp\/v2\/posts"}],"about":[{"href":"https:\/\/monde25.info\/index.php\/wp-json\/wp\/v2\/types\/post"}],"author":[{"embeddable":true,"href":"https:\/\/monde25.info\/index.php\/wp-json\/wp\/v2\/users\/1"}],"replies":[{"embeddable":true,"href":"https:\/\/monde25.info\/index.php\/wp-json\/wp\/v2\/comments?post=19189"}],"version-history":[{"count":0,"href":"https:\/\/monde25.info\/index.php\/wp-json\/wp\/v2\/posts\/19189\/revisions"}],"wp:attachment":[{"href":"https:\/\/monde25.info\/index.php\/wp-json\/wp\/v2\/media?parent=19189"}],"wp:term":[{"taxonomy":"category","embeddable":true,"href":"https:\/\/monde25.info\/index.php\/wp-json\/wp\/v2\/categories?post=19189"},{"taxonomy":"post_tag","embeddable":true,"href":"https:\/\/monde25.info\/index.php\/wp-json\/wp\/v2\/tags?post=19189"}],"curies":[{"name":"wp","href":"https:\/\/api.w.org\/{rel}","templated":true}]}}