{"id":1919,"date":"2024-12-10T19:24:20","date_gmt":"2024-12-10T18:24:20","guid":{"rendered":"https:\/\/monde25.info\/index.php\/2024\/12\/10\/le-jihadiste-mohammed-al-bachir-nouveau-premier-ministre-syrien\/"},"modified":"2024-12-10T19:24:20","modified_gmt":"2024-12-10T18:24:20","slug":"le-jihadiste-mohammed-al-bachir-nouveau-premier-ministre-syrien","status":"publish","type":"post","link":"https:\/\/monde25.info\/index.php\/2024\/12\/10\/le-jihadiste-mohammed-al-bachir-nouveau-premier-ministre-syrien\/","title":{"rendered":"Le jihadiste Mohammed al-Bachir, nouveau Premier ministre syrien"},"content":{"rendered":"<p> <br \/>\n<\/p>\n<div id=\"article-text\">\n<div class=\"article-text-images crayon article-texte-221597 \">\n<div align=\"center\"><img loading=\"lazy\" decoding=\"async\" src=\"https:\/\/www.voltairenet.org\/local\/cache-vignettes\/L699xH437\/300_-_1-12-2a458.jpg?1733834840\" class=\"spip_logo\" width=\"699\" height=\"437\" alt=\"\"\/><\/div>\n<p>Le secr\u00e9taire du Conseil des ministres syriens, qui s\u2019\u00e9tait d\u00e9clar\u00e9 pr\u00eat \u00e0 assumer le transfert du pouvoir, a \u00e9t\u00e9 install\u00e9 \u00e0 l\u2019h\u00f4tel Four Seasons (propri\u00e9t\u00e9 du Qatar).<\/p>\n<p>Notez bien que la R\u00e9publique arabe syrienne est un syst\u00e8me pr\u00e9sidentiel. Comme les \u00c9tats-Unis, elle n\u2019a donc pas de Premier ministre, mais un secr\u00e9taire du Conseil des ministres, ce qui n\u2019est pas du tout pareil.<\/p>\n<p>Hayat Tahrir al-Sham (HTS) a d\u00e9sign\u00e9, le 10 d\u00e9cembre, le jihadiste Mohammed al-Bachir, ancien gouverneur d\u2019Idleb pour HTS, comme Premier ministre du nouveau r\u00e9gime. Il a fait sa premi\u00e8re apparition dans une mise en sc\u00e8ne orchestr\u00e9e par les services britanniques (MI6).<\/p>\n<p>Le drapeau vert\/blanc\/noir \u00e0 trois \u00e9toiles est devenu le drapeau officiel. C\u2019\u00e9tait celui du mandat fran\u00e7ais.<\/p>\n<p>La nomination de Mohammed al-Bachir indique que l\u2019accord conclu entre les services secrets britanniques, fran\u00e7ais, isra\u00e9liens et turcs, qui a permis le changement de r\u00e9gime, ne tient plus. Celui-ci pr\u00e9voyait le gouvernement suivant qui ne verra jamais le jour\u00a0:<\/p>\n<p><span class=\"spip-puce ltr\"><b>\u2013<\/b><\/span>\u00a0Premier ministre\u00a0: Mohammed al-Bachir (ancien directeur de l\u2019\u00e9ducation islamique au minist\u00e8re des biens islamiques)\u00a0;<br class=\"autobr\"\/><br \/>\nRiad Hijab (ancien secr\u00e9taire du Conseil des ministres en 2012)\u00a0;<br \/>\n<br \/><span class=\"spip-puce ltr\"><b>\u2013<\/b><\/span>\u00a0Ministre de l\u2019\u00c9ducation\u00a0: Haitham Manna (ancien gestionnaire de la Confr\u00e9rie des Fr\u00e8res musulmans au Soudan)\u00a0;<br \/>\n<br \/><span class=\"spip-puce ltr\"><b>\u2013<\/b><\/span>\u00a0Ministre de la D\u00e9fense\u00a0: Ahmed Al-Sharaa (chef des jihadistes sous le nom de Abou Mohammed Al-Joulani)\u00a0;<br \/>\n<br \/><span class=\"spip-puce ltr\"><b>\u2013<\/b><\/span>\u00a0Ministre des Affaires \u00e9trang\u00e8res\u00a0: Hadi Al-Bahra (ancien pr\u00e9sident de la Coalition nationale des forces de la r\u00e9volution et de l\u2019opposition syrienne, en 2014-15)\u00a0;<br \/>\n<br \/><span class=\"spip-puce ltr\"><b>\u2013<\/b><\/span>\u00a0Ministre de l\u2019Industrie\u00a0: Ahmed Jarba (ancien pr\u00e9sident de la Coalition nationale des forces de la r\u00e9volution et de l\u2019opposition syrienne, en 2013-14)\u00a0;<br \/>\n<br \/><span class=\"spip-puce ltr\"><b>\u2013<\/b><\/span>\u00a0Ministre de l\u2019Information\u00a0: Faisal Al-Qasim (journaliste d\u2019Al-Jazeera)\u00a0;<br \/>\n<br \/><span class=\"spip-puce ltr\"><b>\u2013<\/b><\/span>\u00a0Ministre de l\u2019Agriculture\u00a0: Ahmed Moaz Al-Khatib (ancien pr\u00e9sident de la Coalition nationale des forces de la r\u00e9volution et de l\u2019opposition syrienne, en 2012-13)\u00a0;<br \/>\n<br \/><span class=\"spip-puce ltr\"><b>\u2013<\/b><\/span>\u00a0Ministre de l\u2019Industrie\u00a0: Anas Al-Abdah (ancien pr\u00e9sident de la Coalition nationale des forces de la r\u00e9volution et de l\u2019opposition syrienne, en 2016-17)\u00a0;<br \/>\n<br \/><span class=\"spip-puce ltr\"><b>\u2013<\/b><\/span>\u00a0Ministre du Tourisme\u00a0: Ahmed Touma (avait \u00e9t\u00e9 initialement d\u00e9sign\u00e9 comme Premier ministre, en 2014)\u00a0;<br \/>\n<br \/><span class=\"spip-puce ltr\"><b>\u2013<\/b><\/span>\u00a0Ministre de l\u2019Administration locale\u00a0: Anas Ayrout (pr\u00e9dicateur)\u00a0;<br \/>\n<br \/><span class=\"spip-puce ltr\"><b>\u2013<\/b><\/span>\u00a0Ministre des Dotations\u00a0: Muhammad Rateb Al-Nabulsi (pr\u00e9dicateur, auteur de l\u2019Encyclop\u00e9die Nabulsi des sciences islamiques)\u00a0;<br \/>\n<br \/><span class=\"spip-puce ltr\"><b>\u2013<\/b><\/span>\u00a0Ministre des Finances\u00a0: Hisham Mroua<br \/>\n<br \/><span class=\"spip-puce ltr\"><b>\u2013<\/b><\/span>\u00a0Ministre du P\u00e9trole et des Ressources min\u00e9rales\u00a0: Mustafa Al-Mousa<br \/>\n<br \/><span class=\"spip-puce ltr\"><b>\u2013<\/b><\/span>\u00a0Ministre de la Culture\u00a0: Riad Naasan Agha<br \/>\n<br \/><span class=\"spip-puce ltr\"><b>\u2013<\/b><\/span>\u00a0Ministre de la Sant\u00e9\u00a0: Nasr Hariri<br \/>\n<br \/><span class=\"spip-puce ltr\"><b>\u2013<\/b><\/span>\u00a0Ministre de l\u2019Int\u00e9rieur\u00a0: Kamal Al-Labwani<\/p>\n<\/div>\n<aside>\n<\/aside>\n<div class=\"follow\" id=\"social\">\n<h4>Restez en contact<\/h4>\n<div class=\"follow-left\">\n<h5>Suivez-nous sur les r\u00e9seaux sociaux<\/h5>\n<p><a target=\"_blank\" href=\"https:\/\/www.facebook.com\/R%C3%A9seau-Voltaire-en-fran%C3%A7ais-106616878523973\" title=\"\" target=\"_blank\"><img decoding=\"async\" src=\"https:\/\/www.voltairenet.org\/squelettes\/images\/follow-fb.png\" alt=\"\"\/><\/a><br \/>\n<a target=\"_blank\" href=\"https:\/\/t.me\/reseauvoltaire\" title=\"\" target=\"_blank\"><img decoding=\"async\" src=\"https:\/\/www.voltairenet.org\/squelettes\/images\/follow-tg.png\" alt=\"\"\/><\/a><br \/>\n<a target=\"_blank\" href=\"https:\/\/twitter.com\/voltairenetFr\" title=\"\" target=\"_blank\"><img decoding=\"async\" src=\"https:\/\/www.voltairenet.org\/squelettes\/images\/follow-tw.png\" alt=\"\"\/><\/a>\n<\/div>\n<p><h5>Subscribe to weekly newsletter<\/h5>\n<\/p>\n<\/div>\n<p><!--\n\n<div><\/div>\n\n--><\/p>\n<\/div>\n<p><script async src=\"\/\/platform.twitter.com\/widgets.js\" charset=\"utf-8\"><\/script><br \/>\n<br \/><br \/>\n<br \/><a href=\"https:\/\/www.voltairenet.org\/article221597.html\" target=\"_blank\"\">Source link <\/a><\/p>\n","protected":false},"excerpt":{"rendered":"<p>Le secr\u00e9taire du Conseil des ministres syriens, qui s\u2019\u00e9tait d\u00e9clar\u00e9 pr\u00eat \u00e0 assumer le transfert du pouvoir, a \u00e9t\u00e9 install\u00e9 \u00e0 l\u2019h\u00f4tel Four Seasons (propri\u00e9t\u00e9 du Qatar). Notez bien que&hellip; <\/p>\n","protected":false},"author":1,"featured_media":1920,"comment_status":"open","ping_status":"open","sticky":false,"template":"","format":"standard","meta":{"footnotes":""},"categories":[1],"tags":[],"class_list":["post-1919","post","type-post","status-publish","format-standard","has-post-thumbnail","hentry","category-non-classe"],"_links":{"self":[{"href":"https:\/\/monde25.info\/index.php\/wp-json\/wp\/v2\/posts\/1919","targetHints":{"allow":["GET"]}}],"collection":[{"href":"https:\/\/monde25.info\/index.php\/wp-json\/wp\/v2\/posts"}],"about":[{"href":"https:\/\/monde25.info\/index.php\/wp-json\/wp\/v2\/types\/post"}],"author":[{"embeddable":true,"href":"https:\/\/monde25.info\/index.php\/wp-json\/wp\/v2\/users\/1"}],"replies":[{"embeddable":true,"href":"https:\/\/monde25.info\/index.php\/wp-json\/wp\/v2\/comments?post=1919"}],"version-history":[{"count":0,"href":"https:\/\/monde25.info\/index.php\/wp-json\/wp\/v2\/posts\/1919\/revisions"}],"wp:featuredmedia":[{"embeddable":true,"href":"https:\/\/monde25.info\/index.php\/wp-json\/wp\/v2\/media\/1920"}],"wp:attachment":[{"href":"https:\/\/monde25.info\/index.php\/wp-json\/wp\/v2\/media?parent=1919"}],"wp:term":[{"taxonomy":"category","embeddable":true,"href":"https:\/\/monde25.info\/index.php\/wp-json\/wp\/v2\/categories?post=1919"},{"taxonomy":"post_tag","embeddable":true,"href":"https:\/\/monde25.info\/index.php\/wp-json\/wp\/v2\/tags?post=1919"}],"curies":[{"name":"wp","href":"https:\/\/api.w.org\/{rel}","templated":true}]}}