{"id":1923,"date":"2024-12-10T20:31:52","date_gmt":"2024-12-10T19:31:52","guid":{"rendered":"https:\/\/monde25.info\/index.php\/2024\/12\/10\/en-2100-paris-pourrait-connaitre-les-temperatures-de-montpellier\/"},"modified":"2024-12-10T20:31:52","modified_gmt":"2024-12-10T19:31:52","slug":"en-2100-paris-pourrait-connaitre-les-temperatures-de-montpellier","status":"publish","type":"post","link":"https:\/\/monde25.info\/index.php\/2024\/12\/10\/en-2100-paris-pourrait-connaitre-les-temperatures-de-montpellier\/","title":{"rendered":"En 2100, Paris pourrait conna\u00eetre les temp\u00e9ratures de Montpellier"},"content":{"rendered":"<p> <br \/>\n<\/p>\n<div style=\"position:relative;\">\n        <picture><source type=\"image\/webp\" srcset=\"https:\/\/reporterre.net\/local\/cache-gd2\/85\/ffe5617f604a4f88ea5076e8968f98.jpg@.webp?1733843441\"><img loading=\"lazy\" decoding=\"async\" src=\"https:\/\/reporterre.net\/local\/cache-gd2\/85\/ffe5617f604a4f88ea5076e8968f98.jpg?1733843441\" width=\"720\" height=\"480\" alt=\"En 2100, Paris pourrait conna\u00eetre les temp\u00e9ratures de Montpellier\" class=\"image_logo voir_logo\"\/><\/p>\n<p><\/source><\/picture>\n<p class=\"legende_logo\">La temp\u00e9rature moyenne annuelle pourrait atteindre +14,2 \u00b0C avec des pointes \u00e0 +15 \u00b0C sur l\u2019agglom\u00e9ration parisienne. <span class=\"copyright_logo\">&#8211; Pxhere\/CC0\/Yancfei<\/span><\/p>\n<p class=\"legende_logo_480\">La temp\u00e9rature moyenne annuelle pourrait atteindre +14,2 \u00b0C avec des pointes \u00e0 +15 \u00b0C sur l\u2019agglom\u00e9ration parisienne. <span class=\"copyright_logo\">&#8211; Pxhere\/CC0\/Yancfei<\/span><\/p>\n<\/p><\/div>\n<div>\n        <span class=\"date\">10 d\u00e9cembre 2024  \u00e0 16h11<\/span><\/p>\n<p class=\"duree_lecture\">\n        Dur\u00e9e de lecture : 2 minutes\n      <\/p>\n<\/p><\/div>\n<div>\n<p>\u00c0 quoi ressemblera le climat en 2100\u00a0dans une France \u00e0 +4\u00a0\u00b0C<small class=\"fine d-inline\">\u00a0<\/small>? M\u00e9t\u00e9o-France a rendu public le 10\u00a0d\u00e9cembre <a target=\"_blank\" href=\"https:\/\/meteofrance.com\/sites\/meteofrance.com\/files\/files\/editorial\/rapport-trajectoire-rechauffement-adaptation-changement-climatique-partie-1.pdf\" class=\"spip_out\" rel=\"external\">un rapport<\/a> donnant quelques \u00e9l\u00e9ments de r\u00e9ponse.\u00a0<\/p>\n<p>D\u2019abord, la France hexagonale et la Corse se r\u00e9chauffent plus vite que la moyenne plan\u00e9taire. Ainsi, la temp\u00e9rature moyenne pourrait augmenter de 2\u00a0\u00b0C en 2030, 2,7\u00a0\u00b0C en 2050 et <a target=\"_blank\" href=\"https:\/\/reporterre.net\/Climat-esquisse-d-une-France-a-4-oC\">4\u00a0\u00b0C en 2100<\/a> par rapport \u00e0 1900 et l\u2019\u00e8re pr\u00e9industrielle. Tandis qu\u2019au niveau mondial, les scientifiques du Giec estiment qu\u2019en l\u2019\u00e9tat actuel des politiques men\u00e9es, le r\u00e9chauffement mondial atteindrait +1,5\u00a0\u00b0C vers 2030, +2\u00a0\u00b0C vers 2050 et autour de +3\u00a0\u00b0C en 2100.<\/p>\n<div class=\"spip_document_87043 spip_document spip_documents spip_document_image spip_documents_center spip_document_center spip_document_avec_legende\" data-legende-len=\"76\" data-legende-lenx=\"xx\">\n<figure class=\"spip_doc_inner\">\n      <picture>\n<p>        <img decoding=\"async\" src=\"https:\/\/reporterre.net\/IMG\/png\/screenshot_2024-12-10_at_15-58-49_rapport-trajectoire-rechauffement-adaptation-changement-climatique-partie-1.pdf.png\" width=\"612\" height=\"274\" loading=\"lazy\" alt=\"\"\/>\n    <\/picture><figcaption class=\"spip_doc_legende\">\n<p>Le climat en 2030, 2050 et 2100 en France et dans le monde.<br \/>\n<i>\u00a9 M\u00e9t\u00e9o-France<br \/>\n<\/i><\/p>\n<\/figcaption><\/figure>\n<\/p><\/div>\n<p>M\u00e9t\u00e9o-France estime que le sud-est de la France et les Alpes se r\u00e9chaufferaient plus, le nord-ouest du pays un peu moins. L\u2019\u00e9cart entre ces deux zones serait de l\u2019ordre de 1\u00a0\u00b0C \u00e0 la fin du si\u00e8cle. Le r\u00e9chauffement serait par ailleurs plus marqu\u00e9 en \u00e9t\u00e9 qu\u2019en hiver, de l\u2019ordre de 1\u00a0\u00b0C. La temp\u00e9rature moyenne annuelle pourrait atteindre +14,2\u00a0\u00b0C avec des pointes \u00e0 +15\u00a0\u00b0C sur l\u2019agglom\u00e9ration parisienne. Celle-ci subirait alors le climat actuel de la r\u00e9gion de Montpellier. Sur la moiti\u00e9 sud, des pointes au-del\u00e0 de +18\u00a0\u00b0C sont envisag\u00e9es, soit le climat actuel de l\u2019Andalousie.<\/p>\n<h2 class=\"spip\">Les pr\u00e9cipitations utiles vont diminuer<\/h2>\n<p>Contrairement aux temp\u00e9ratures, l\u2019\u00e9volution des pr\u00e9cipitations est plus incertaine. Les simulations projettent une l\u00e9g\u00e8re augmentation du cumul de pluie sur le quart nord-est du pays. <i>\u00ab<small class=\"fine d-inline\">\u00a0<\/small>Sur le reste de l\u2019Hexagone, il est difficile de conclure sur le signe de l\u2019\u00e9volution, sauf une l\u00e9g\u00e8re baisse sur le sud-ouest<small class=\"fine d-inline\">\u00a0<\/small>\u00bb<\/i>, dans l\u2019hypoth\u00e8se d\u2019une hausse des temp\u00e9ratures \u00e0 +4\u00a0\u00b0C, estime M\u00e9t\u00e9o-France.<\/p>\n<p>Le rapport pr\u00e9cise que les pr\u00e9cipitations utiles (diff\u00e9rence entre pr\u00e9cipitation et \u00e9vaporation) vont diminuer sous l\u2019effet de la hausse des temp\u00e9ratures, avec des contrastes saisonniers\u00a0: les pluies seront plus abondantes l\u2019hiver (de l\u2019ordre de +15<small class=\"fine d-inline\">\u00a0<\/small>% en moyenne) quasiment sur tout le pays (hors Alpes et Pyr\u00e9n\u00e9es), sauf dans le Sud et en Bretagne. En \u00e9t\u00e9, il faut s\u2019attendre \u00e0 une baisse, de l\u2019ordre de 20<small class=\"fine d-inline\">\u00a0<\/small>% en moyenne, mais de fa\u00e7on plus limit\u00e9e dans le quart nord-est.<\/p>\n<aside class=\"boite_encarts\">\n<div class=\"encart encart_gris noprint\">\n<p><strong>Il est de retour.<\/strong><\/p>\n<p>Dans quelques semaines, Donald Trump se r\u00e9-installera \u00e0 la Maison Blanche.<\/p>\n<p>Un milliardaire, pour qui le r\u00e9chauffement climatique est \u00ab<small class=\"fine d-inline\">\u00a0<\/small>un canular<small class=\"fine d-inline\">\u00a0<\/small>\u00bb, sera \u00e0 la t\u00eate de la plus grande puissance mondiale.<\/p>\n<p>Dans une d\u00e9cennie cruciale pour l\u2019\u00e9cologie, nous ne pouvons pas nous permettre de perdre plus de temps.<\/p>\n<p>La soci\u00e9t\u00e9 civile doit continuer de se soulever, de se mobiliser et de faire pression sur les puissants.<\/p>\n<p>Mais pour agir, il faut savoir.<\/p>\n<p><strong>Depuis 11 ans, nous publions des articles de qualit\u00e9 sur l\u2019\u00e9cologie, en acc\u00e8s libre et sans publicit\u00e9, pour tous.<\/strong><\/p>\n<p>Nous avons la conviction que l\u2019urgence \u00e9cologique est l\u2019enjeu majeur de notre \u00e9poque.<br class=\"autobr\"\/><br \/>\n Et comme plus de 2 millions de lectrices et lecteurs chaque mois, vous partagez sans doute cette conviction&#8230;<\/p>\n<p>Alors si vous en avez les moyens, sachez qu\u2019un don, m\u00eame d\u20191\u20ac, est un acte de soutien fort pour l\u2019\u00e9cologie et le journalisme ind\u00e9pendant.<br class=\"autobr\"\/><br \/>\n (Et \u00e7a vous prendra moins de temps que la lecture de ce texte).<\/p>\n<p><strong>Si vous le pouvez, choisissez un soutien mensuel. Merci.<\/strong><\/p>\n<p><a target=\"_blank\" href=\"https:\/\/reporterre.net\/dons\" class=\"bt_soutenir\">Je soutiens <i>Reporterre<\/i><\/a><\/p>\n<\/p><\/div>\n<div class=\"encart encart_vert noprint montre_1023\">\n<div class=\"infolettre-form-container noprint\">\n<p>Abonnez-vous \u00e0 la lettre d\u2019info de Reporterre<\/p>\n<\/div><\/div>\n<\/aside>\n<aside class=\"boite_apresarticle encart_note\">\n<h4>Apr\u00e8s cet article<\/h4>\n<p>      <a target=\"_blank\" href=\"https:\/\/reporterre.net\/4o-C-le-gouvernement-veut-sortir-du-deni\" class=\"lien_article\">\n      <picture class=\"vignette_gauche\"><source type=\"image\/webp\" srcset=\"https:\/\/reporterre.net\/local\/cache-gd2\/31\/9a60df0e5c9728ff325b1bad82b349.jpg@.webp?1730155328\"><img decoding=\"async\" src=\"https:\/\/reporterre.net\/local\/cache-gd2\/31\/9a60df0e5c9728ff325b1bad82b349.jpg?1730155328\" width=\"450\" height=\"300\" alt=\"\" class=\"marge12\" loading=\"lazy\"\/><br \/>\n<\/source><\/picture>\n<p class=\"libelle\">\n<p>      Climat\n    <\/p>\n<p class=\"titre pol20\">+4 \u00b0C\u00a0: le gouvernement veut \u00ab<small class=\"fine d-inline\">\u00a0<\/small>sortir du d\u00e9ni<small class=\"fine d-inline\">\u00a0<\/small>\u00bb<\/p>\n<p>      <\/a><br \/>\n    <\/aside>\n<aside class=\"boite_complement texte\">\n<p>      <!-- zone_forum --><br \/>\n          <\/aside>\n<aside class=\"boite_lireaussi noprint\">\n<\/aside>\n<aside class=\"colonne\">\n<div class=\"article_info cache_1023 noprint\">\n        <span class=\"date\">10 d\u00e9cembre 2024  \u00e0 16h11<\/span><\/p>\n<p class=\"duree_lecture\">\n        Dur\u00e9e de lecture : 2 minutes\n      <\/p>\n<\/p><\/div>\n<div class=\"bloc_infolettre\">\n<div class=\"infolettre-form-container noprint\">\n<p>Abonnez-vous \u00e0 la lettre d\u2019info de Reporterre<\/p>\n<\/div><\/div>\n<\/aside>\n<div id=\"galerie\">\n  <img decoding=\"async\" src=\"\" class=\"principale\" id=\"principale\"\/><\/p>\n<p id=\"legende\">legende<\/p>\n<\/div>\n<footer class=\"noprint\">\n<\/footer>\n<\/div>\n<p><br \/>\n<br \/><a href=\"https:\/\/reporterre.net\/En-2100-Paris-pourrait-connaitre-les-temperatures-de-Montpellier\" target=\"_blank\"\">Source link <\/a><\/p>\n","protected":false},"excerpt":{"rendered":"<p>La temp\u00e9rature moyenne annuelle pourrait atteindre +14,2 \u00b0C avec des pointes \u00e0 +15 \u00b0C sur l\u2019agglom\u00e9ration parisienne. &#8211; Pxhere\/CC0\/Yancfei La temp\u00e9rature moyenne annuelle pourrait atteindre +14,2 \u00b0C avec des pointes&hellip; <\/p>\n","protected":false},"author":1,"featured_media":1924,"comment_status":"open","ping_status":"open","sticky":false,"template":"","format":"standard","meta":{"footnotes":""},"categories":[1],"tags":[],"class_list":["post-1923","post","type-post","status-publish","format-standard","has-post-thumbnail","hentry","category-non-classe"],"_links":{"self":[{"href":"https:\/\/monde25.info\/index.php\/wp-json\/wp\/v2\/posts\/1923","targetHints":{"allow":["GET"]}}],"collection":[{"href":"https:\/\/monde25.info\/index.php\/wp-json\/wp\/v2\/posts"}],"about":[{"href":"https:\/\/monde25.info\/index.php\/wp-json\/wp\/v2\/types\/post"}],"author":[{"embeddable":true,"href":"https:\/\/monde25.info\/index.php\/wp-json\/wp\/v2\/users\/1"}],"replies":[{"embeddable":true,"href":"https:\/\/monde25.info\/index.php\/wp-json\/wp\/v2\/comments?post=1923"}],"version-history":[{"count":0,"href":"https:\/\/monde25.info\/index.php\/wp-json\/wp\/v2\/posts\/1923\/revisions"}],"wp:featuredmedia":[{"embeddable":true,"href":"https:\/\/monde25.info\/index.php\/wp-json\/wp\/v2\/media\/1924"}],"wp:attachment":[{"href":"https:\/\/monde25.info\/index.php\/wp-json\/wp\/v2\/media?parent=1923"}],"wp:term":[{"taxonomy":"category","embeddable":true,"href":"https:\/\/monde25.info\/index.php\/wp-json\/wp\/v2\/categories?post=1923"},{"taxonomy":"post_tag","embeddable":true,"href":"https:\/\/monde25.info\/index.php\/wp-json\/wp\/v2\/tags?post=1923"}],"curies":[{"name":"wp","href":"https:\/\/api.w.org\/{rel}","templated":true}]}}