{"id":19253,"date":"2025-11-12T00:31:39","date_gmt":"2025-11-11T23:31:39","guid":{"rendered":"https:\/\/monde25.info\/index.php\/2025\/11\/12\/israel-projet-de-loi-approuve-pour-arreter-des-arabes-israeliens-sans-laval-du-procureur-de-letat\/"},"modified":"2025-11-12T00:31:39","modified_gmt":"2025-11-11T23:31:39","slug":"israel-projet-de-loi-approuve-pour-arreter-des-arabes-israeliens-sans-laval-du-procureur-de-letat","status":"publish","type":"post","link":"https:\/\/monde25.info\/index.php\/2025\/11\/12\/israel-projet-de-loi-approuve-pour-arreter-des-arabes-israeliens-sans-laval-du-procureur-de-letat\/","title":{"rendered":"Isra\u00ebl : projet de loi approuv\u00e9 pour arr\u00eater des Arabes isra\u00e9liens sans l\u2019aval du procureur de l\u2019\u00c9tat"},"content":{"rendered":"<p> <br \/>\n<\/p>\n<div>\n<ol class=\"campaign-loop campaign-list\">\n<li id=\"campaign-482494\" class=\"post-482494 campaign type-campaign status-publish hentry campaign-has-goal campaign-has-not-achieved-goal campaign-has-end-date campaign-has-not-ended\">\n\t<a target=\"_blank\" href=\"https:\/\/reseauinternational.net\/campaigns\/campagne-de-dons-septembre-octobre-2025\/\"><\/p>\n<h3>Campagne de dons Octobre 2025<\/h3>\n<p>\t\t\t<\/a><\/p>\n<p>\n\tAppel aux dons \u2013 Votre soutien nous est indispensable pour continuer \u00e0 vous fournir le meilleur de l\u2019information internationale alternative. C\u2019est gr\u00e2ce \u00e0 vos dons que nous pourrons maintenir le cap pour une information plurielle et r\u00e9ellement alternative. Nous comptons sur vous.<\/p>\n<p>\n<span class=\"amount\">20 211,00\u00a0\u20ac<\/span> de l\u2019objectif de <span class=\"goal-amount\">25 000,00\u00a0\u20ac<\/span> atteint<\/p>\n<\/li>\n<\/ol>\n<p>par <strong>Abdel Ra\u2019ouf Arnaout et Rania Abu Shamala<\/strong><\/p>\n<p>Lundi, une commission de la Knesset a approuv\u00e9 un projet de loi permettant \u00e0 la police isra\u00e9lienne d\u2019arr\u00eater des Arabes isra\u00e9liens, sans l\u2019approbation du procureur g\u00e9n\u00e9ral, pour des accusations \u00abd\u2019incitation\u00bb sur les r\u00e9seaux sociaux.<\/p>\n<p>Les membres de la Commission de la Constitution, de la Loi et de la Justice de la Knesset ont vot\u00e9 6 contre 5 en faveur du projet de loi, \u00abdonnant \u00e0 la police une plus grande latitude pour enqu\u00eater sur les soup\u00e7ons d\u2019incitation, tout en r\u00e9duisant la supervision des procureurs de l\u2019\u00c9tat sur ces enqu\u00eates\u00bb, rapporte le site d\u2019information <em>The Times of Israel.<\/em><\/p>\n<p>Le projet de loi sera d\u00e9sormais soumis au pl\u00e9num de la Knesset pour trois lectures avant une adoption finale.<\/p>\n<p>Il permettrait \u00e0 la police de lancer des enqu\u00eates sur des faits pr\u00e9sum\u00e9s d\u2019incitation sans autorisation du bureau du procureur g\u00e9n\u00e9ral, tout en renfor\u00e7ant les sanctions pour incitation.<\/p>\n<p>La proposition a suscit\u00e9 de vives critiques de la part des groupes de d\u00e9fense des droits civils et des parlementaires de l\u2019opposition, qui ont averti qu\u2019elle limiterait la libert\u00e9 d\u2019expression. Le conseiller juridique de la commission aurait indiqu\u00e9 que le projet de loi soul\u00e8ve des questions constitutionnelles.<\/p>\n<p>Le d\u00e9put\u00e9 de l\u2019opposition Gilad Kariv, du Parti d\u00e9mocrate, a d\u00e9nonc\u00e9 la mesure, affirmant qu\u2019elle \u00ab<em>entra\u00eenera de nombreuses arrestations injustifi\u00e9es de citoyens et l\u2019abus des pouvoirs d\u2019arrestation et d\u2019enqu\u00eate par des officiers insuffisamment form\u00e9s, cherchant \u00e0 se faire bien voir des politiciens<\/em>\u00bb.<\/p>\n<p>\u00ab<em>Si elle est adopt\u00e9e, la loi portera gravement atteinte \u00e0 la libert\u00e9 d\u2019expression en Isra\u00ebl, en exploitant de mani\u00e8re mensong\u00e8re et manipulatrice la n\u00e9cessit\u00e9 de lutter contre l\u2019incitation au terrorisme<\/em>\u00bb, a-t-il ajout\u00e9.<\/p>\n<p>En revanche, le parti d\u2019extr\u00eame droite Jewish Power, dirig\u00e9 par le ministre de la S\u00e9curit\u00e9 nationale Itamar Ben-Gvir, a salu\u00e9 le vote, estimant qu\u2019il donnerait \u00e0 la police les moyens \u00ab<em>d\u2019agir imm\u00e9diatement, pour arr\u00eater les instigateur<\/em>s\u00bb.<\/p>\n<p>Les Arabes isra\u00e9liens, qui repr\u00e9sentent environ 20% de la population, se plaignent depuis longtemps de discrimination syst\u00e9matique dans tous les aspects de la vie.<\/p>\n<p>Depuis le d\u00e9but de la guerre d\u2019Isra\u00ebl contre Gaza en octobre 2023, les autorit\u00e9s ont d\u00e9tenu des centaines d\u2019Arabes isra\u00e9liens pour incitation, tandis que les associations de d\u00e9fense des droits affirment qu\u2019aucune mesure n\u2019a \u00e9t\u00e9 prise contre les Juifs ayant incit\u00e9 \u00e0 la violence contre les Palestiniens.<\/p>\n<p>Depuis le lancement de cette guerre, Isra\u00ebl a introduit une s\u00e9rie de nouvelles lois visant \u00e0 r\u00e9primer les Palestiniens, dont un projet actuellement \u00e0 l\u2019\u00e9tude \u00e0 la Knesset visant \u00e0 imposer la peine de mort aux prisonniers palestiniens.<\/p>\n<p>Traduit de l\u2019anglais par <strong>Ben Amed Azize Zougmore<\/strong><\/p>\n<p>source : <a target=\"_blank\" href=\"https:\/\/www.aa.com.tr\/fr\/politique\/isra%C3%ABl-projet-de-loi-approuv%C3%A9-pour-arr%C3%AAter-des-arabes-isra%C3%A9liens-sans-l-aval-du-procureur-de-l-%C3%A9tat\/3740168\" target=\"_blank\" rel=\"noopener\" title=\"Agence Anadolu\">Agence Anadolu<\/a><\/p>\n<div class=\"sharedaddy sd-block sd-like jetpack-likes-widget-wrapper jetpack-likes-widget-unloaded\" id=\"like-post-wrapper-237719536-493587-6913ab66a7902\" data-src=\"https:\/\/widgets.wp.com\/likes\/?ver=15.0.2#blog_id=237719536&amp;post_id=493587&amp;origin=reseauinternational.net&amp;obj_id=237719536-493587-6913ab66a7902\" data-name=\"like-post-frame-237719536-493587-6913ab66a7902\" data-title=\"Aimer ou rebloguer\">\n<h3 class=\"sd-title\">J\u2019aime \u00e7a\u00a0:<\/h3>\n<p><span class=\"button\"><span>J\u2019aime<\/span><\/span> <span class=\"loading\">chargement\u2026<\/span><\/p>\n<p><span class=\"sd-text-color\"\/><a target=\"_blank\" class=\"sd-link-color\"\/><\/div>\n<p><meta itemscope=\"\" itemprop=\"mainEntityOfPage\" itemtype=\"https:\/\/schema.org\/WebPage\" itemid=\"https:\/\/reseauinternational.net\/israel-projet-de-loi-approuve-pour-arreter-des-arabes-israeliens-sans-laval-du-procureur-de-letat\/\"\/><meta itemprop=\"headline\" content=\"Isra\u00ebl : projet de loi approuv\u00e9 pour arr\u00eater des Arabes isra\u00e9liens sans l\u2019aval du procureur de l\u2019\u00c9tat\"\/><span style=\"display: none;\" itemprop=\"author\" itemscope=\"\" itemtype=\"https:\/\/schema.org\/Person\"><meta itemprop=\"name\" content=\"R\u00e9seau International\"\/><\/span><span style=\"display: none;\" itemprop=\"image\" itemscope=\"\" itemtype=\"https:\/\/schema.org\/ImageObject\"><meta itemprop=\"url\" content=\"https:\/\/i0.wp.com\/reseauinternational.net\/wp-content\/uploads\/2025\/11\/Knesset-20251111.jpg?fit=800%2C467&amp;ssl=1\"\/><meta itemprop=\"width\" content=\"800\"\/><meta itemprop=\"height\" content=\"467\"\/><\/span><span style=\"display: none;\" itemprop=\"publisher\" itemscope=\"\" itemtype=\"https:\/\/schema.org\/Organization\"><span style=\"display: none;\" itemprop=\"logo\" itemscope=\"\" itemtype=\"https:\/\/schema.org\/ImageObject\"><meta itemprop=\"url\" content=\"https:\/\/reseauinternational.net\/wp-content\/uploads\/2022\/06\/Capture-de\u0301cran-2022-06-14-a\u0300-16.51.07.png\"\/><\/span><meta itemprop=\"name\" content=\"R\u00e9seau International\"\/><\/span><meta itemprop=\"datePublished\" content=\"2025-11-11T11:48:22+00:00\"\/><meta itemprop=\"dateModified\" content=\"2025-11-11T11:48:32+00:00\"\/><\/div>\n<p><br \/>\n<br \/><a href=\"https:\/\/reseauinternational.net\/israel-projet-de-loi-approuve-pour-arreter-des-arabes-israeliens-sans-laval-du-procureur-de-letat\/\" target=\"_blank\"\">Source link <\/a><\/p>\n","protected":false},"excerpt":{"rendered":"<p>Campagne de dons Octobre 2025 Appel aux dons \u2013 Votre soutien nous est indispensable pour continuer \u00e0 vous fournir le meilleur de l\u2019information internationale alternative. C\u2019est gr\u00e2ce \u00e0 vos dons&hellip; <\/p>\n","protected":false},"author":1,"featured_media":19254,"comment_status":"open","ping_status":"open","sticky":false,"template":"","format":"standard","meta":{"footnotes":""},"categories":[1],"tags":[],"class_list":["post-19253","post","type-post","status-publish","format-standard","has-post-thumbnail","hentry","category-non-classe"],"_links":{"self":[{"href":"https:\/\/monde25.info\/index.php\/wp-json\/wp\/v2\/posts\/19253","targetHints":{"allow":["GET"]}}],"collection":[{"href":"https:\/\/monde25.info\/index.php\/wp-json\/wp\/v2\/posts"}],"about":[{"href":"https:\/\/monde25.info\/index.php\/wp-json\/wp\/v2\/types\/post"}],"author":[{"embeddable":true,"href":"https:\/\/monde25.info\/index.php\/wp-json\/wp\/v2\/users\/1"}],"replies":[{"embeddable":true,"href":"https:\/\/monde25.info\/index.php\/wp-json\/wp\/v2\/comments?post=19253"}],"version-history":[{"count":0,"href":"https:\/\/monde25.info\/index.php\/wp-json\/wp\/v2\/posts\/19253\/revisions"}],"wp:featuredmedia":[{"embeddable":true,"href":"https:\/\/monde25.info\/index.php\/wp-json\/wp\/v2\/media\/19254"}],"wp:attachment":[{"href":"https:\/\/monde25.info\/index.php\/wp-json\/wp\/v2\/media?parent=19253"}],"wp:term":[{"taxonomy":"category","embeddable":true,"href":"https:\/\/monde25.info\/index.php\/wp-json\/wp\/v2\/categories?post=19253"},{"taxonomy":"post_tag","embeddable":true,"href":"https:\/\/monde25.info\/index.php\/wp-json\/wp\/v2\/tags?post=19253"}],"curies":[{"name":"wp","href":"https:\/\/api.w.org\/{rel}","templated":true}]}}