{"id":19255,"date":"2025-11-12T01:04:46","date_gmt":"2025-11-12T00:04:46","guid":{"rendered":"https:\/\/monde25.info\/index.php\/2025\/11\/12\/le-senateur-rand-paul-exige-des-archives-du-renseignement-americain-sur-les-origines-du-covid-19\/"},"modified":"2025-11-12T01:04:46","modified_gmt":"2025-11-12T00:04:46","slug":"le-senateur-rand-paul-exige-des-archives-du-renseignement-americain-sur-les-origines-du-covid-19","status":"publish","type":"post","link":"https:\/\/monde25.info\/index.php\/2025\/11\/12\/le-senateur-rand-paul-exige-des-archives-du-renseignement-americain-sur-les-origines-du-covid-19\/","title":{"rendered":"Le s\u00e9nateur Rand Paul exige des archives du renseignement am\u00e9ricain sur les origines du Covid-19"},"content":{"rendered":"<p> <br \/>\n<\/p>\n<div>\n<p>Le s\u00e9nateur r\u00e9publicain Rand Paul, pr\u00e9sident de la Commission du S\u00e9nat sur la S\u00e9curit\u00e9 int\u00e9rieure et les Affaires gouvernementales, a <a target=\"_blank\" href=\"https:\/\/x.com\/SenRandPaul\/status\/1984019065493754366?s=20\">adress\u00e9 une lettre dat\u00e9e du 30 octobre 2025<\/a> \u00e0 la directrice du renseignement national (DNI), Tulsi Gabbard, r\u00e9clamant <a target=\"_blank\" href=\"https:\/\/www.hsgac.senate.gov\/media\/reps\/chairman-rand-paul-seeks-intelligence-community-records-related-to-covid-origins\/\">la transmission de documents classifi\u00e9s et non classifi\u00e9s relatifs aux origines de la pand\u00e9mie de Covid-19<\/a>. Cette requ\u00eate s&rsquo;inscrit dans une enqu\u00eate en cours sur les recherches \u00e0 haut risque men\u00e9es par des agences am\u00e9ricaines et leurs partenaires internationaux, impliquant notamment le virologue Ralph Baric et l&rsquo;Institut de virologie de Wuhan (WIV). La DNI dispose jusqu&rsquo;au 13 novembre 2025 pour r\u00e9pondre.<\/p>\n<p>Selon le <a target=\"_blank\" href=\"https:\/\/www.hsgac.senate.gov\/media\/reps\/chairman-rand-paul-seeks-intelligence-community-records-related-to-covid-origins\/\">communiqu\u00e9 de presse officiel<\/a> publi\u00e9 par la Commission sur son site web, ces nouveaux documents r\u00e9v\u00e8lent que des membres de la communaut\u00e9 du renseignement am\u00e9ricain (IC) <strong>\u00e9taient en contact avec le Dr Ralph Baric<\/strong>, expert en coronavirus et collaborateur de la chercheuse chinoise Zhengli Shi du WIV, d\u00e8s 2015, bien avant l&rsquo;apparition de la pand\u00e9mie. Un courriel du 10 septembre 2015, \u00e9manant de la CIA et de l&rsquo;ODNI (Office du directeur du renseignement national), sollicitait le Dr Baric pour discuter d&rsquo;un \u00ab projet possible \u00bb sur \u00ab l&rsquo;\u00e9volution du coronavirus et une possible adaptation humaine naturelle \u00bb. Moins de deux mois plus tard, Baric et Shi publiaient un article dans *Nature Medicine* intitul\u00e9 \u00ab A SARS-like cluster of circulating bat coronaviruses shows potential for human emergence \u00bb, financ\u00e9 par le programme USAID PREDICT et des subventions du NIH (Instituts nationaux de la sant\u00e9), et largement reconnu comme impliquant des recherches de gain de fonction.<\/p>\n<p>La lettre de Rand Paul d\u00e9taille <strong>huit demandes pr\u00e9cises<\/strong>, couvrant la p\u00e9riode de janvier 2012 \u00e0 octobre 2025. Parmi elles : tous les courriels et pi\u00e8ces jointes impliquant des employ\u00e9s ou contractants de l&rsquo;ODNI avec des figures cl\u00e9s comme Anthony Fauci, Francis Collins, Peter Daszak (ex-pr\u00e9sident d&rsquo;EcoHealth Alliance), Jeremy Farrar, ainsi que des r\u00e9f\u00e9rences au WIV, \u00e0 l&rsquo;Acad\u00e9mie des sciences m\u00e9dicales militaires chinoise (AMMS), au programme DEFUSE d&rsquo;EcoHealth Alliance soumis \u00e0 la DARPA en 2018, ou encore aux laboratoires biologiques financ\u00e9s par les \u00c9tats-Unis, domestiques ou \u00e9trangers. Ce programme DEFUSE proposait d&rsquo;ins\u00e9rer un site de clivage furine dans un coronavirus, caract\u00e9ristique strikingly similaire \u00e0 celle du SARS-CoV-2. Bien que rejet\u00e9 par la DARPA, le concept persistait, et la pand\u00e9mie \u00e9mergea \u00e0 Wuhan en 2020, ville mentionn\u00e9e dans la proposition.<\/p>\n<p>En janvier 2020, alors que le virus se propageait, le Dr Baric fut convoqu\u00e9 par le Groupe d&rsquo;experts en sciences biologiques (BSEG) de l&rsquo;ODNI pour une pr\u00e9sentation. Le 29 janvier, il envoya une diapositive intitul\u00e9e \u00ab Origins \u00bb \u00e9voquant la possibilit\u00e9 d&rsquo;une fuite accidentelle du WIV \u2013 une hypoth\u00e8se publiquement qualifi\u00e9e de \u00ab th\u00e9orie du complot \u00bb par le cercle de Fauci. La lettre accuse les agences de renseignement de \u00ab bloquer \u00bb les enqu\u00eates et exige la s\u00e9gr\u00e9gation des documents classifi\u00e9s pour transmission au Bureau de la s\u00e9curit\u00e9 du S\u00e9nat.<\/p>\n<h5>\u00a0<\/h5>\n<h5><strong>R\u00e9actions sur X<\/strong><\/h5>\n<p>Le s\u00e9nateur Paul a annonc\u00e9 cette initiative via une s\u00e9rie de publications sur X, g\u00e9n\u00e9rant des milliers d&rsquo;interactions.<\/p>\n<blockquote class=\"twitter-tweet\">\n<p lang=\"en\" dir=\"ltr\">\ud83d\udea8 I\u2019ve sent a letter to ODNI after uncovering new records showing U.S. intel was in contact with coronavirus researcher Ralph Baric as early as 2015. <a target=\"_blank\" href=\"https:\/\/t.co\/GxuQ5ZDPt8\">pic.twitter.com\/GxuQ5ZDPt8<\/a><\/p>\n<p>\u2014 Senator Rand Paul (@SenRandPaul) <a target=\"_blank\" href=\"https:\/\/twitter.com\/SenRandPaul\/status\/1984019065493754366?ref_src=twsrc%5Etfw\">October 30, 2025<\/a><\/p>\n<\/blockquote>\n<p>Le 6 novembre 2025, <a target=\"_blank\" href=\"https:\/\/childrenshealthdefense.org\/defender\/sen-rand-paul-demands-intelligence-records-fauci-baric-covid-origins\/\">Nicholas Wade, ex-r\u00e9dacteur scientifique du <em>New York Times<\/em> r\u00e9agissait<\/a> : \u00ab <em>La demande de Paul que les agences de renseignement remettent toutes les informations sur leurs dealings avec Baric sera d&rsquo;une grande signification si elle aboutit, car elle pourrait aider \u00e0 \u00e9valuer le degr\u00e9 de complicit\u00e9 du gouvernement am\u00e9ricain dans la catastrophe Covid<\/em>. \u00bb Ce qui appelait une r\u00e9ponse quasi imm\u00e9diate de Rand Paul\u00a0: \u00ab <em>Je suis d\u00e9termin\u00e9 \u00e0 aller au fond du cover-up Covid pour savoir comment les virologues \u2013 y compris le Dr Fauci \u2013 et la communaut\u00e9 du renseignement ont conspir\u00e9 pour emp\u00eacher les Am\u00e9ricains de conna\u00eetre la v\u00e9rit\u00e9 sur les origines du Covid.<\/em> \u00bb<\/p>\n<p>Les r\u00e9actions sur X sont vives. Des utilisateurs comme @LouisaClary saluent l&rsquo;effort : \u00ab <em>Je suis vraiment reconnaissante pour votre travail continu sur cela<\/em>. \u00bb D&rsquo;autres, comme @cath2060, expriment de la frustration : \u00ab <em>Quand est-ce que \u00e7a prend vraiment de l&rsquo;ampleur ?<\/em> \u00bb Des comptes comme @ban_epp_gofroc soulignent l&rsquo;urgence : \u00ab <em>Le temps presse. Il reste un an avant les midterms. (\u00e9lections de mi mandat)<\/em> \u00bb. Des critiques \u00e9mergent aussi, comme @TrifasterND : \u00ab <em>Vous, les \u00e9lus, n&rsquo;avez vraiment aucune id\u00e9e de ce qui se passe dans le gouvernement.<\/em> \u00bb Globalement, les posts de Paul cumulent plusieurs dizaines de milliers de likes et g\u00e9n\u00e8rent un d\u00e9bat sur la transparence et la responsabilit\u00e9.<\/p>\n<p>\u00a0<\/p>\n<h5><strong>Cons\u00e9quences potentielles pour la France et l&rsquo;UE<\/strong><\/h5>\n<p>Aucune source officielle fran\u00e7aise, europ\u00e9enne ou de l&rsquo;OMS <strong>ne lie directement cette requ\u00eate de Rand Paul \u00e0 des implications imm\u00e9diates pour la France<\/strong>. Cependant, dans le contexte plus large des enqu\u00eates sur les origines du Covid-19, l&rsquo;Union europ\u00e9enne \u2013 dont la France est membre \u2013 a appel\u00e9 \u00e0 une <strong>enqu\u00eate ind\u00e9pendante sur les origines de la pand\u00e9mie<\/strong>, comme not\u00e9 dans un rapport de l&rsquo;Institut d&rsquo;\u00e9tudes de s\u00e9curit\u00e9 de l&rsquo;UE de 2020 soulignant l&rsquo;activit\u00e9 militaire chinoise accrue et les besoins en enqu\u00eate. Des changements dans le financement am\u00e9ricain des recherches de gain de fonction pourraient indirectement affecter les collaborations internationales impliquant des laboratoires europ\u00e9ens, y compris en France, via des programmes comme ceux de l&rsquo;ANRS (Agence nationale de recherches sur le sida et les h\u00e9patites virales). Un rapport de la Commission europ\u00e9enne de 2022 sur l&rsquo;apr\u00e8s-Covid \u00e9voque des d\u00e9fis \u00e9conomiques et sociaux partag\u00e9s, potentiellement amplifi\u00e9s par de nouvelles restrictions sur les financements bilat\u00e9raux. Aucune mesure concr\u00e8te n&rsquo;est toutefois mentionn\u00e9e \u00e0 ce stade.<\/p>\n<p>En France, bien que des commissions d&rsquo;enqu\u00eate parlementaires aient \u00e9t\u00e9 mises en place par le pass\u00e9 pour \u00e9valuer la gestion de la crise sanitaire (comme celle du S\u00e9nat sur les politiques publiques face aux pand\u00e9mies), aucune nouvelle commission sp\u00e9cifique d\u00e9di\u00e9e aux origines du Covid-19 n&rsquo;a \u00e9t\u00e9 officiellement cr\u00e9\u00e9e en 2025, malgr\u00e9 des appels publics en ce sens en avril 2025. Les d\u00e9bats m\u00e9diatiques persistent, avec des documentaires diffus\u00e9s sur France 5 et d&rsquo;autres cha\u00eenes explorant les origines, mais l&rsquo;information tend globalement \u00e0 s&rsquo;aligner sur le narratif officiel favorisant une origine zoonotique, comme indiqu\u00e9 dans le rapport du Groupe consultatif scientifique de l&rsquo;OMS (SAGO) de juin 2025. Des enqu\u00eates judiciaires sur la gestion de la crise, termin\u00e9es fin 2024 sans suites p\u00e9nales, et des rapports comme celui de l&rsquo;Acad\u00e9mie nationale de m\u00e9decine en avril 2025, soulignent un cadre o\u00f9 les contraintes r\u00e9glementaires et les tentatives de contr\u00f4le de l&rsquo;information \u2013 via des v\u00e9rifications factuelles et des r\u00e9gulations sur les discours en ligne \u2013 se sont renforc\u00e9es depuis la pand\u00e9mie, limitant parfois les discussions alternatives sans pour autant \u00e9touffer compl\u00e8tement les enqu\u00eates ind\u00e9pendantes.<\/p>\n<p>En Europe, la transparence pr\u00f4n\u00e9e par la pr\u00e9sidente de la Commission bat de l\u2019aile ou semble ne pas s\u2019appliquer \u00e0 tous et \u00e0 tous les sujets\u00a0! En effet, \u00a0la commission d\u2019enqu\u00eate covid demand\u00e9e par 25% des parlementaires europ\u00e9ens a \u00e9t\u00e9 refus\u00e9e par la Conf\u00e9rence des Pr\u00e9sidents, cet organe non \u00e9lu contr\u00f4l\u00e9 par l\u2019EPP, le parti dominant au Parlement europ\u00e9en dont la pr\u00e9sidente von der Leyen est membre.\u00a0 <a target=\"_blank\" href=\"https:\/\/www.francesoir.fr\/videos-les-debriefings\/transparence-confisquee-christine-anderson-et-2-meps-attaquent-le-parlement\">Hier la MEP allemande Christine Anderson ains que Marieke Ehlers (MEP Pays-Bas) et Charlie Weimers (MEP Su\u00e8de) ont saisi la justice visant \u00e0 faire annuler cette d\u00e9cision<\/a> qui emp\u00eache les d\u00e9put\u00e9s europ\u00e9ens de faire leur travail en respect de leurs mandats \u00e9lectoraux.<\/p>\n<p>\u00a0 <iframe loading=\"lazy\" title=\"Christine Anderson et 2 MEPs attaquent le Parlement europ\u00e9en pour avoir bloqu\u00e9 une commission COVID\" width=\"1110\" height=\"624\" src=\"https:\/\/www.youtube.com\/embed\/NItXwmIn3pw?feature=oembed\" frameborder=\"0\" allow=\"accelerometer; autoplay; clipboard-write; encrypted-media; gyroscope; picture-in-picture; web-share\" referrerpolicy=\"strict-origin-when-cross-origin\" allowfullscreen><\/iframe><\/p>\n<p>\u00a0<\/p>\n<p>Affaires \u00e0 suivre, car tant du cot\u00e9 am\u00e9ricain que du cot\u00e9 europ\u00e9en des \u00e9lus semblent d\u00e9termin\u00e9s <strong>\u00e0 ce que la transparence soit faite sur tous les sujets de la pand\u00e9mie.\u00a0<\/strong><\/p>\n<p>\u00a0<\/p>\n<\/div>\n<p><script async src=\"\/\/platform.twitter.com\/widgets.js\" charset=\"utf-8\"><\/script><script>(function(d, s, id) {  var js, fjs = d.getElementsByTagName(s)[0];  if (d.getElementById(id)) return;  js = d.createElement(s); js.id = id;  js.src = \"\/\/connect.facebook.net\/fr_FR\/sdk.js#xfbml=1&version=v2.3\";  fjs.parentNode.insertBefore(js, fjs);}(document, \"script\", \"facebook-jssdk\"));<\/script><br \/>\n<br \/><br \/>\n<br \/><a href=\"https:\/\/www.francesoir.fr\/monde-societe-justice-sante-science-tech\/le-senateur-rand-paul-exige-des-archives-du-renseignement\" target=\"_blank\"\">Source link <\/a><\/p>\n","protected":false},"excerpt":{"rendered":"<p>Le s\u00e9nateur r\u00e9publicain Rand Paul, pr\u00e9sident de la Commission du S\u00e9nat sur la S\u00e9curit\u00e9 int\u00e9rieure et les Affaires gouvernementales, a adress\u00e9 une lettre dat\u00e9e du 30 octobre 2025 \u00e0 la&hellip; <\/p>\n","protected":false},"author":1,"featured_media":19256,"comment_status":"open","ping_status":"open","sticky":false,"template":"","format":"standard","meta":{"footnotes":""},"categories":[1],"tags":[],"class_list":["post-19255","post","type-post","status-publish","format-standard","has-post-thumbnail","hentry","category-non-classe"],"_links":{"self":[{"href":"https:\/\/monde25.info\/index.php\/wp-json\/wp\/v2\/posts\/19255","targetHints":{"allow":["GET"]}}],"collection":[{"href":"https:\/\/monde25.info\/index.php\/wp-json\/wp\/v2\/posts"}],"about":[{"href":"https:\/\/monde25.info\/index.php\/wp-json\/wp\/v2\/types\/post"}],"author":[{"embeddable":true,"href":"https:\/\/monde25.info\/index.php\/wp-json\/wp\/v2\/users\/1"}],"replies":[{"embeddable":true,"href":"https:\/\/monde25.info\/index.php\/wp-json\/wp\/v2\/comments?post=19255"}],"version-history":[{"count":0,"href":"https:\/\/monde25.info\/index.php\/wp-json\/wp\/v2\/posts\/19255\/revisions"}],"wp:featuredmedia":[{"embeddable":true,"href":"https:\/\/monde25.info\/index.php\/wp-json\/wp\/v2\/media\/19256"}],"wp:attachment":[{"href":"https:\/\/monde25.info\/index.php\/wp-json\/wp\/v2\/media?parent=19255"}],"wp:term":[{"taxonomy":"category","embeddable":true,"href":"https:\/\/monde25.info\/index.php\/wp-json\/wp\/v2\/categories?post=19255"},{"taxonomy":"post_tag","embeddable":true,"href":"https:\/\/monde25.info\/index.php\/wp-json\/wp\/v2\/tags?post=19255"}],"curies":[{"name":"wp","href":"https:\/\/api.w.org\/{rel}","templated":true}]}}