{"id":19260,"date":"2025-11-12T04:55:37","date_gmt":"2025-11-12T03:55:37","guid":{"rendered":"https:\/\/monde25.info\/index.php\/2025\/11\/12\/lheure-la-plus-sombre-est-celle-qui-precede-laube\/"},"modified":"2025-11-12T04:55:37","modified_gmt":"2025-11-12T03:55:37","slug":"lheure-la-plus-sombre-est-celle-qui-precede-laube","status":"publish","type":"post","link":"https:\/\/monde25.info\/index.php\/2025\/11\/12\/lheure-la-plus-sombre-est-celle-qui-precede-laube\/","title":{"rendered":"L\u2019heure la plus sombre est celle qui pr\u00e9c\u00e8de l\u2019aube"},"content":{"rendered":"<p> <br \/>\n<\/p>\n<div>\n<ol class=\"campaign-loop campaign-list\">\n<li id=\"campaign-482494\" class=\"post-482494 campaign type-campaign status-publish hentry campaign-has-goal campaign-has-not-achieved-goal campaign-has-end-date campaign-has-not-ended\">\n\t<a target=\"_blank\" href=\"https:\/\/reseauinternational.net\/campaigns\/campagne-de-dons-septembre-octobre-2025\/\"><\/p>\n<h3>Campagne de dons Octobre 2025<\/h3>\n<p>\t\t\t<\/a><\/p>\n<p>\n\tAppel aux dons \u2013 Votre soutien nous est indispensable pour continuer \u00e0 vous fournir le meilleur de l\u2019information internationale alternative. C\u2019est gr\u00e2ce \u00e0 vos dons que nous pourrons maintenir le cap pour une information plurielle et r\u00e9ellement alternative. Nous comptons sur vous.<\/p>\n<p>\n<span class=\"amount\">20 211,00\u00a0\u20ac<\/span> de l\u2019objectif de <span class=\"goal-amount\">25 000,00\u00a0\u20ac<\/span> atteint<\/p>\n<\/li>\n<\/ol>\n<p>par<strong>\u00a0R Qureshi<\/strong><\/p>\n<p><strong>\u00c0 quoi servent les mots lorsque une d\u00e9pravation sans limites devient si ordinaire qu\u2019elle n\u2019est plus qu\u2019un bruit de fond ?<\/strong><\/p>\n<h5 class=\"wp-block-heading\">Le fermier palestinien, le rabbin et l\u2019enseignant<\/h5>\n<p>Ces derniers temps, j\u2019ai du mal \u00e0 trouver les mots. Mais \u00e0 quoi servent les mots lorsque une d\u00e9pravation sans limites devient si ordinaire qu\u2019elle n\u2019est plus qu\u2019un bruit de fond ?<\/p>\n<p>\u00c0 Gaza et en Cisjordanie, les Palestiniens subissent un g\u00e9nocide et un nettoyage ethnique. J\u2019ai lu ces mots mille fois, et \u00e0 force, je suis sonn\u00e9.<\/p>\n<p>Je repense sans cesse \u00e0 une image impossible \u00e0 chasser. Des images de vid\u00e9osurveillance provenant d\u2019une ferme palestinienne dans les collines au sud d\u2019H\u00e9bron.<\/p>\n<p>Neuf colons isra\u00e9liens masqu\u00e9s et arm\u00e9s de gourdins ont \u00e9t\u00e9 film\u00e9s en train de p\u00e9n\u00e9trer dans la cour de la famille Dramin et de battre \u00e0 mort des agneaux \u00e0 coups de gourdins dans une ferme appartenant \u00e0 des Palestiniens.<\/p>\n<p>Ils soul\u00e8vent les brebis et les jettent brutalement contre un mur.<\/p>\n<p>Ils arrachent les yeux des agneaux et des brebis. Un agneau g\u00eet au sol, inerte.<\/p>\n<p>Les autres tremblent, coll\u00e9s \u00e0 leur m\u00e8re, tentant en vain d\u2019\u00e9chapper \u00e0 ce massacre. Des \u00eatres sensibles, les innocents d\u2019entre les innocents. Mais cela n\u2019a pas suffi \u00e0 les sauver.<\/p>\n<p>Le fermier avait s\u00e9par\u00e9 sa maison en deux, installant d\u2019un c\u00f4t\u00e9 \u2013 qui n\u2019\u00e9tait en fait qu\u2019une cabane \u2013 ses b\u00eates, les moutons. Lui et sa famille dormaient dans l\u2019autre partie pour \u00eatre pr\u00e8s des moutons.<\/p>\n<p>Il explique \u00e0 l\u2019interviewer qu\u2019il a \u00e9lev\u00e9 ces animaux depuis leur naissance. Ils sont comme ses propres enfants, ils sont donc proches de lui et de sa famille. Les attaques sont de plus en plus fr\u00e9quentes. Il dit qu\u2019ils n\u2019arrivent plus \u00e0 manger ni \u00e0 dormir, traumatis\u00e9s par ces atrocit\u00e9s.<\/p>\n<p>Je pense aussi aux milliers d\u2019otages palestiniens qu\u2019Isra\u00ebl pr\u00e9voit d\u2019ex\u00e9cuter si la Knesset adopte ce nouveau projet de loi instaurant la peine de mort pour les auteurs pr\u00e9sum\u00e9s d\u2019attaques jug\u00e9es terroristes. Je repense au Dr Hussam Abu Safiyeh, ce p\u00e9diatre respectable et respect\u00e9, actuellement tortur\u00e9 \u00e0 la prison d\u2019Ofer. Son crime ? Avoir soign\u00e9 ses patients et inform\u00e9 le monde entier de la destruction de son h\u00f4pital. En vertu de la Convention de Gen\u00e8ve, il est consid\u00e9r\u00e9 comme un otage, d\u00e9tenu et tortur\u00e9 sans inculpation ni proc\u00e8s.<\/p>\n<p><em>Haaretz<\/em>\u00a0rapporte qu\u2019entre janvier 2024 et juillet 2025, 279 soldats isra\u00e9liens ont tent\u00e9 de se suicider, et 36 sont morts par suicide. Les traumatismes psychologiques rongent le syst\u00e8me de l\u2019int\u00e9rieur.<\/p>\n<div class=\"wp-block-image\">\n<figure class=\"aligncenter size-large is-resized\"><a target=\"_blank\" href=\"https:\/\/i0.wp.com\/reseauinternational.net\/wp-content\/uploads\/2025\/11\/image-131.png?ssl=1\"><img data-recalc-dims=\"1\" decoding=\"async\" width=\"1024\" height=\"671\" src=\"https:\/\/i0.wp.com\/reseauinternational.net\/wp-content\/uploads\/2025\/11\/image-131.png?resize=1024%2C671&amp;ssl=1\" alt=\"\" class=\"wp-image-493583\" style=\"width:598px;height:auto\" loading=\"lazy\" srcset=\"https:\/\/i0.wp.com\/reseauinternational.net\/wp-content\/uploads\/2025\/11\/image-131.png?resize=1024%2C671&amp;ssl=1 1024w, https:\/\/i0.wp.com\/reseauinternational.net\/wp-content\/uploads\/2025\/11\/image-131.png?resize=300%2C197&amp;ssl=1 300w, https:\/\/i0.wp.com\/reseauinternational.net\/wp-content\/uploads\/2025\/11\/image-131.png?resize=768%2C503&amp;ssl=1 768w, https:\/\/i0.wp.com\/reseauinternational.net\/wp-content\/uploads\/2025\/11\/image-131.png?resize=990%2C649&amp;ssl=1 990w, https:\/\/i0.wp.com\/reseauinternational.net\/wp-content\/uploads\/2025\/11\/image-131.png?w=1320&amp;ssl=1 1320w\" sizes=\"auto, (max-width: 1024px) 100vw, 1024px\"\/><\/a><\/figure>\n<\/div>\n<p>Je suis tomb\u00e9 sur une vid\u00e9o d\u2019un enseignant isra\u00e9lien. Meir Baruchin est professeur d\u2019histoire et d\u2019\u00e9ducation civique \u00e0 Tel-Aviv.<\/p>\n<p>Il a \u00e9t\u00e9 licenci\u00e9, arr\u00eat\u00e9 et enferm\u00e9 \u00e0 l\u2019isolement quatre jours parce qu\u2019il a \u00e9crit sur les civils tu\u00e9s \u00e0 Gaza.<\/p>\n<p>Il a grandi en croyant au mythe sioniste d\u2019\u00ab<em>une terre sans peuple pour un peuple sans terre<\/em>\u00bb.\u00a0Les Palestiniens \u00e9taient d\u00e9crits comme malfaisants, dangereux, inutiles. Il n\u2019en a jamais rencontr\u00e9. Il n\u2019a jamais entendu parler de la Nakba.<\/p>\n<p>Apr\u00e8s sa lib\u00e9ration, lorsqu\u2019il s\u2019est remis \u00e0 faire cours, certains \u00e9l\u00e8ves lui ont crach\u00e9 dessus. D\u2019autres ont pr\u00e9f\u00e9r\u00e9 quitter le cours. Mais au fil du temps, il constate un changement. De plus en plus d\u2019\u00e9l\u00e8ves commencent \u00e0 l\u2019\u00e9couter.<\/p>\n<p>\u00ab<em>L\u2019\u00e9ducation<\/em>\u00bb,\u00a0dit-il, \u00ab<em>est une opportunit\u00e9 pour les Isra\u00e9liens de prendre conscience de la souffrance des Palestiniens et de leur histoire. Gr\u00e2ce \u00e0 l\u2019\u00e9ducation, nous pouvons \u00e9crire une nouvelle histoire o\u00f9 Palestiniens et juifs vivent \u00e9gaux et en toute dignit\u00e9. Mais avant tout, Isra\u00ebl doit mettre fin \u00e0 ce g\u00e9nocide<\/em>\u00bb.<\/p>\n<div class=\"wp-block-image\">\n<figure class=\"aligncenter size-full is-resized\"><a target=\"_blank\" href=\"https:\/\/i0.wp.com\/reseauinternational.net\/wp-content\/uploads\/2025\/11\/image-132.png?ssl=1\"><img data-recalc-dims=\"1\" decoding=\"async\" width=\"864\" height=\"491\" src=\"https:\/\/i0.wp.com\/reseauinternational.net\/wp-content\/uploads\/2025\/11\/image-132.png?resize=864%2C491&amp;ssl=1\" alt=\"\" class=\"wp-image-493584\" style=\"width:602px;height:auto\" loading=\"lazy\" srcset=\"https:\/\/i0.wp.com\/reseauinternational.net\/wp-content\/uploads\/2025\/11\/image-132.png?w=864&amp;ssl=1 864w, https:\/\/i0.wp.com\/reseauinternational.net\/wp-content\/uploads\/2025\/11\/image-132.png?resize=300%2C170&amp;ssl=1 300w, https:\/\/i0.wp.com\/reseauinternational.net\/wp-content\/uploads\/2025\/11\/image-132.png?resize=768%2C436&amp;ssl=1 768w\" sizes=\"auto, (max-width: 864px) 100vw, 864px\"\/><\/a><\/figure>\n<\/div>\n<p>Le rabbin Beck vit \u00e0 Stamford Hill\u00a0[quartier de Londres]. Il est n\u00e9 en Palestine. Sa famille a quitt\u00e9 le pays parce qu\u2019elle refusait de vivre sous l\u2019occupation isra\u00e9lienne.<\/p>\n<p>\u00ab<em>Je ne reviendrai qu\u2019avec un passeport palestinien<\/em>\u00bb.<\/p>\n<p>Il est juif palestinien. Sept g\u00e9n\u00e9rations dans ce pays. Le juda\u00efsme est une foi, le sionisme est un nationalisme, dit-il. L\u2019un est une loi \u00e9thique, l\u2019autre est une r\u00e9bellion contre Dieu.<\/p>\n<p>\u00ab<em>Le sionisme a priv\u00e9 le juda\u00efsme de sa saintet\u00e9. Les sionistes l\u2019ont dot\u00e9 d\u2019une arm\u00e9e, d\u2019un drapeau et d\u2019un pouvoir. Ils ont pris notre Torah et l\u2019ont remplac\u00e9e par une arme. Ils ont pris la terre aux Palestiniens. Ils ont pris leur identit\u00e9 aux juifs<\/em>\u00bb.<\/p>\n<p>Le plus grand danger pour le juda\u00efsme, dit-il, ne vient pas des chr\u00e9tiens ou des musulmans, mais du sionisme lui-m\u00eame, car il a r\u00e9ussi l\u00e0 o\u00f9 toutes les pers\u00e9cutions ont \u00e9chou\u00e9.<\/p>\n<p>Il a coup\u00e9 les juifs de leur propre \u00e9thique. Il dit que la Torah ordonne aux juifs en exil de vivre en paix et dans la loyaut\u00e9 sur toute terre jusqu\u2019\u00e0 ce que Dieu mette fin \u00e0 l\u2019exil. Et non de s\u2019emparer de terres par la force.<\/p>\n<p>\u00ab<em>Une r\u00e9bellion contre le Tout-Puissant est vou\u00e9e \u00e0 l\u2019\u00e9chec<\/em>\u00bb.<\/p>\n<p>Il \u00e9voque la vie des juifs dans les pays musulmans, en Iran, au Maroc, en Turquie, o\u00f9 les juifs vivent toujours librement, m\u00eame apr\u00e8s des d\u00e9cennies d\u2019occupation et de propagande.<\/p>\n<p>\u00ab<em>Prenez un billet d\u2019avion pour l\u2019Iran<\/em>\u00bb, dit-il. \u00ab<em>Vous y d\u00e9couvrirez une vie juive \u00e9tonnamment \u00e9panouie<\/em>\u00bb.<\/p>\n<p>Il parle de Londres, des synagogues voisines des mosqu\u00e9es, des conseillers juifs et musulmans solidaires. Il raconte avoir particip\u00e9 \u00e0 de grandes marches palestiniennes o\u00f9 la police l\u2019a menac\u00e9 de mort, et en \u00eatre ressorti indemne, entour\u00e9 de musulmans le remerciant pour son engagement \u00e0 leurs c\u00f4t\u00e9s.<\/p>\n<p>\u00ab<em>Comment les gens peuvent-ils \u00eatre aussi aveugles<\/em>\u00bb,\u00a0demande-t-il, \u00ab<em>et croire au mensonge sioniste selon lequel musulmans et juifs sont ennemis ? La haine n\u2019est pas une question de religion. La haine vient de l\u2019occupation et du g\u00e9nocide<\/em>\u00bb.<\/p>\n<p>J\u2019entends la m\u00eame voix. Un m\u00eame courage \u00e9thique se d\u00e9gage de tant de souffrances. Un enseignant et un rabbin, porteurs du m\u00eame message : la foi sans morale n\u2019est rien. L\u2019\u00e9ducation sans empathie non plus.<\/p>\n<p>Et puis, il y a cette petite cabane dans les collines du sud d\u2019H\u00e9bron, o\u00f9 des villages comme Masafer Yatta, At Tuwani et Susya sont soumis aux violences incessantes des colons. Le fermier palestinien assis dans le noir, veillant sur ses animaux. Un homme impuissant \u00e0 prot\u00e9ger sa terre, mais qui pr\u00e9serve n\u00e9anmoins la vie. Je songe sans cesse aux vertus du bien, \u00e0 sa capacit\u00e9 \u00e0 survivre m\u00eame l\u00e0 o\u00f9 le Mal se d\u00e9cha\u00eene.<\/p>\n<p>Une pluie battante s\u2019abat sur Gaza, sur la Cisjordanie, sur toutes les consciences qui refusent de voir. Mais, au c\u0153ur de la temp\u00eate, des gens comme Meir, comme le rabbin Beck, comme le fermier palestinien poursuivent leur qu\u00eate du bien.<\/p>\n<p>Ils ne sont pas na\u00effs. Ils sont la preuve que la clart\u00e9 morale n\u2019est pas qu\u2019un concept, mais une r\u00e9alit\u00e9.<\/p>\n<p>M\u00eame aujourd\u2019hui, alors que tout semble impossible, m\u00eame s\u2019il reste tant \u00e0 accomplir en d\u00e9pit des t\u00e9n\u00e8bres, il ne faut pas c\u00e9der \u00e0 la haine. Continuez \u00e0 t\u00e9moigner, et soyez confiants : l\u2019heure la plus sombre est celle qui pr\u00e9c\u00e8de l\u2019aube.<\/p>\n<p>Plus jamais \u00e7a, pour personne, et nulle part.<\/p>\n<p>source : <a target=\"_blank\" href=\"https:\/\/thisisrobinaqureshi.substack.com\/p\/we-trust-in-the-hope-of-a-better\" title=\"Bearing Witness\">Bearing Witness<\/a> via <a target=\"_blank\" href=\"https:\/\/ssofidelis.substack.com\/p\/lheure-la-plus-sombre-est-celle-qui\" target=\"_blank\" rel=\"noopener\" title=\"Spirit of Free Speech\">Spirit of Free Speech<\/a><\/p>\n<div class=\"sharedaddy sd-block sd-like jetpack-likes-widget-wrapper jetpack-likes-widget-unloaded\" id=\"like-post-wrapper-237719536-493581-6913f86c36d48\" data-src=\"https:\/\/widgets.wp.com\/likes\/?ver=15.0.2#blog_id=237719536&amp;post_id=493581&amp;origin=reseauinternational.net&amp;obj_id=237719536-493581-6913f86c36d48\" data-name=\"like-post-frame-237719536-493581-6913f86c36d48\" data-title=\"Aimer ou rebloguer\">\n<h3 class=\"sd-title\">J\u2019aime \u00e7a\u00a0:<\/h3>\n<p><span class=\"button\"><span>J\u2019aime<\/span><\/span> <span class=\"loading\">chargement\u2026<\/span><\/p>\n<p><span class=\"sd-text-color\"\/><a target=\"_blank\" class=\"sd-link-color\"\/><\/div>\n<p><meta itemscope=\"\" itemprop=\"mainEntityOfPage\" itemtype=\"https:\/\/schema.org\/WebPage\" itemid=\"https:\/\/reseauinternational.net\/lheure-la-plus-sombre-est-celle-qui-precede-laube\/\"\/><meta itemprop=\"headline\" content=\"L\u2019heure la plus sombre est celle qui pr\u00e9c\u00e8de l\u2019aube\"\/><span style=\"display: none;\" itemprop=\"author\" itemscope=\"\" itemtype=\"https:\/\/schema.org\/Person\"><meta itemprop=\"name\" content=\"R\u00e9seau International\"\/><\/span><span style=\"display: none;\" itemprop=\"image\" itemscope=\"\" itemtype=\"https:\/\/schema.org\/ImageObject\"><meta itemprop=\"url\" content=\"https:\/\/i0.wp.com\/reseauinternational.net\/wp-content\/uploads\/2025\/11\/heure-sombre-20251111.webp?fit=800%2C467&amp;ssl=1\"\/><meta itemprop=\"width\" content=\"800\"\/><meta itemprop=\"height\" content=\"467\"\/><\/span><span style=\"display: none;\" itemprop=\"publisher\" itemscope=\"\" itemtype=\"https:\/\/schema.org\/Organization\"><span style=\"display: none;\" itemprop=\"logo\" itemscope=\"\" itemtype=\"https:\/\/schema.org\/ImageObject\"><meta itemprop=\"url\" content=\"https:\/\/reseauinternational.net\/wp-content\/uploads\/2022\/06\/Capture-de\u0301cran-2022-06-14-a\u0300-16.51.07.png\"\/><\/span><meta itemprop=\"name\" content=\"R\u00e9seau International\"\/><\/span><meta itemprop=\"datePublished\" content=\"2025-11-11T11:41:37+00:00\"\/><meta itemprop=\"dateModified\" content=\"2025-11-12T01:54:02+00:00\"\/><\/div>\n<p><br \/>\n<br \/><a href=\"https:\/\/reseauinternational.net\/lheure-la-plus-sombre-est-celle-qui-precede-laube\/\" target=\"_blank\"\">Source link <\/a><\/p>\n","protected":false},"excerpt":{"rendered":"<p>Campagne de dons Octobre 2025 Appel aux dons \u2013 Votre soutien nous est indispensable pour continuer \u00e0 vous fournir le meilleur de l\u2019information internationale alternative. C\u2019est gr\u00e2ce \u00e0 vos dons&hellip; <\/p>\n","protected":false},"author":1,"featured_media":19261,"comment_status":"open","ping_status":"open","sticky":false,"template":"","format":"standard","meta":{"footnotes":""},"categories":[1],"tags":[],"class_list":["post-19260","post","type-post","status-publish","format-standard","has-post-thumbnail","hentry","category-non-classe"],"_links":{"self":[{"href":"https:\/\/monde25.info\/index.php\/wp-json\/wp\/v2\/posts\/19260","targetHints":{"allow":["GET"]}}],"collection":[{"href":"https:\/\/monde25.info\/index.php\/wp-json\/wp\/v2\/posts"}],"about":[{"href":"https:\/\/monde25.info\/index.php\/wp-json\/wp\/v2\/types\/post"}],"author":[{"embeddable":true,"href":"https:\/\/monde25.info\/index.php\/wp-json\/wp\/v2\/users\/1"}],"replies":[{"embeddable":true,"href":"https:\/\/monde25.info\/index.php\/wp-json\/wp\/v2\/comments?post=19260"}],"version-history":[{"count":0,"href":"https:\/\/monde25.info\/index.php\/wp-json\/wp\/v2\/posts\/19260\/revisions"}],"wp:featuredmedia":[{"embeddable":true,"href":"https:\/\/monde25.info\/index.php\/wp-json\/wp\/v2\/media\/19261"}],"wp:attachment":[{"href":"https:\/\/monde25.info\/index.php\/wp-json\/wp\/v2\/media?parent=19260"}],"wp:term":[{"taxonomy":"category","embeddable":true,"href":"https:\/\/monde25.info\/index.php\/wp-json\/wp\/v2\/categories?post=19260"},{"taxonomy":"post_tag","embeddable":true,"href":"https:\/\/monde25.info\/index.php\/wp-json\/wp\/v2\/tags?post=19260"}],"curies":[{"name":"wp","href":"https:\/\/api.w.org\/{rel}","templated":true}]}}