{"id":19266,"date":"2025-11-12T08:46:35","date_gmt":"2025-11-12T07:46:35","guid":{"rendered":"https:\/\/monde25.info\/index.php\/2025\/11\/12\/au-bresil-loffensive-de-lagrobusiness-contre-la-cop30\/"},"modified":"2025-11-12T08:46:35","modified_gmt":"2025-11-12T07:46:35","slug":"au-bresil-loffensive-de-lagrobusiness-contre-la-cop30","status":"publish","type":"post","link":"https:\/\/monde25.info\/index.php\/2025\/11\/12\/au-bresil-loffensive-de-lagrobusiness-contre-la-cop30\/","title":{"rendered":"Au Br\u00e9sil, l&#039;offensive de l&#039;agrobusiness contre la COP30"},"content":{"rendered":"<p> <br \/>\n<br \/><img loading=\"lazy\" decoding=\"async\" src=\"https:\/\/reporterre.net\/local\/cache-vignettes\/L700xH467\/reporterredef-1_1_-81ba5.jpg?1762929367\" class=\"spip_logo\" width=\"700\" height=\"467\" alt=\"\" \/><\/p>\n<p>Alors que la <span class=\"caps\">COP30<\/span> d\u00e9bute aux portes de l&rsquo;Amazonie, de riches propri\u00e9taires de terres ass\u00e8nent de fake news le d\u00e9bat sur la d\u00e9forestation. Reporterre a rencontr\u00e9 l&rsquo;un de ces leaders, cow-boy pro-Trump r\u00e9solument anti-\u00e9cologiste. <br class=\"autobr\" \/><br \/>\nCana\u00e3 dos Caraj\u00e1s (Br\u00e9sil), reportage <br class=\"autobr\" \/><br \/>\nDes terres d&rsquo;ocre, une chaleur suffocante et, \u00e7\u00e0 et l\u00e0, de rares arbres ch\u00e9tifs pour se mettre \u00e0 l&rsquo;ombre. On a beau se pincer, aucun doute n&rsquo;est possible\u00a0: nous sommes bel et bien en pleine Amazonie. Bienvenue \u00e0 Cana\u00e3 dos\u00a0(\u2026)<\/p>\n<p>                    <a target=\"_blank\" href=\"https:\/\/reporterre.net\/Au-Bresil-l-offensive-de-l-agrobusiness-contre-la-COP30?utm_source=RSS&amp;utm_medium=RSS\">Lire la suite<\/a><\/p>\n<p>                    &#8211;<br \/>\n                        <a target=\"_blank\" href=\"https:\/\/reporterre.net\/Reportage\" rel=\"directory\">Reportage<\/a><\/p>\n<p>                    \/<br \/>\n                        <a target=\"_blank\" href=\"https:\/\/reporterre.net\/COP30\" rel=\"tag\"><span class=\"caps\">COP30<\/span><\/a><br \/>\n<br \/><br \/>\n<br \/><a href=\"https:\/\/reporterre.net\/Au-Bresil-l-offensive-de-l-agrobusiness-contre-la-COP30\" target=\"_blank\"\">Source link <\/a><\/p>\n","protected":false},"excerpt":{"rendered":"<p>Alors que la COP30 d\u00e9bute aux portes de l&rsquo;Amazonie, de riches propri\u00e9taires de terres ass\u00e8nent de fake news le d\u00e9bat sur la d\u00e9forestation. Reporterre a rencontr\u00e9 l&rsquo;un de ces leaders,&hellip; <\/p>\n","protected":false},"author":1,"featured_media":0,"comment_status":"open","ping_status":"open","sticky":false,"template":"","format":"standard","meta":{"footnotes":""},"categories":[1],"tags":[],"class_list":["post-19266","post","type-post","status-publish","format-standard","hentry","category-non-classe"],"_links":{"self":[{"href":"https:\/\/monde25.info\/index.php\/wp-json\/wp\/v2\/posts\/19266","targetHints":{"allow":["GET"]}}],"collection":[{"href":"https:\/\/monde25.info\/index.php\/wp-json\/wp\/v2\/posts"}],"about":[{"href":"https:\/\/monde25.info\/index.php\/wp-json\/wp\/v2\/types\/post"}],"author":[{"embeddable":true,"href":"https:\/\/monde25.info\/index.php\/wp-json\/wp\/v2\/users\/1"}],"replies":[{"embeddable":true,"href":"https:\/\/monde25.info\/index.php\/wp-json\/wp\/v2\/comments?post=19266"}],"version-history":[{"count":0,"href":"https:\/\/monde25.info\/index.php\/wp-json\/wp\/v2\/posts\/19266\/revisions"}],"wp:attachment":[{"href":"https:\/\/monde25.info\/index.php\/wp-json\/wp\/v2\/media?parent=19266"}],"wp:term":[{"taxonomy":"category","embeddable":true,"href":"https:\/\/monde25.info\/index.php\/wp-json\/wp\/v2\/categories?post=19266"},{"taxonomy":"post_tag","embeddable":true,"href":"https:\/\/monde25.info\/index.php\/wp-json\/wp\/v2\/tags?post=19266"}],"curies":[{"name":"wp","href":"https:\/\/api.w.org\/{rel}","templated":true}]}}