{"id":19267,"date":"2025-11-12T09:19:36","date_gmt":"2025-11-12T08:19:36","guid":{"rendered":"https:\/\/monde25.info\/index.php\/2025\/11\/12\/des-solutions-pour-sauver-les-forets-francaises\/"},"modified":"2025-11-12T09:19:36","modified_gmt":"2025-11-12T08:19:36","slug":"des-solutions-pour-sauver-les-forets-francaises","status":"publish","type":"post","link":"https:\/\/monde25.info\/index.php\/2025\/11\/12\/des-solutions-pour-sauver-les-forets-francaises\/","title":{"rendered":"Des solutions pour sauver les for\u00eats fran\u00e7aises"},"content":{"rendered":"<p> <br \/>\n<\/p>\n<div>\n<h4><strong>80\u2009%. C\u2019est le pourcentage d\u2019esp\u00e8ces <\/strong><strong>\u00ab <\/strong><strong>vivantes <\/strong><strong>\u00bb <\/strong><strong>qu\u2019abritent for\u00eats et sols fran\u00e7ais, mais aussi <\/strong><strong>celui de l\u2019augmentation de la mortalit\u00e9 des arbres en 10 ans, d\u2019apr\u00e8s <a target=\"_blank\" href=\"https:\/\/www.ign.fr\/espace-presse\/les-donnees-de-linventaire-forestier-national-confirment-limpact-du-changement-climatique-sur-la-sante-des-forets-francaises#:~:text=se%20lisent%20sur%20la%20sant%C3%A9,de%2080%20%25%20en%20dix%20ans.\">l\u2019inventaire forestier national<\/a><\/strong><strong>. Deuxi\u00e8me puits mondial de carbone apr\u00e8s l\u2019oc\u00e9an, la for\u00eat s\u00e9questre <a target=\"_blank\" href=\"https:\/\/lejournal.cnrs.fr\/articles\/la-foret-au-defi-du-changement-climatique-0\">1,5 fois plus de carbone que ce que les \u00c9tats-Unis \u00e9mettent annuellement<\/a>. Beaucoup d\u2019essences sont concern\u00e9es : incendies, faible r\u00e9sistance \u00e0 la chaleur, vuln\u00e9rabilit\u00e9 aux maladies ou aux parasites. Mais comment sauver nos for\u00eats ?<\/strong><\/h4>\n<p>L\u2019inventaire forestier national est sans appel : les<a target=\"_blank\" href=\"https:\/\/lejournal.cnrs.fr\/articles\/la-foret-au-defi-du-changement-climatique-0\"> cons\u00e9quences du changement climatique<\/a> se traduisent par <strong>une tr\u00e8s forte augmentation de la mortalit\u00e9 des arbres<\/strong>, passant de 7,4 millions de m\u00e8tres cube par an (Mm3\/an) entre 2005 et 2013 \u00e0 13,1 Mm3\/an entre 2013 et 2021. <strong>Leur croissance est aussi impact\u00e9e,<\/strong> avec une baisse significative de 4 % : <em>\u00ab<\/em> <i>la surface foresti\u00e8re touch\u00e9e actuellement par le d\u00e9p\u00e9rissement est \u00e9quivalente au cumul des surfaces touch\u00e9es par les incendies de ces 35 derni\u00e8res ann\u00e9es <\/i><em>\u00bb<\/em>, conclut sinistrement l\u2019inventaire.<\/p>\n<h2><strong>Des essences particuli\u00e8rement touch\u00e9es<\/strong><\/h2>\n<p>Sur le podium des <a target=\"_blank\" href=\"https:\/\/www.onf.fr\/vivre-la-foret\/%2B\/1feb::deperissement-des-forets-quel-etat-des-lieux-aujourdhui.html\">esp\u00e8ces les plus touch\u00e9es<\/a> par la mortalit\u00e9 se retrouve d\u2019abord l\u2019\u00e9pic\u00e9a, devant le ch\u00e2taignier et le fr\u00eane. Sur la p\u00e9riode 2018-2022, <strong>la production de bois d\u2019\u00e9pic\u00e9a est inf\u00e9rieure aux coupes et \u00e0 la mortalit\u00e9,<\/strong> tr\u00e8s fortement li\u00e9es \u00e0 un petit col\u00e9opt\u00e8re, <strong>le scolyte, qui profite du prolongement des saisons chaudes et des hivers doux pour prolif\u00e9rer, se loger et se nourrir dans les \u00e9pic\u00e9as communs.<\/strong><\/p>\n<p>Roulement de tambours : <strong>comment lutte-t-on \u00e0 l\u2019heure actuelle contre les scolytes ? En faisant des coupes d\u2019\u00e9pic\u00e9a.<\/strong> <strong>Un cercle vicieux donc<\/strong>, comme on en compte beaucoup dans les probl\u00e9matiques du changement climatique.<\/p>\n<figure id=\"attachment_688142\" aria-describedby=\"caption-attachment-688142\" style=\"width: 1024px\" class=\"wp-caption alignnone\"><img fetchpriority=\"high\" decoding=\"async\" class=\"wp-image-688142 size-medium\" src=\"https:\/\/mrmondialisation.org\/wp-content\/uploads\/2024\/10\/picea-1024x768.jpg\" alt=\"\" width=\"1024\" height=\"768\" srcset=\"https:\/\/mrmondialisation.org\/wp-content\/uploads\/2024\/10\/picea-1024x768.jpg 1024w, https:\/\/mrmondialisation.org\/wp-content\/uploads\/2024\/10\/picea-768x576.jpg 768w, https:\/\/mrmondialisation.org\/wp-content\/uploads\/2024\/10\/picea-696x522.jpg 696w, https:\/\/mrmondialisation.org\/wp-content\/uploads\/2024\/10\/picea-1068x801.jpg 1068w, https:\/\/mrmondialisation.org\/wp-content\/uploads\/2024\/10\/picea-560x420.jpg 560w, https:\/\/mrmondialisation.org\/wp-content\/uploads\/2024\/10\/picea-80x60.jpg 80w, https:\/\/mrmondialisation.org\/wp-content\/uploads\/2024\/10\/picea-265x198.jpg 265w, https:\/\/mrmondialisation.org\/wp-content\/uploads\/2024\/10\/picea.jpg 1500w\" sizes=\"(max-width: 1024px) 100vw, 1024px\"\/><figcaption id=\"caption-attachment-688142\" class=\"wp-caption-text\">Photo de <a target=\"_blank\" href=\"https:\/\/unsplash.com\/fr\/@toexels?utm_content=creditCopyText&amp;utm_medium=referral&amp;utm_source=unsplash\">Ties Rademacher<\/a> sur <a target=\"_blank\" href=\"https:\/\/unsplash.com\/fr\/photos\/photo-aerienne-de-pins-iBXOYQ3ZhWU?utm_content=creditCopyText&amp;utm_medium=referral&amp;utm_source=unsplash\">Unsplash<\/a><\/figcaption><\/figure>\n<p>De la m\u00eame mani\u00e8re, le fr\u00eane souffre de la chalarose, caus\u00e9e par le champignon <i>Hymenoscyphus fraxineus<\/i>, qui appr\u00e9cie la compagnie d\u2019un autre col\u00e9opt\u00e8re : l\u2019agrite du fr\u00eane. <strong>Aucune mesure de traitement n\u2019existe en dehors de coupes et d\u2019abattage<\/strong> pour \u00e9viter la propagation de ce duo meurtrier.<\/p>\n<p><strong>Certains fr\u00eanes montrent heureusement une r\u00e9sistance naturelle \u00e0 la maladie,<\/strong> un espoir pour la s\u00e9lection et la plantation de souches plus r\u00e9sistantes, et pour le ph\u00e9nom\u00e8ne de \u00ab r\u00e9sistance crois\u00e9e \u00bb \u2013 la r\u00e9sistance \u00e0 l\u2019un aide \u00e0 r\u00e9sister \u00e0 l\u2019autre <a target=\"_blank\" href=\"https:\/\/nph.onlinelibrary.wiley.com\/doi\/10.1111\/nph.19068\">\u2013 selon le chercheur Michael Eisenring.<\/a><\/p>\n<p>Enfin, <strong>le ch\u00e2taignier dispute la troisi\u00e8me place avec le pin, le ch\u00eane, le sapin,<\/strong> et bien d\u2019autres,<strong> tous victimes de parasites, s\u00e9cheresses et feu de for\u00eats<\/strong>.<\/p>\n<h2><strong>Le d\u00e9clin des puits de carbone<\/strong><\/h2>\n<p>Les for\u00eats fran\u00e7aises ne font pas exception et les m\u00eames constats sont dress\u00e9s partout dans le monde. Sans parler de la d\u00e9forestation qui a augment\u00e9, en Amazonie, de 33\u2009% par rapport \u00e0 2023 selon les donn\u00e9es de l\u2019Institut National de Recherche Spatiales (INPE), l\u2019Afrique n\u2019est pas en reste, avec, <strong>sur la p\u00e9riode 2010-2020, une disparition nette de 3,94 millions d\u2019hectares de for\u00eats<\/strong>, un chiffre en hausse par rapport aux d\u00e9cennies pr\u00e9c\u00e9dentes et tr\u00e8s sup\u00e9rieur \u00e0 celui de l\u2019Am\u00e9rique du Sud (2,60 millions d\u2019hectares), selon <a target=\"_blank\" href=\"https:\/\/fondation-farm.org\/lagriculture-cause-majeure-de-la-deforestation-en-afrique\/#:~:text=Le%20cas%20de%20l'Afrique,%2C60%20millions%20d'hectares)\">la fondation FARM<\/a>.<\/p>\n<figure id=\"attachment_688143\" aria-describedby=\"caption-attachment-688143\" style=\"width: 1024px\" class=\"wp-caption alignnone\"><img loading=\"lazy\" decoding=\"async\" class=\"wp-image-688143 size-medium\" src=\"https:\/\/mrmondialisation.org\/wp-content\/uploads\/2024\/10\/foret-2-1024x768.jpg\" alt=\"\" width=\"1024\" height=\"768\" srcset=\"https:\/\/mrmondialisation.org\/wp-content\/uploads\/2024\/10\/foret-2-1024x768.jpg 1024w, https:\/\/mrmondialisation.org\/wp-content\/uploads\/2024\/10\/foret-2-768x576.jpg 768w, https:\/\/mrmondialisation.org\/wp-content\/uploads\/2024\/10\/foret-2-696x522.jpg 696w, https:\/\/mrmondialisation.org\/wp-content\/uploads\/2024\/10\/foret-2-1068x801.jpg 1068w, https:\/\/mrmondialisation.org\/wp-content\/uploads\/2024\/10\/foret-2-560x420.jpg 560w, https:\/\/mrmondialisation.org\/wp-content\/uploads\/2024\/10\/foret-2-80x60.jpg 80w, https:\/\/mrmondialisation.org\/wp-content\/uploads\/2024\/10\/foret-2-265x198.jpg 265w, https:\/\/mrmondialisation.org\/wp-content\/uploads\/2024\/10\/foret-2.jpg 1500w\" sizes=\"auto, (max-width: 1024px) 100vw, 1024px\"\/><figcaption id=\"caption-attachment-688143\" class=\"wp-caption-text\">Photo de <a target=\"_blank\" href=\"https:\/\/unsplash.com\/fr\/@outoforbit?utm_content=creditCopyText&amp;utm_medium=referral&amp;utm_source=unsplash\">Gustav Gullstrand<\/a> sur <a target=\"_blank\" href=\"https:\/\/unsplash.com\/fr\/photos\/pins-verts-d6kSvT2xZQo?utm_content=creditCopyText&amp;utm_medium=referral&amp;utm_source=unsplash\">Unsplash<\/a><\/figcaption><\/figure>\n<p>Il fut un temps o\u00f9, bas\u00e9 sur les \u00ab performances \u00bb des puits de carbone des derni\u00e8res d\u00e9cennies, on crut \u00e0 l\u2019augmentation infinie de leur capacit\u00e9 \u00e0 le s\u00e9questrer. Malheureusement, <strong>ces capacit\u00e9s ont chut\u00e9 en 2023, entre autres, \u00e0 cause des s\u00e9cheresses et incendies<\/strong>. (De quoi nous rappeler certains scenarii sur la croissance infinie). Les premi\u00e8res hypoth\u00e8ses avanc\u00e8rent que 2023 \u00e9tait l\u2019ann\u00e9e la plus chaude jamais enregistr\u00e9e, avec une tr\u00e8s forte concentration de CO2 dans l\u2019atmosph\u00e8re \u2013 pr\u00e8s de 86\u2009% par rapport \u00e0 2022 \u2013 jusqu\u2019\u00e0 ce que l\u2019\u00e9t\u00e9 2024 d\u00e9passe celui de 2023.<\/p>\n<p><a target=\"_blank\" href=\"https:\/\/www.ign.fr\/espace-presse\/les-donnees-de-linventaire-forestier-national-confirment-limpact-du-changement-climatique-sur-la-sante-des-forets-francaises#:~:text=se%20lisent%20sur%20la%20sant%C3%A9,de%2080%20%25%20en%20dix%20ans.\">L\u2019inventaire forestier national de l\u2019IGN<\/a> confirme ces donn\u00e9es sur la derni\u00e8re d\u00e9cennie \u00e9tudi\u00e9e : <em>\u00ab<\/em> <i>le puits [ndlr les for\u00eats] s\u2019est e\u0301tabli a\u0300 40 millions de tonnes de CO2 par an en moyenne sur la pe\u0301riode 2013-2021, <strong>diminuant d\u2019un tiers en une de\u0301cennie <\/strong><\/i><em><strong>\u00bb<\/strong><\/em>. Pire, <strong>certaines for\u00eats pourraient \u00e9mettre plus de CO2 qu\u2019elles n\u2019en capturent,<\/strong> ce qui, d\u2019apr\u00e8s Philippe Ciais, du Laboratoire des sciences du climat et de l\u2019environnement, <a target=\"_blank\" href=\"https:\/\/lejournal.cnrs.fr\/articles\/la-foret-au-defi-du-changement-climatique-0\">pourrait se produire d\u2019ici 2026<\/a>, si les tendances observ\u00e9es depuis quinze ans se poursuivent.<\/p>\n<div class=\"td-a-rec td-a-rec-id-content_inline  tdi_1 td_block_template_1\">\n<span class=\"td-adspot-title\">&#8211; Pour une information libre ! &#8211;<\/span><a target=\"_blank\" href=\"https:\/\/fr.tipeee.com\/mr-mondialisation\" class=\"tipeee-project-small\">Soutenir Mr Japanization sur Tipeee<\/a>\n<\/div>\n<h2><strong>Et si on arr\u00eatait le massacre ?<\/strong><\/h2>\n<figure id=\"attachment_688145\" aria-describedby=\"caption-attachment-688145\" style=\"width: 1024px\" class=\"wp-caption alignnone\"><img loading=\"lazy\" decoding=\"async\" class=\"wp-image-688145 size-medium\" src=\"https:\/\/mrmondialisation.org\/wp-content\/uploads\/2024\/10\/foret-4-1024x683.jpg\" alt=\"\" width=\"1024\" height=\"683\" srcset=\"https:\/\/mrmondialisation.org\/wp-content\/uploads\/2024\/10\/foret-4-1024x683.jpg 1024w, https:\/\/mrmondialisation.org\/wp-content\/uploads\/2024\/10\/foret-4-768x512.jpg 768w, https:\/\/mrmondialisation.org\/wp-content\/uploads\/2024\/10\/foret-4-696x464.jpg 696w, https:\/\/mrmondialisation.org\/wp-content\/uploads\/2024\/10\/foret-4-1068x712.jpg 1068w, https:\/\/mrmondialisation.org\/wp-content\/uploads\/2024\/10\/foret-4-630x420.jpg 630w, https:\/\/mrmondialisation.org\/wp-content\/uploads\/2024\/10\/foret-4.jpg 1500w\" sizes=\"auto, (max-width: 1024px) 100vw, 1024px\"\/><figcaption id=\"caption-attachment-688145\" class=\"wp-caption-text\">Photo de <a target=\"_blank\" href=\"https:\/\/unsplash.com\/fr\/@anniespratt?utm_content=creditCopyText&amp;utm_medium=referral&amp;utm_source=unsplash\">Annie Spratt<\/a> sur <a target=\"_blank\" href=\"https:\/\/unsplash.com\/fr\/photos\/un-tas-de-buches-assis-au-milieu-dune-foret-Qd2frxnJPnI?utm_content=creditCopyText&amp;utm_medium=referral&amp;utm_source=unsplash\">Unsplash<\/a><\/figcaption><\/figure>\n<p>L\u2019id\u00e9e est simple comme bonjour : <strong>planter des arbres adapt\u00e9s aux nouvelles conditions climatiques d\u2019un lieu donn\u00e9<\/strong>. Par exemple, <strong>dans la moiti\u00e9 nord de la France, qui subit aussi des s\u00e9cheresses de plus en plus fr\u00e9quentes, les ch\u00eanes verts ou tauzins qui consomment peu d\u2019eau, pourraient assister leurs cousins locaux<\/strong>. Une \u00e9quipe de scientifiques a cr\u00e9\u00e9 les jardins partag\u00e9s, espaces de cohabitation entre des esp\u00e8ces d\u2019ici et d\u2019ailleurs.<\/p>\n<p>Alexis Ducousso, g\u00e9n\u00e9ticien \u00e0 l\u2019Institut national de recherche pour l\u2019agriculture, l\u2019alimentation et l\u2019environnement, raconte :<\/p>\n<blockquote>\n<p><strong>\u00ab <i>Nous y avons plant\u00e9 107 populations d\u2019arbres venant de toute l\u2019Europe, avec l\u2019objectif d\u2019\u00e9valuer ce \u201cm\u00e9lange\u201d sur trente ans. Nos r\u00e9sultats montrent notamment que le ch\u00eane sessile est particuli\u00e8rement adaptable : il s\u2019\u00e9panouit sans broncher de l\u2019\u00c9cosse \u00e0 la Turquie. De m\u00eame, le sudiste ch\u00eane pubescent peut migrer vers les Hauts-de-France sans trop de probl\u00e8me<\/i>. <em>\u00bb<\/em><\/strong><\/p>\n<\/blockquote>\n<p>Malheureusement, <a target=\"_blank\" href=\"https:\/\/nsojournals.onlinelibrary.wiley.com\/doi\/10.1111\/oik.10248\">la migration montre ses limites<\/a> :\u00a0 <strong>un arbre qui a besoin de moins d\u2019eau pour vivre en bonne sant\u00e9 humidifie moins la for\u00eat<\/strong>. Pour les autres essences ou pour les animaux, aussi ceux que nous sommes, <strong>ce type d\u2019arbres serait moins efficace pour contrer les canicules, et pourrait m\u00eame acc\u00e9l\u00e9rer les s\u00e9cheresses<\/strong>. Idem, si l\u2019on donne plus de place aux pins et aux eucalyptus, tr\u00e8s inflammables, ne pourrait-on pas augmenter les feux de for\u00eats ?<\/p>\n<figure id=\"attachment_688146\" aria-describedby=\"caption-attachment-688146\" style=\"width: 1024px\" class=\"wp-caption alignnone\"><img loading=\"lazy\" decoding=\"async\" class=\"wp-image-688146 size-medium\" src=\"https:\/\/mrmondialisation.org\/wp-content\/uploads\/2024\/10\/foret-5-1024x683.jpg\" alt=\"\" width=\"1024\" height=\"683\" srcset=\"https:\/\/mrmondialisation.org\/wp-content\/uploads\/2024\/10\/foret-5-1024x683.jpg 1024w, https:\/\/mrmondialisation.org\/wp-content\/uploads\/2024\/10\/foret-5-768x512.jpg 768w, https:\/\/mrmondialisation.org\/wp-content\/uploads\/2024\/10\/foret-5-696x464.jpg 696w, https:\/\/mrmondialisation.org\/wp-content\/uploads\/2024\/10\/foret-5-1068x712.jpg 1068w, https:\/\/mrmondialisation.org\/wp-content\/uploads\/2024\/10\/foret-5-630x420.jpg 630w, https:\/\/mrmondialisation.org\/wp-content\/uploads\/2024\/10\/foret-5.jpg 1500w\" sizes=\"auto, (max-width: 1024px) 100vw, 1024px\"\/><figcaption id=\"caption-attachment-688146\" class=\"wp-caption-text\">Photo de <a target=\"_blank\" href=\"https:\/\/unsplash.com\/fr\/@ashwinward18?utm_content=creditCopyText&amp;utm_medium=referral&amp;utm_source=unsplash\">Andr\u00e9 Cogez<\/a> sur <a target=\"_blank\" href=\"https:\/\/unsplash.com\/fr\/photos\/une-riviere-qui-coule-a-travers-une-foret-verdoyante-MWyVl8VjZdw?utm_content=creditCopyText&amp;utm_medium=referral&amp;utm_source=unsplash\">Unsplash<\/a><\/figcaption><\/figure>\n<h2><strong>La mangrove, superstar et super stock (de carbone)<\/strong><\/h2>\n<p><strong>La mangrove<\/strong> \u2013 \u00e9cosyst\u00e8me c\u00f4tier tropical typiquement caract\u00e9ris\u00e9 par des arbres et des arbustes adapt\u00e9s \u00e0 des conditions de variations de salinit\u00e9 et de niveaux d\u2019eau \u2013 <a target=\"_blank\" href=\"https:\/\/lejournal.cnrs.fr\/articles\/la-foret-au-defi-du-changement-climatique-0\"><strong>stocke jusqu\u2019\u00e0 4 fois plus de carbone que les for\u00eats.<\/strong><\/a><\/p>\n<p><strong>En plus de stocker du carbone, les mangroves prot\u00e8gent les littoraux des temp\u00eates<\/strong>, freinent l\u2019\u00e9rosion des c\u00f4tes, filtrent les pollutions et sont de v\u00e9ritables nurseries pour la biodiversit\u00e9 marine. Pourtant, on ne cesse de les d\u00e9truire partout dans le monde, <strong>pour l\u2019\u00e9levage intensif de crevette en Asie ou pour le charbon de bois en Afrique, si ce n\u2019est pour les constructions littorales d\u00e9j\u00e0 fragilis\u00e9es par l\u2019\u00e9rosion.<\/strong><\/p>\n<figure id=\"attachment_688147\" aria-describedby=\"caption-attachment-688147\" style=\"width: 1024px\" class=\"wp-caption alignnone\"><img loading=\"lazy\" decoding=\"async\" class=\"wp-image-688147 size-medium\" src=\"https:\/\/mrmondialisation.org\/wp-content\/uploads\/2024\/10\/foret-6-1024x768.jpg\" alt=\"\" width=\"1024\" height=\"768\" srcset=\"https:\/\/mrmondialisation.org\/wp-content\/uploads\/2024\/10\/foret-6-1024x768.jpg 1024w, https:\/\/mrmondialisation.org\/wp-content\/uploads\/2024\/10\/foret-6-768x576.jpg 768w, https:\/\/mrmondialisation.org\/wp-content\/uploads\/2024\/10\/foret-6-696x522.jpg 696w, https:\/\/mrmondialisation.org\/wp-content\/uploads\/2024\/10\/foret-6-1068x801.jpg 1068w, https:\/\/mrmondialisation.org\/wp-content\/uploads\/2024\/10\/foret-6-560x420.jpg 560w, https:\/\/mrmondialisation.org\/wp-content\/uploads\/2024\/10\/foret-6-80x60.jpg 80w, https:\/\/mrmondialisation.org\/wp-content\/uploads\/2024\/10\/foret-6-265x198.jpg 265w, https:\/\/mrmondialisation.org\/wp-content\/uploads\/2024\/10\/foret-6.jpg 1500w\" sizes=\"auto, (max-width: 1024px) 100vw, 1024px\"\/><figcaption id=\"caption-attachment-688147\" class=\"wp-caption-text\">Photo de <a target=\"_blank\" href=\"https:\/\/unsplash.com\/fr\/@joelvodell?utm_content=creditCopyText&amp;utm_medium=referral&amp;utm_source=unsplash\">Joel Vodell<\/a> sur <a target=\"_blank\" href=\"https:\/\/unsplash.com\/fr\/photos\/vue-aerienne-dun-plan-deau-entoure-darbres-BSlEq_yMQIE?utm_content=creditCopyText&amp;utm_medium=referral&amp;utm_source=unsplash\">Unsplash<\/a><\/figcaption><\/figure>\n<h2><strong>La libert\u00e9 des for\u00eats !<\/strong><\/h2>\n<p><strong><a target=\"_blank\" href=\"https:\/\/mrmondialisation.org\/forets-abimees-regenerer-stocker-co2\/\">Restaurer les \u00e9cosyst\u00e8mes forestiers<\/a> \u00e0 leur \u00e9tat sauvage <\/strong>permet de\u00a0cr\u00e9er des for\u00eats diversifi\u00e9es. Ces for\u00eats sont naturellement caract\u00e9ris\u00e9es par une multitude de processus \u00e9cologiques complexes qui leur conf\u00e8rent une grande r\u00e9silience face aux perturbations.<\/p>\n<p>Parmi les d\u00e9fenseurs les plus remarquables de cette cause se trouve <strong>le botaniste Francis Hall\u00e9.<\/strong> Particuli\u00e8rement connu pour son engagement en faveur du retour des for\u00eats primaires en Europe, Hall\u00e9 souligne que <strong>les for\u00eats primaires, qui n\u2019ont jamais \u00e9t\u00e9 touch\u00e9es par les activit\u00e9s humaines, sont essentielles<\/strong> non seulement pour la<a target=\"_blank\" href=\"https:\/\/crbe.cnrs.fr\/cnrs-le-journal-la-foret-un-reservoir-de-biodiversite-fragilise\/\"> biodiversit\u00e9<\/a>, mais aussi pour la sant\u00e9 \u00e9cologique globale de la plan\u00e8te. Elles agissent comme <strong>des r\u00e9servoirs de biodiversit\u00e9, des puits de carbone et des protecteurs naturels contre l\u2019\u00e9rosion des sols et les catastrophes naturelles.<\/strong><\/p>\n<figure id=\"attachment_688148\" aria-describedby=\"caption-attachment-688148\" style=\"width: 1024px\" class=\"wp-caption alignnone\"><img loading=\"lazy\" decoding=\"async\" class=\"wp-image-688148 size-medium\" src=\"https:\/\/mrmondialisation.org\/wp-content\/uploads\/2024\/10\/foret-de-bialowieski-1024x769.jpg\" alt=\"\" width=\"1024\" height=\"769\" srcset=\"https:\/\/mrmondialisation.org\/wp-content\/uploads\/2024\/10\/foret-de-bialowieski-1024x769.jpg 1024w, https:\/\/mrmondialisation.org\/wp-content\/uploads\/2024\/10\/foret-de-bialowieski-768x577.jpg 768w, https:\/\/mrmondialisation.org\/wp-content\/uploads\/2024\/10\/foret-de-bialowieski-696x522.jpg 696w, https:\/\/mrmondialisation.org\/wp-content\/uploads\/2024\/10\/foret-de-bialowieski-1068x802.jpg 1068w, https:\/\/mrmondialisation.org\/wp-content\/uploads\/2024\/10\/foret-de-bialowieski-560x420.jpg 560w, https:\/\/mrmondialisation.org\/wp-content\/uploads\/2024\/10\/foret-de-bialowieski-80x60.jpg 80w, https:\/\/mrmondialisation.org\/wp-content\/uploads\/2024\/10\/foret-de-bialowieski-265x198.jpg 265w, https:\/\/mrmondialisation.org\/wp-content\/uploads\/2024\/10\/foret-de-bialowieski.jpg 1500w\" sizes=\"auto, (max-width: 1024px) 100vw, 1024px\"\/><figcaption id=\"caption-attachment-688148\" class=\"wp-caption-text\">For\u00eat de Bia\u0142owieski. Source : <a target=\"_blank\" href=\"https:\/\/fr.wikipedia.org\/wiki\/For%C3%AAt_de_Bia%C5%82owie%C5%BCa#\/media\/Fichier:2005-09_Bia%C5%82owieski_Park_Narodowy_3.jpg\">Commons Wikimedia<\/a><\/figcaption><\/figure>\n<p>En Europe, <strong>l\u2019une des derni\u00e8res for\u00eats consid\u00e9r\u00e9es v\u00e9ritablement primaires celle de Bialowieza, \u00e0 la fronti\u00e8re entre la Pologne et la Bi\u00e9lorussie, n\u2019a subi aucune transformation anthropique depuis au moins huit cents ans.<\/strong> Sa protection est donc cruciale, non seulement pour la conservation de ses centaines d\u2019esp\u00e8ces de faune et de flore, mais aussi comme symbole et mod\u00e8le de ce que pourraient \u00eatre d\u2019autres for\u00eats si elles \u00e9taient laiss\u00e9es \u00e0 leur propre dynamique.<\/p>\n<h2><strong>La for\u00eat, une zone de droits et de capital ?<\/strong><\/h2>\n<p>Pourtant, <strong>certains d\u00e9fendent l\u2019id\u00e9e de donner un prix, et donc une valeur aux for\u00eats, pour les faire \u00ab exister \u00bb dans le syst\u00e8me capitaliste actuel<\/strong>. Dans un podcast de France Culture, intitul\u00e9 <a target=\"_blank\" href=\"https:\/\/www.radiofrance.fr\/franceculture\/podcasts\/le-temps-du-debat\/faut-il-donner-un-prix-a-la-nature-pour-la-proteger-7035353\"><i>faut-il donner un prix \u00e0 la nature pour la prot\u00e9ger ?<\/i><\/a>, <strong>Catherine Aubertin, \u00e9conomiste de l\u2019environnement explique le concept de service \u00e9cosyst\u00e9mique<\/strong> de la mani\u00e8re suivante : <em>\u00ab<\/em> <i>Les \u00e9cologues ont introduit la notion de service \u00e9cosyst\u00e9mique afin de d\u00e9fendre la nature. Cette notion englobe l\u2019ensemble des services que la nature peut fournir aux populations, comme par exemple la production alimentaire. Le concept a \u00e9t\u00e9 cr\u00e9\u00e9 pour capter l\u2019attention des d\u00e9cideurs politiques. Aujourd\u2019hui, on assiste \u00e0 l\u2019\u00e9mergence du principe du pollu\u00e9-payeur\u2026 <\/i><em>\u00bb<\/em> L\u2019une des approches consiste \u00e0 <strong>attribuer un prix ou une valeur mon\u00e9taire \u00e0 la nature<\/strong>, de fa\u00e7on similaire \u00e0 ce qui a \u00e9t\u00e9 envisag\u00e9 pour la probl\u00e9matique climatique.<\/p>\n<figure id=\"attachment_688144\" aria-describedby=\"caption-attachment-688144\" style=\"width: 1024px\" class=\"wp-caption alignnone\"><img loading=\"lazy\" decoding=\"async\" class=\"wp-image-688144 size-medium\" src=\"https:\/\/mrmondialisation.org\/wp-content\/uploads\/2024\/10\/foret-3-1024x576.jpg\" alt=\"\" width=\"1024\" height=\"576\" srcset=\"https:\/\/mrmondialisation.org\/wp-content\/uploads\/2024\/10\/foret-3-1024x576.jpg 1024w, https:\/\/mrmondialisation.org\/wp-content\/uploads\/2024\/10\/foret-3-768x432.jpg 768w, https:\/\/mrmondialisation.org\/wp-content\/uploads\/2024\/10\/foret-3-696x392.jpg 696w, https:\/\/mrmondialisation.org\/wp-content\/uploads\/2024\/10\/foret-3-1068x601.jpg 1068w, https:\/\/mrmondialisation.org\/wp-content\/uploads\/2024\/10\/foret-3-746x420.jpg 746w, https:\/\/mrmondialisation.org\/wp-content\/uploads\/2024\/10\/foret-3.jpg 1500w\" sizes=\"auto, (max-width: 1024px) 100vw, 1024px\"\/><figcaption id=\"caption-attachment-688144\" class=\"wp-caption-text\">Photo de <a target=\"_blank\" href=\"https:\/\/unsplash.com\/fr\/@sakulich?utm_content=creditCopyText&amp;utm_medium=referral&amp;utm_source=unsplash\">Sergei A<\/a> sur <a target=\"_blank\" href=\"https:\/\/unsplash.com\/fr\/photos\/pine-trees-field-near-mountain-under-sunset--heLWtuAN3c?utm_content=creditCopyText&amp;utm_medium=referral&amp;utm_source=unsplash\">Unsplash<\/a><\/figcaption><\/figure>\n<p>Parce qu\u2019aujourd\u2019hui, dans de nombreux pays, les entreprises sont des personnes, alors que ni les animaux, ni les v\u00e9g\u00e9taux ne le sont, l\u2019avocat sud-africain Cormac Cullinan, fondateur du mouvement des droits du vivant, <strong>cherche \u00e0 donner une personnalit\u00e9 juridique \u00e0 la for\u00eat<\/strong>.<\/p>\n<p>De nombreuses initiatives vont d\u00e9j\u00e0 dans ce sens : <strong>la Nouvelle-Z\u00e9lande accorde au fleuve Whanganui le statut d\u2019entit\u00e9 vivant en 2017, l\u2019Ouganda reconna\u00eet des droits \u00e0 la nature en 2019, la lagune espagnole Mar Menor obtient le statut de personnalit\u00e9 juridique en 2022. <\/strong>De quoi inspirer les Fran\u00e7ais, qui ont demand\u00e9 une d\u00e9claration des droits de la Loire en 2024.<\/p>\n<p style=\"text-align: right;\"><em>\u2013 <strong>Maureen Damman<\/strong><\/em><\/p>\n<hr\/>\n<p>Photo de Ron Lach. <a target=\"_blank\" href=\"https:\/\/www.pexels.com\/fr-fr\/photo\/paysage-personne-individu-foret-9545081\/\">Pexels.<\/a><\/p>\n<div class=\"td-a-rec td-a-rec-id-content_bottom  tdi_2 td_block_template_1\">\n<span class=\"td-adspot-title\">&#8211; Cet article gratuit et ind\u00e9pendant existe gr\u00e2ce \u00e0 vous &#8211;<\/span><\/p>\n<div class=\"td-all-devices\">\n    <a target=\"_blank\" href=\"https:\/\/mrmondialisation.org\/donation\/\" title=\"Faire_un_don\"><img decoding=\"async\" class=\"donationArticle\" src=\"https:\/\/mrmondialisation.org\/wp-content\/uploads\/2022\/12\/220405-flikalicious-final.jpg\" alt=\"Donation\"\/><\/a>\n<\/div>\n<\/div><\/div>\n<p><br \/>\n<br \/><a href=\"https:\/\/mrmondialisation.org\/forets-francaises-solutions\/\" target=\"_blank\"\">Source link <\/a><\/p>\n","protected":false},"excerpt":{"rendered":"<p>80\u2009%. C\u2019est le pourcentage d\u2019esp\u00e8ces \u00ab vivantes \u00bb qu\u2019abritent for\u00eats et sols fran\u00e7ais, mais aussi celui de l\u2019augmentation de la mortalit\u00e9 des arbres en 10 ans, d\u2019apr\u00e8s l\u2019inventaire forestier national.&hellip; <\/p>\n","protected":false},"author":1,"featured_media":19268,"comment_status":"open","ping_status":"open","sticky":false,"template":"","format":"standard","meta":{"footnotes":""},"categories":[1],"tags":[],"class_list":["post-19267","post","type-post","status-publish","format-standard","has-post-thumbnail","hentry","category-non-classe"],"_links":{"self":[{"href":"https:\/\/monde25.info\/index.php\/wp-json\/wp\/v2\/posts\/19267","targetHints":{"allow":["GET"]}}],"collection":[{"href":"https:\/\/monde25.info\/index.php\/wp-json\/wp\/v2\/posts"}],"about":[{"href":"https:\/\/monde25.info\/index.php\/wp-json\/wp\/v2\/types\/post"}],"author":[{"embeddable":true,"href":"https:\/\/monde25.info\/index.php\/wp-json\/wp\/v2\/users\/1"}],"replies":[{"embeddable":true,"href":"https:\/\/monde25.info\/index.php\/wp-json\/wp\/v2\/comments?post=19267"}],"version-history":[{"count":0,"href":"https:\/\/monde25.info\/index.php\/wp-json\/wp\/v2\/posts\/19267\/revisions"}],"wp:featuredmedia":[{"embeddable":true,"href":"https:\/\/monde25.info\/index.php\/wp-json\/wp\/v2\/media\/19268"}],"wp:attachment":[{"href":"https:\/\/monde25.info\/index.php\/wp-json\/wp\/v2\/media?parent=19267"}],"wp:term":[{"taxonomy":"category","embeddable":true,"href":"https:\/\/monde25.info\/index.php\/wp-json\/wp\/v2\/categories?post=19267"},{"taxonomy":"post_tag","embeddable":true,"href":"https:\/\/monde25.info\/index.php\/wp-json\/wp\/v2\/tags?post=19267"}],"curies":[{"name":"wp","href":"https:\/\/api.w.org\/{rel}","templated":true}]}}