{"id":19273,"date":"2025-11-12T10:58:38","date_gmt":"2025-11-12T09:58:38","guid":{"rendered":"https:\/\/monde25.info\/index.php\/2025\/11\/12\/le-report-de-la-reforme-des-retraites-est-une-heresie-selon-le-patron-du-medef-rt-en-francais\/"},"modified":"2025-11-12T10:58:38","modified_gmt":"2025-11-12T09:58:38","slug":"le-report-de-la-reforme-des-retraites-est-une-heresie-selon-le-patron-du-medef-rt-en-francais","status":"publish","type":"post","link":"https:\/\/monde25.info\/index.php\/2025\/11\/12\/le-report-de-la-reforme-des-retraites-est-une-heresie-selon-le-patron-du-medef-rt-en-francais\/","title":{"rendered":"\u00abLe report de la r\u00e9forme des retraites est une h\u00e9r\u00e9sie\u00bb selon le patron du Medef \u2014 RT en fran\u00e7ais"},"content":{"rendered":"<p> <br \/>\n<br \/><img decoding=\"async\" src=\"https:\/\/mf.b37mrtl.ru\/french\/images\/2025.11\/thumbnail\/6914462d6f7ccc4dde5d9fe8.png\" \/><\/p>\n<div>\n<p class=\"text__summary\">\n                                        Patrick Martin, pr\u00e9sident du Medef, fustige la suspension de la r\u00e9forme Borne, d\u00e9battue ce mercredi \u00e0 l\u2019Assembl\u00e9e. Il y voit une \u00aberreur fatale\u00bb qui creusera le d\u00e9ficit de 15 milliards d\u2019euros d\u2019ici 2035 et p\u00e8sera sur l\u2019emploi et les contribuables.\n                                    <\/p>\n<p>Patrick Martin, \u00e0 la t\u00eate du Medef, d\u00e9nonce vigoureusement le report de la r\u00e9forme des retraites de 2023, qualifi\u00e9 d\u2019\u00ab\u00a0h\u00e9r\u00e9sie\u00a0\u00bb et d\u2019\u00ab\u00a0erreur fatale\u00a0\u00bb dans un entretien donn\u00e9 au <em>Figaro<\/em>.<\/p>\n<div class=\"rtcode\">\n<blockquote class=\"twitter-tweet\">\n<p lang=\"fr\" dir=\"ltr\">On ne r\u00e9pare pas un pays \u00e0 coup de reports ou de suspensions.<br \/>La r\u00e9forme des retraites, ce n\u2019est pas une option \u2014 c\u2019est une n\u00e9cessit\u00e9.<br \/>Reporter ou suspendre , c\u2019est fuir les responsabilit\u00e9s. Et fuir, c\u2019est condamner notre \u00e9conomie et nos jeunes.<br \/>\ud83d\udc49 Mon interview <a target=\"_blank\" href=\"https:\/\/twitter.com\/Le_Figaro?ref_src=twsrc%5Etfw\">@Le_Figaro<\/a>\u2026<\/p>\n<p>\u2014 Patrick Martin (@PatrickMartin_1) <a target=\"_blank\" href=\"https:\/\/twitter.com\/PatrickMartin_1\/status\/1988313074864926891?ref_src=twsrc%5Etfw\">November 11, 2025<\/a><\/p><\/blockquote>\n<\/div>\n<p><a target=\"_blank\" href=\"https:\/\/x.com\/PatrickMartin_1\/status\/1988313074864926891?s=20\"\/>Cette mesure, examin\u00e9e ce 12 novembre \u00e0 l\u2019Assembl\u00e9e nationale dans le cadre du projet de loi de financement de la S\u00e9curit\u00e9 sociale (PLFSS), risque selon lui d\u2019aggraver les finances publiques et l\u2019\u00e9conomie fran\u00e7aise.<\/p>\n<h2>Une concession politique co\u00fbteuse et une \u00abfaute originelle\u00bb<\/h2>\n<p>\u00a0\u00ab\u00a0Ce report, c\u2019est la faute originelle, l\u2019erreur fatale\u00a0\u00bb, ass\u00e8ne Patrick Martin. Pour le pr\u00e9sident du syndicat patronal\u00a0: \u00ab\u00a0les r\u00e9formes Borne et Touraine ne suffisaient d\u00e9j\u00e0 pas \u00e0 assurer l\u2019\u00e9quilibre des retraites. Et aujourd\u2019hui, d\u00e9lib\u00e9r\u00e9ment, on se pr\u00e9dispose \u00e0 creuser encore le d\u00e9ficit des retraites de 15 milliards d\u2019euros \u00e0 horizon 2035\u00a0\u00bb.<\/p>\n<p>Pour le patron des patrons, cette suspension, exig\u00e9e par les socialistes pour \u00e9viter une censure du gouvernement Lecornu, n\u2019est pas seulement une aberration budg\u00e9taire. Elle d\u00e9gradera le taux d\u2019emploi, qui pose d\u00e9j\u00e0 probl\u00e8me et p\u00e8sera in\u00e9vitablement sur les contribuables via une fiscalit\u00e9 accrue. Le gouvernement a m\u00eame \u00e9largi la mesure aux carri\u00e8res longues et \u00e0 certaines cat\u00e9gories de la fonction publique, portant le co\u00fbt \u00e0 300 millions d\u2019euros en 2026 et 1,9 milliard en 2027, financ\u00e9s par une hausse de la CSG sur le patrimoine. Patrick Martin y voit une \u00ab\u00a0surench\u00e8re fiscale\u00a0\u00bb : \u00ab\u00a0Toutes les mesures d\u2019\u00e9conomies sont annul\u00e9es et compens\u00e9es par une augmentation de la fiscalit\u00e9. Je le redis, c\u2019est l\u2019inverse de ce qu\u2019il faut faire\u00a0\u00bb.<br \/>Sur X, la pr\u00e9sidente de la r\u00e9gion \u00cele-de-France, Val\u00e9rie P\u00e9cresse, partage cette indignation : \u00ab\u00a0Jour funeste pour la France [\u2026] Combien d\u2019imp\u00f4ts suppl\u00e9mentaires faudra-t-il voter pour combler un trou qui s\u2019\u00e9l\u00e8ve d\u00e9j\u00e0 \u00e0 des dizaines de milliards par an ?\u00a0\u00bb.<\/p>\n<div class=\"rtcode\">\n<blockquote class=\"twitter-tweet\">\n<p lang=\"fr\" dir=\"ltr\"><a target=\"_blank\" href=\"https:\/\/twitter.com\/hashtag\/Retraites?src=hash&amp;ref_src=twsrc%5Etfw\">#Retraites<\/a>. Jour funeste pour la France. Aujourd&rsquo;hui le PS, le RN, avec l&rsquo;appui des Macronistes &amp; du Modem, votent la faillite programm\u00e9e d&rsquo;un des grands acquis sociaux de notre temps: notre droit \u00e0 la retraite. Quand le mensonge, l&rsquo;\u00e9go\u00efsme et la l\u00e2chet\u00e9 remplacent, en France,\u2026<\/p>\n<p>\u2014 Val\u00e9rie P\u00e9cresse (@vpecresse) <a target=\"_blank\" href=\"https:\/\/twitter.com\/vpecresse\/status\/1988493597113455088?ref_src=twsrc%5Etfw\">November 12, 2025<\/a><\/p><\/blockquote>\n<\/div>\n<p><a target=\"_blank\" href=\"https:\/\/x.com\/vpecresse\/status\/1988493597113455088?s=20\"\/>\u00c0 l\u2019inverse, la CGT, par la voix de Sophie Binet, appelle \u00e0 la gr\u00e8ve le 2 d\u00e9cembre pour accentuer la pression, voyant dans cette suspension une \u00ab\u00a0br\u00e8che dans un totem du macronisme\u00a0\u00bb.<\/p>\n<p>\u00c0 l\u2019Assembl\u00e9e, le vote s\u2019annonce serr\u00e9. PS, RN et Liot devraient approuver l\u2019article 45 bis, tandis que LFI, LR et une partie d\u2019Horizons s\u2019y opposent. Les \u00e9cologistes et les communistes h\u00e9sitent, pla\u00e7ant le MoDem et EPR en arbitres. Pour Patrick Martin, cette \u00ab\u00a0captation du d\u00e9bat\u00a0\u00bb par l\u2019\u00e9quit\u00e9 fiscale masque le vrai enjeu : produire plus de richesses. \u00ab\u00a0La stabilit\u00e9 politique est souhaitable, mais \u00e0 quel prix ?\u00a0\u00bb interroge-t-il, constern\u00e9 par des discussions qu\u2019il juge \u00ab\u00a0irresponsables\u00a0\u00bb et court-termistes.<\/p>\n<\/div>\n<p><script async src=\"\/\/platform.twitter.com\/widgets.js\" charset=\"utf-8\"><\/script><br \/>\n<br \/><br \/>\n<br \/><a href=\"https:\/\/francais.rt.com\/france\/127308-report-reforme-retraites-est-heresie-medef\" target=\"_blank\"\">Source link <\/a><\/p>\n","protected":false},"excerpt":{"rendered":"<p>Patrick Martin, pr\u00e9sident du Medef, fustige la suspension de la r\u00e9forme Borne, d\u00e9battue ce mercredi \u00e0 l\u2019Assembl\u00e9e. Il y voit une \u00aberreur fatale\u00bb qui creusera le d\u00e9ficit de 15 milliards&hellip; <\/p>\n","protected":false},"author":1,"featured_media":19274,"comment_status":"open","ping_status":"open","sticky":false,"template":"","format":"standard","meta":{"footnotes":""},"categories":[1],"tags":[],"class_list":["post-19273","post","type-post","status-publish","format-standard","has-post-thumbnail","hentry","category-non-classe"],"_links":{"self":[{"href":"https:\/\/monde25.info\/index.php\/wp-json\/wp\/v2\/posts\/19273","targetHints":{"allow":["GET"]}}],"collection":[{"href":"https:\/\/monde25.info\/index.php\/wp-json\/wp\/v2\/posts"}],"about":[{"href":"https:\/\/monde25.info\/index.php\/wp-json\/wp\/v2\/types\/post"}],"author":[{"embeddable":true,"href":"https:\/\/monde25.info\/index.php\/wp-json\/wp\/v2\/users\/1"}],"replies":[{"embeddable":true,"href":"https:\/\/monde25.info\/index.php\/wp-json\/wp\/v2\/comments?post=19273"}],"version-history":[{"count":0,"href":"https:\/\/monde25.info\/index.php\/wp-json\/wp\/v2\/posts\/19273\/revisions"}],"wp:featuredmedia":[{"embeddable":true,"href":"https:\/\/monde25.info\/index.php\/wp-json\/wp\/v2\/media\/19274"}],"wp:attachment":[{"href":"https:\/\/monde25.info\/index.php\/wp-json\/wp\/v2\/media?parent=19273"}],"wp:term":[{"taxonomy":"category","embeddable":true,"href":"https:\/\/monde25.info\/index.php\/wp-json\/wp\/v2\/categories?post=19273"},{"taxonomy":"post_tag","embeddable":true,"href":"https:\/\/monde25.info\/index.php\/wp-json\/wp\/v2\/tags?post=19273"}],"curies":[{"name":"wp","href":"https:\/\/api.w.org\/{rel}","templated":true}]}}