{"id":19282,"date":"2025-11-12T15:23:36","date_gmt":"2025-11-12T14:23:36","guid":{"rendered":"https:\/\/monde25.info\/index.php\/2025\/11\/12\/moscou-voit-les-preparations-de-leurope-a-la-guerre-contre-la-russie-affirme-le-kremlin-rt-en-francais\/"},"modified":"2025-11-12T15:23:36","modified_gmt":"2025-11-12T14:23:36","slug":"moscou-voit-les-preparations-de-leurope-a-la-guerre-contre-la-russie-affirme-le-kremlin-rt-en-francais","status":"publish","type":"post","link":"https:\/\/monde25.info\/index.php\/2025\/11\/12\/moscou-voit-les-preparations-de-leurope-a-la-guerre-contre-la-russie-affirme-le-kremlin-rt-en-francais\/","title":{"rendered":"Moscou voit les pr\u00e9parations de l\u2019Europe \u00e0 la guerre contre la Russie, affirme le Kremlin \u2014 RT en fran\u00e7ais"},"content":{"rendered":"<p> <br \/>\n<br \/><img decoding=\"async\" src=\"https:\/\/mf.b37mrtl.ru\/french\/images\/2025.11\/thumbnail\/691493b887f3ec2f720c74a7.jpg\" \/><\/p>\n<div>\n<p class=\"text__summary\">\n                                        Dans une interview accord\u00e9e le 12 novembre, le porte-parole du Kremlin, Dmitri Peskov, affirme percevoir une mont\u00e9e du militarisme en Europe et met en garde contre une pr\u00e9paration ouverte au conflit avec Moscou. Le Kremlin a toutefois anticip\u00e9 la menace et pris des mesures pour garantir la s\u00e9curit\u00e9 nationale.\n                                    <\/p>\n<p>L&rsquo;Europe se pr\u00e9pare \u00e0 la guerre contre la Russie, et Moscou le voit bien, a d\u00e9clar\u00e9 le 12 novembre le porte-parole du Kremlin, Dmitri Peskov, au journaliste Alexandre Iounachev de Life. Selon lui, on observe actuellement dans les pays europ\u00e9ens un fort sentiment \u00ab\u00a0militariste\u00a0\u00bb.<\/p>\n<p>Peskov a soulign\u00e9 l&rsquo;augmentation des budgets militaires dans plusieurs pays europ\u00e9ens. \u00ab\u00a0Certains pays, comme la Pologne, ont d\u00e9j\u00e0 atteint pr\u00e8s de 5\u00a0% [du PIB]. D&rsquo;autres pays suivent cette voie, m\u00eame si cela tue leur \u00e9conomie\u00a0\u00bb, a-t-il expliqu\u00e9. Selon lui, l&rsquo;augmentation des budgets militaires des pays europ\u00e9ens conduit \u00e0 une surcharge de leur \u00e9conomie et peut avoir des cons\u00e9quences plus graves.<\/p>\n<p>N\u00e9anmoins, Moscou a toujours\u00a0pris en compte l&rsquo;existence d&rsquo;un tel danger. C&rsquo;est pourquoi, comme l&rsquo;a assur\u00e9 le porte-parole de Vladimir Poutine, la Russie a pris toutes les mesures n\u00e9cessaires pour garantir ses int\u00e9r\u00eats et sa s\u00e9curit\u00e9 \u00e0 l&rsquo;avance.<\/p>\n<h2>L&rsquo;Europe entend se r\u00e9armer avec des budgets vides<\/h2>\n<p>Au d\u00e9but du mois de mars dernier, la pr\u00e9sidente de la Commission europ\u00e9enne, Ursula von der Leyen, <a target=\"_blank\" href=\"https:\/\/francais.rt.com\/international\/117518-ursula-von-der-leyen-revele-projet-rearmement-europe-augmentation-aide-militaire-ukraine\">a pr\u00e9sent\u00e9<\/a> une nouvelle strat\u00e9gie de d\u00e9fense intitul\u00e9e \u00ab\u00a0ReArm Europe\u00a0\u00bb, qui a \u00e9t\u00e9 approuv\u00e9e le m\u00eame mois et pr\u00e9voit un investissement d&rsquo;environ 800 milliards d&rsquo;euros.<\/p>\n<p>En octobre dernier, la Commission europ\u00e9enne a publi\u00e9 un <a target=\"_blank\" href=\"https:\/\/defence-industry-space.ec.europa.eu\/document\/download\/9db42c04-15c2-42e1-8364-60afb0073e68_en?filename=Joint-Communication%20_Defence-Readiness-Roadmap-2030.pdf\" target=\"_blank\" rel=\"noopener noreferrer\">document<\/a> intitul\u00e9 \u00ab\u00a0Preserving Peace &#8211; Defence Readiness Roadmap 2030\u00a0\u00bb (Pr\u00e9server la paix &#8211; Feuille de route pour la pr\u00e9paration \u00e0 la d\u00e9fense 2030), qui a fait l&rsquo;objet de discussions lors du sommet des dirigeants de l&rsquo;UE \u00e0 Bruxelles le 23 octobre. L&rsquo;ordre du jour de l&rsquo;\u00e9v\u00e8nement comprenait notamment les questions mentionn\u00e9es dans le document concernant l&rsquo;aide militaire \u00e0 l&rsquo;Ukraine et les achats communs en mati\u00e8re de d\u00e9fense des pays de l&rsquo;Union.<\/p>\n<p>Cependant, d&rsquo;aucun pourrait se demander\u00a0comment l&rsquo;Europe compte financer ces d\u00e9penses suppl\u00e9mentaires en mati\u00e8re de d\u00e9fense. Le 12 novembre, le Service russe de renseignement ext\u00e9rieur (SVR)\u00a0<a target=\"_blank\" href=\"https:\/\/francais.rt.com\/russie\/127318-baiser-d-erevan-armenie-entend-rompre-liens-economiques-moscou-raisons-politiques\">a signal\u00e9<\/a> que les pays de l&rsquo;Union europ\u00e9enne, en raison du financement du conflit ukrainien et de leur volont\u00e9 de combattre\u00a0la Russie, se trouvaient au bord d&rsquo;une crise socio-\u00e9conomique, tandis que les budgets des \u00c9tats europ\u00e9ens \u00e9taient \u00ab\u00a0vides\u00a0\u00bb.<\/p>\n<\/div>\n<p><br \/>\n<br \/><a href=\"https:\/\/francais.rt.com\/russie\/127328-moscou-voit-preparations-europe-guerre-russie-affirme-kremlin\" target=\"_blank\"\">Source link <\/a><\/p>\n","protected":false},"excerpt":{"rendered":"<p>Dans une interview accord\u00e9e le 12 novembre, le porte-parole du Kremlin, Dmitri Peskov, affirme percevoir une mont\u00e9e du militarisme en Europe et met en garde contre une pr\u00e9paration ouverte au&hellip; <\/p>\n","protected":false},"author":1,"featured_media":19283,"comment_status":"open","ping_status":"open","sticky":false,"template":"","format":"standard","meta":{"footnotes":""},"categories":[1],"tags":[],"class_list":["post-19282","post","type-post","status-publish","format-standard","has-post-thumbnail","hentry","category-non-classe"],"_links":{"self":[{"href":"https:\/\/monde25.info\/index.php\/wp-json\/wp\/v2\/posts\/19282","targetHints":{"allow":["GET"]}}],"collection":[{"href":"https:\/\/monde25.info\/index.php\/wp-json\/wp\/v2\/posts"}],"about":[{"href":"https:\/\/monde25.info\/index.php\/wp-json\/wp\/v2\/types\/post"}],"author":[{"embeddable":true,"href":"https:\/\/monde25.info\/index.php\/wp-json\/wp\/v2\/users\/1"}],"replies":[{"embeddable":true,"href":"https:\/\/monde25.info\/index.php\/wp-json\/wp\/v2\/comments?post=19282"}],"version-history":[{"count":0,"href":"https:\/\/monde25.info\/index.php\/wp-json\/wp\/v2\/posts\/19282\/revisions"}],"wp:featuredmedia":[{"embeddable":true,"href":"https:\/\/monde25.info\/index.php\/wp-json\/wp\/v2\/media\/19283"}],"wp:attachment":[{"href":"https:\/\/monde25.info\/index.php\/wp-json\/wp\/v2\/media?parent=19282"}],"wp:term":[{"taxonomy":"category","embeddable":true,"href":"https:\/\/monde25.info\/index.php\/wp-json\/wp\/v2\/categories?post=19282"},{"taxonomy":"post_tag","embeddable":true,"href":"https:\/\/monde25.info\/index.php\/wp-json\/wp\/v2\/tags?post=19282"}],"curies":[{"name":"wp","href":"https:\/\/api.w.org\/{rel}","templated":true}]}}