{"id":19284,"date":"2025-11-12T18:08:58","date_gmt":"2025-11-12T17:08:58","guid":{"rendered":"https:\/\/monde25.info\/index.php\/2025\/11\/12\/et-mon-nombril-tu-laimes-mon-nombril-par-serge-halimi-pierre-rimbert-le-monde-diplomatique-novembre-2025\/"},"modified":"2025-11-12T18:08:58","modified_gmt":"2025-11-12T17:08:58","slug":"et-mon-nombril-tu-laimes-mon-nombril-par-serge-halimi-pierre-rimbert-le-monde-diplomatique-novembre-2025","status":"publish","type":"post","link":"https:\/\/monde25.info\/index.php\/2025\/11\/12\/et-mon-nombril-tu-laimes-mon-nombril-par-serge-halimi-pierre-rimbert-le-monde-diplomatique-novembre-2025\/","title":{"rendered":"Et mon nombril, tu l\u2019aimes mon nombril ?, par Serge Halimi &#038; Pierre Rimbert (Le Monde diplomatique, novembre 2025)"},"content":{"rendered":"<p> <br \/>\n<\/p>\n<div couleurfade=\"feeae6\" couleurclaire=\"f5e7d5\" couleurpale=\"f3d0a4\" couleurmi=\"be2e0d\" couleurfoncee=\"8f2209\" couleursombre=\"2f0b03\" couleurfond=\"7c554c\" couleurtexte=\"ffffff\">\n<div class=\"spip_documents spip_documents_right\">\n\t\t\t\t\t\t\t<img loading=\"lazy\" decoding=\"async\" src=\"https:\/\/www.monde-diplomatique.fr\/\/squelettes\/images\/cavalier.png?1739526602\" alt=\"\" width=\"250\" height=\"161\"\/>\n\t\t\t\t\t\t<\/div>\n<p><span class=\"mot-lettrine\"><span class=\"lettrine\">I<\/span>l<\/span> est un domaine intellectuel o\u00f9 l\u2019excellence fran\u00e7aise, jamais \u00e9gal\u00e9e, fait toujours tomber des records\u00a0: l\u2019autopromotion. Chaque mercredi para\u00eet le <i>JDNews,<\/i> un magazine du groupe Bollor\u00e9 offert le week-end aux acheteurs du <i>Journal du dimanche.<\/i> Le 1er\u00a0octobre dernier, la direction de la r\u00e9daction avait choisi une couverture et un th\u00e8me de dossier audacieux\u00a0: \u00ab<small class=\"fine\">\u00a0<\/small>Cha\u00eene leader, audiences record, cible du syst\u00e8me\u00a0: la d\u00e9flagration CNews<small class=\"fine\">\u00a0<\/small>\u00bb \u2014 une cha\u00eene du groupe Bollor\u00e9.<\/p>\n<p>De port\u00e9e cosmique, cet \u00e9v\u00e9nement exigeait qu\u2019on le relaie \u00e0 la radio. Le m\u00eame jour, on entendit donc dans le journal matinal d\u2019Europe\u00a01 \u2014 groupe Bollor\u00e9 \u2014 cet \u00e9change entre Alexandre Le Mer, r\u00e9dacteur en chef adjoint d\u2019Europe\u00a01, et Florian Anselme, journaliste au <i>JDNews<\/i>\u00a0:<\/p>\n<p>Anselme (<i>JDNews<\/i>)\u00a0: CNews cartonne, CNews est devant.<\/p>\n<p>Le Mer (Europe\u00a01)\u00a0: Et c\u2019est un dossier complet, hein, dans le <i>JD News,<\/i> que vont d\u00e9couvrir vos lecteurs.<\/p>\n<p>Anselme (<i>JDNews<\/i>)\u00a0: Oui, d\u2019abord on a un excellent papier de Charlotte d\u2019Ornellas qui d\u00e9crypte le succ\u00e8s et la popularit\u00e9 croissants de la cha\u00eene. <i>(\u2026)<\/i><\/p>\n<p>Le Mer (Europe\u00a01)\u00a0: Bon, \u00e0 lire \u00e9galement dans ce nouveau num\u00e9ro du <i>JDNews,<\/i> une interview de Serge Nedjar, le directeur g\u00e9n\u00e9ral de CNews.<\/p>\n<p>Anselme (<i>JDNews<\/i>)\u00a0: Oui, et son interview est titr\u00e9e\u00a0: \u00ab<small class=\"fine\">\u00a0<\/small>CNews est le miroir de la soci\u00e9t\u00e9.<small class=\"fine\">\u00a0<\/small>\u00bb Et puisque sa parole est rare, on en a profit\u00e9 pour d\u00e9rouler avec lui tous les sujets qui concernent la cha\u00eene, <i>(\u2026)<\/i> la libert\u00e9 de ton et la libert\u00e9 de parole qui existent sur son antenne.<\/p>\n<p>Le Mer (Europe 1)\u00a0: Merci Florian Anselme, \u00ab<small class=\"fine\">\u00a0<\/small>La d\u00e9flagration CNews<small class=\"fine\">\u00a0<\/small>\u00bb, c\u2019est donc la \u00ab<small class=\"fine\">\u00a0<\/small>une<small class=\"fine\">\u00a0<\/small>\u00bb du <i>JDNews<\/i> cette semaine, avec des visages qui vous sont familiers, Laurence Ferrari, Sonia Mabrouk, Christine Kelly et Pascal Praud.<\/p>\n<p>Europe 1 \u2014 groupe Bollor\u00e9 \u2014 qui interviewe un journaliste du <i>JDNews,<\/i> du groupe Bollor\u00e9, pour parler d\u2019un dossier consacr\u00e9 aux succ\u00e8s de CNews, la cha\u00eene de Bollor\u00e9\u00a0: Jean de La Fontaine en e\u00fbt fait une fable.<\/p>\n<p>Ancien directeur et inamovible \u00e9ditorialiste du <i>Point,<\/i> Franz-Olivier Giesbert sait mieux que personne qu\u2019<i>\u00ab<small class=\"fine\">\u00a0<\/small>il n\u2019est meilleur ami ni parent que soi-m\u00eame<small class=\"fine\">\u00a0<\/small>\u00bb.<\/i> Lorsqu\u2019il dirigeait <i>Le Figaro,<\/i> \u00e0 la fin du si\u00e8cle dernier, il obtenait qu\u2019une quinzaine d\u2019articles diff\u00e9rents c\u00e9l\u00e8brent un de ses ouvrages\u2026 Deux semaines apr\u00e8s le sketch d\u2019autopromotion du <i>JDNews, Le Point<\/i> consacre donc sa \u00ab<small class=\"fine\">\u00a0<\/small>une<small class=\"fine\">\u00a0<\/small>\u00bb et un dossier de dix pages au nouveau livre de son \u00e9ditorialiste, dont la photo occupe toute la couverture. Cl\u00e9ment P\u00e9treault, directeur d\u00e9l\u00e9gu\u00e9 de l\u2019hebdomadaire, \u00e0 qui revient l\u2019honneur d\u2019introduire le chef-d\u2019\u0153uvre, a l\u2019honn\u00eatet\u00e9 de ne pas dissimuler sa ferveur\u00a0: <i>\u00ab<small class=\"fine\">\u00a0<\/small>On le savait intervieweur hors norme, \u00e9ditorialiste f\u00e9roce\u2026<\/i> (\u2026) <i>Sous sa plume, la France devient un personnage de roman, sublime et caboss\u00e9.<\/i> (\u2026) <i>Une le\u00e7on de vie<\/i> (\u2026).<i><small class=\"fine\">\u00a0<\/small>\u00bb<\/i><\/p>\n<p>Giesbert ayant consacr\u00e9 \u00e0 l\u2019intervieweuse-vedette du groupe Bollor\u00e9 une chronique du <i>Point<\/i> titr\u00e9e \u00ab<small class=\"fine\">\u00a0<\/small>Sonia Mabrouk pr\u00e9sidente<small class=\"fine\">\u00a0<\/small>!<small class=\"fine\">\u00a0<\/small>\u00bb (3\u00a0octobre\u00a02024), une question br\u00fble d\u00e9sormais les l\u00e8vres du Tout-Paris\u00a0: quand donc Mabrouk recevra-t-elle Giesbert pour c\u00e9l\u00e9brer son livre<small class=\"fine\">\u00a0<\/small>?<\/p>\n<\/p><\/div>\n<p><br \/>\n<br \/><a href=\"https:\/\/www.monde-diplomatique.fr\/2025\/11\/HALIMI\/68924\" target=\"_blank\"\">Source link <\/a><\/p>\n","protected":false},"excerpt":{"rendered":"<p>Il est un domaine intellectuel o\u00f9 l\u2019excellence fran\u00e7aise, jamais \u00e9gal\u00e9e, fait toujours tomber des records\u00a0: l\u2019autopromotion. Chaque mercredi para\u00eet le JDNews, un magazine du groupe Bollor\u00e9 offert le week-end aux&hellip; <\/p>\n","protected":false},"author":1,"featured_media":19285,"comment_status":"open","ping_status":"open","sticky":false,"template":"","format":"standard","meta":{"footnotes":""},"categories":[1],"tags":[],"class_list":["post-19284","post","type-post","status-publish","format-standard","has-post-thumbnail","hentry","category-non-classe"],"_links":{"self":[{"href":"https:\/\/monde25.info\/index.php\/wp-json\/wp\/v2\/posts\/19284","targetHints":{"allow":["GET"]}}],"collection":[{"href":"https:\/\/monde25.info\/index.php\/wp-json\/wp\/v2\/posts"}],"about":[{"href":"https:\/\/monde25.info\/index.php\/wp-json\/wp\/v2\/types\/post"}],"author":[{"embeddable":true,"href":"https:\/\/monde25.info\/index.php\/wp-json\/wp\/v2\/users\/1"}],"replies":[{"embeddable":true,"href":"https:\/\/monde25.info\/index.php\/wp-json\/wp\/v2\/comments?post=19284"}],"version-history":[{"count":0,"href":"https:\/\/monde25.info\/index.php\/wp-json\/wp\/v2\/posts\/19284\/revisions"}],"wp:featuredmedia":[{"embeddable":true,"href":"https:\/\/monde25.info\/index.php\/wp-json\/wp\/v2\/media\/19285"}],"wp:attachment":[{"href":"https:\/\/monde25.info\/index.php\/wp-json\/wp\/v2\/media?parent=19284"}],"wp:term":[{"taxonomy":"category","embeddable":true,"href":"https:\/\/monde25.info\/index.php\/wp-json\/wp\/v2\/categories?post=19284"},{"taxonomy":"post_tag","embeddable":true,"href":"https:\/\/monde25.info\/index.php\/wp-json\/wp\/v2\/tags?post=19284"}],"curies":[{"name":"wp","href":"https:\/\/api.w.org\/{rel}","templated":true}]}}