{"id":19286,"date":"2025-11-12T18:41:36","date_gmt":"2025-11-12T17:41:36","guid":{"rendered":"https:\/\/monde25.info\/index.php\/2025\/11\/12\/a-la-cop30-des-militants-autochtones-tentent-de-se-faire-entendre\/"},"modified":"2025-11-12T18:41:36","modified_gmt":"2025-11-12T17:41:36","slug":"a-la-cop30-des-militants-autochtones-tentent-de-se-faire-entendre","status":"publish","type":"post","link":"https:\/\/monde25.info\/index.php\/2025\/11\/12\/a-la-cop30-des-militants-autochtones-tentent-de-se-faire-entendre\/","title":{"rendered":"\u00c0 la COP30, des militants autochtones tentent de se faire entendre"},"content":{"rendered":"<p> <br \/>\n<br \/><img loading=\"lazy\" decoding=\"async\" src=\"https:\/\/reporterre.net\/local\/cache-vignettes\/L700xH467\/afp__20251111__83qg3ff__v1__highres__brazilclimatecop30un_resized-338be.jpg?1762966223\" class=\"spip_logo\" width=\"700\" height=\"467\" alt=\"\" \/><\/p>\n<p>Mardi 11\u00a0novembre, des dizaines de manifestants autochtones et leurs soutiens ont tent\u00e9 de forcer l&rsquo;entr\u00e9e de la <span class=\"caps\">COP30<\/span>, \u00e0 Bel\u00e9m, au Br\u00e9sil. Ils ont \u00e9t\u00e9 repouss\u00e9s par les agents de s\u00e9curit\u00e9, qui ont \u00e9rig\u00e9 des barricades pour bloquer l&rsquo;acc\u00e8s \u00e0 la zone bleue de la conf\u00e9rence, o\u00f9 se tiennent les d\u00e9bats entre d\u00e9l\u00e9gations. <br class=\"autobr\" \/><br \/>\n\u00ab<small class=\"fine d-inline\">\u00a0<\/small>Le mouvement autochtone voulait pr\u00e9senter ses revendications, mais on ne les a pas laiss\u00e9s entrer<small class=\"fine d-inline\">\u00a0<\/small>\u00bb, a t\u00e9moign\u00e9 \u00e0 l&rsquo;<span class=\"caps\">AFP<\/span> Jo\u00e3o Santiago, professeur \u00e0 l&rsquo;Universit\u00e9 f\u00e9d\u00e9rale du\u00a0(\u2026)<\/p>\n<p>                    <a target=\"_blank\" href=\"https:\/\/reporterre.net\/A-la-COP30-des-militants-autochtones-tentent-de-se-faire-entendre?utm_source=RSS&amp;utm_medium=RSS\">Lire la suite<\/a><\/p>\n<p>                    &#8211;<br \/>\n                        <a target=\"_blank\" href=\"https:\/\/reporterre.net\/Breves-20\" rel=\"directory\">En bref<\/a><\/p>\n<p>                    \/<br \/>\n                        <a target=\"_blank\" href=\"https:\/\/reporterre.net\/Climat-18\" rel=\"tag\">Climat <\/a><br \/>\n                    ,<br \/>\n                        <a target=\"_blank\" href=\"https:\/\/reporterre.net\/International\" rel=\"tag\">Monde<\/a><br \/>\n                    ,<br \/>\n                        <a target=\"_blank\" href=\"https:\/\/reporterre.net\/Luttes\" rel=\"tag\">Luttes<\/a><br \/>\n<br \/><br \/>\n<br \/><a href=\"https:\/\/reporterre.net\/A-la-COP30-des-militants-autochtones-tentent-de-se-faire-entendre\" target=\"_blank\"\">Source link <\/a><\/p>\n","protected":false},"excerpt":{"rendered":"<p>Mardi 11\u00a0novembre, des dizaines de manifestants autochtones et leurs soutiens ont tent\u00e9 de forcer l&rsquo;entr\u00e9e de la COP30, \u00e0 Bel\u00e9m, au Br\u00e9sil. Ils ont \u00e9t\u00e9 repouss\u00e9s par les agents de&hellip; <\/p>\n","protected":false},"author":1,"featured_media":0,"comment_status":"open","ping_status":"open","sticky":false,"template":"","format":"standard","meta":{"footnotes":""},"categories":[1],"tags":[],"class_list":["post-19286","post","type-post","status-publish","format-standard","hentry","category-non-classe"],"_links":{"self":[{"href":"https:\/\/monde25.info\/index.php\/wp-json\/wp\/v2\/posts\/19286","targetHints":{"allow":["GET"]}}],"collection":[{"href":"https:\/\/monde25.info\/index.php\/wp-json\/wp\/v2\/posts"}],"about":[{"href":"https:\/\/monde25.info\/index.php\/wp-json\/wp\/v2\/types\/post"}],"author":[{"embeddable":true,"href":"https:\/\/monde25.info\/index.php\/wp-json\/wp\/v2\/users\/1"}],"replies":[{"embeddable":true,"href":"https:\/\/monde25.info\/index.php\/wp-json\/wp\/v2\/comments?post=19286"}],"version-history":[{"count":0,"href":"https:\/\/monde25.info\/index.php\/wp-json\/wp\/v2\/posts\/19286\/revisions"}],"wp:attachment":[{"href":"https:\/\/monde25.info\/index.php\/wp-json\/wp\/v2\/media?parent=19286"}],"wp:term":[{"taxonomy":"category","embeddable":true,"href":"https:\/\/monde25.info\/index.php\/wp-json\/wp\/v2\/categories?post=19286"},{"taxonomy":"post_tag","embeddable":true,"href":"https:\/\/monde25.info\/index.php\/wp-json\/wp\/v2\/tags?post=19286"}],"curies":[{"name":"wp","href":"https:\/\/api.w.org\/{rel}","templated":true}]}}